{"id":67422,"date":"2015-07-30T11:07:27","date_gmt":"2015-07-30T09:07:27","guid":{"rendered":"http:\/\/slovaklinesmagazin.sk\/cms\/?p=67422"},"modified":"2015-07-30T11:07:27","modified_gmt":"2015-07-30T09:07:27","slug":"velka-letna-selfie-sutaz-s-travel-television-travel-tv","status":"publish","type":"post","link":"https:\/\/www.slovaklinesmagazin.sk\/cms\/2015\/07\/velka-letna-selfie-sutaz-s-travel-television-travel-tv\/","title":{"rendered":"VE\u013dK\u00c1 LETN\u00c1 SELFIE S\u00da\u0164A\u017d S TRAVEL TELEVISION (TRAVEL TV)"},"content":{"rendered":"<p>Urobte si selfie s reklamn\u00fdm autom Travel TV a vyhrajte z\u00e1jazd pre dve osoby so vstupenkami na medzin\u00e1rodn\u00fd ve\u013etrh cestovn\u00e9ho ruchu Ferien Messe 2016 vo Viedni.<\/p>\n<p>Kde na to budete ma\u0165 najbli\u017e\u0161iu pr\u00edle\u017eitos\u0165?<\/p>\n<p>30. 7. 2015\u00a0\u00a0\u00a0\u00a0 Wolfsthal \u2013 Rak\u00fasko (18:40 \u2013 19:10 hod.)<br \/>\n31. 7. 2015\u00a0\u00a0\u00a0\u00a0 \u017diar nad Hronom \u2013 Slovensko (14:30 \u2013 15:30 hod.)<br \/>\n31. 7. 2015\u00a0\u00a0\u00a0\u00a0 \u0160ahy \u2013 Slovensko (18:45 \u2013 19:15 hod.)<br \/>\n01. 8. 2015\u00a0\u00a0\u00a0\u00a0 Burgas \u2013 Bulharsko (10:00 \u2013 12:30 hod.)<br \/>\n01. 8. 2015 \u2013 08. 8. 2015\u00a0\u00a0\u00a0\u00a0 Slne\u010dn\u00e9 pobre\u017eie \u2013 Bulharsko (0:00 \u2013 24:00 hod.)<br \/>\n08. 8. 2015\u00a0\u00a0\u00a0\u00a0 Ravda \u2013 Bulharsko (9:00 \u2013 10:00 hod.)<br \/>\n08. 8. 2015\u00a0\u00a0\u00a0\u00a0 Primorsko \u2013 Bulharsko (13:00 \u2013 24:00 hod.)<br \/>\n09. 8. 2015\u00a0\u00a0\u00a0\u00a0 K\u0131rklareli \u2013 Turecko (09:00 \u2013 11:30 hod.)<br \/>\n09. 8. 2015\u00a0\u00a0\u00a0\u00a0 Edirne \u2013 Turecko (13:00 \u2013 15:30 hod.)<\/p>\n<p>A v\u0161ade po cest\u00e1ch necest\u00e1ch, dia\u013eniciach, odpo\u010d\u00edvadl\u00e1ch a hrani\u010dn\u00fdch priechodoch na danej trase.<\/p>\n<p>Ako to funguje?<\/p>\n<p>Ak v t\u00fdchto d\u0148och stretnete alebo uvid\u00edte st\u00e1\u0165 na ur\u010den\u00fdch miestach auto \u00a0telev\u00edzneho \u0161t\u00e1bu, urobte si s n\u00edm selfie a zdie\u013eajte na Facebooku s ozna\u010den\u00edm Travel Channel Slovakia na Va\u0161ej fotografii (aby sme v\u00e1s mohli zaradi\u0165 do zlosovania). \u017drebovanie zverejn\u00edme online v telev\u00edzii cestovn\u00fdch kancel\u00e1ri\u00ed a agent\u00far Travel Channel Slovakia a v\u00fdhercu budeme kontaktova\u0165.<\/p>\n<blockquote class=\"wp-embedded-content\" data-secret=\"vAJsQmcEGB\"><p><a href=\"https:\/\/www.travelchannel.sk\/velka-letna-selfie-sutaz-s-travel-tv-travel-television\/\">VE\u013dK\u00c1 LETN\u00c1 SELFIE S\u00da\u0164A\u017d S TRAVEL TELEVISION (TRAVEL TV) 2015<\/a><\/p><\/blockquote>\n<p><iframe loading=\"lazy\" class=\"wp-embedded-content\" sandbox=\"allow-scripts\" security=\"restricted\" style=\"position: absolute; clip: rect(1px, 1px, 1px, 1px);\" title=\"&#8220;VE\u013dK\u00c1 LETN\u00c1 SELFIE S\u00da\u0164A\u017d S TRAVEL TELEVISION (TRAVEL TV) 2015&#8221; &#8212; WordPress str\u00e1nka\" src=\"https:\/\/www.travelchannel.sk\/velka-letna-selfie-sutaz-s-travel-tv-travel-television\/embed\/#?secret=qU7Zods0iq#?secret=vAJsQmcEGB\" data-secret=\"vAJsQmcEGB\" width=\"600\" height=\"338\" frameborder=\"0\" marginwidth=\"0\" marginheight=\"0\" scrolling=\"no\"><\/iframe><\/p>\n<p>&nbsp;<\/p>\n","protected":false},"excerpt":{"rendered":"<p>Urobte si selfie s reklamn\u00fdm autom Travel TV a vyhrajte z\u00e1jazd pre dve osoby so vstupenkami na medzin\u00e1rodn\u00fd ve\u013etrh cestovn\u00e9ho ruchu Ferien Messe 2016 vo Viedni. Kde na to budete ma\u0165 najbli\u017e\u0161iu pr\u00edle\u017eitos\u0165? 30. 7. 2015\u00a0\u00a0\u00a0\u00a0 Wolfsthal \u2013 Rak\u00fasko (18:40 \u2013 19:10 hod.) 31. 7. 2015\u00a0\u00a0\u00a0\u00a0 \u017diar nad Hronom \u2013 Slovensko (14:30 \u2013 15:30 hod.) [&hellip;]<\/p>\n","protected":false},"author":7,"featured_media":67423,"comment_status":"closed","ping_status":"closed","sticky":false,"template":"","format":"standard","meta":{"footnotes":""},"categories":[4,13],"tags":[],"class_list":["post-67422","post","type-post","status-publish","format-standard","has-post-thumbnail","hentry","category-automobily","category-real-estate","eq-blocks"],"_links":{"self":[{"href":"https:\/\/www.slovaklinesmagazin.sk\/cms\/wp-json\/wp\/v2\/posts\/67422","targetHints":{"allow":["GET"]}}],"collection":[{"href":"https:\/\/www.slovaklinesmagazin.sk\/cms\/wp-json\/wp\/v2\/posts"}],"about":[{"href":"https:\/\/www.slovaklinesmagazin.sk\/cms\/wp-json\/wp\/v2\/types\/post"}],"author":[{"embeddable":true,"href":"https:\/\/www.slovaklinesmagazin.sk\/cms\/wp-json\/wp\/v2\/users\/7"}],"replies":[{"embeddable":true,"href":"https:\/\/www.slovaklinesmagazin.sk\/cms\/wp-json\/wp\/v2\/comments?post=67422"}],"version-history":[{"count":1,"href":"https:\/\/www.slovaklinesmagazin.sk\/cms\/wp-json\/wp\/v2\/posts\/67422\/revisions"}],"predecessor-version":[{"id":67424,"href":"https:\/\/www.slovaklinesmagazin.sk\/cms\/wp-json\/wp\/v2\/posts\/67422\/revisions\/67424"}],"wp:featuredmedia":[{"embeddable":true,"href":"https:\/\/www.slovaklinesmagazin.sk\/cms\/wp-json\/wp\/v2\/media\/67423"}],"wp:attachment":[{"href":"https:\/\/www.slovaklinesmagazin.sk\/cms\/wp-json\/wp\/v2\/media?parent=67422"}],"wp:term":[{"taxonomy":"category","embeddable":true,"href":"https:\/\/www.slovaklinesmagazin.sk\/cms\/wp-json\/wp\/v2\/categories?post=67422"},{"taxonomy":"post_tag","embeddable":true,"href":"https:\/\/www.slovaklinesmagazin.sk\/cms\/wp-json\/wp\/v2\/tags?post=67422"}],"curies":[{"name":"wp","href":"https:\/\/api.w.org\/{rel}","templated":true}]}}