{"id":67563,"date":"2015-08-12T10:08:01","date_gmt":"2015-08-12T08:08:01","guid":{"rendered":"http:\/\/slovaklinesmagazin.sk\/cms\/?p=67563"},"modified":"2015-08-12T10:34:01","modified_gmt":"2015-08-12T08:34:01","slug":"stale-bojuje-o-cas-prosim-pomozte","status":"publish","type":"post","link":"https:\/\/www.slovaklinesmagazin.sk\/cms\/2015\/08\/stale-bojuje-o-cas-prosim-pomozte\/","title":{"rendered":"St\u00e1le bojuje o \u010das &#8211; pros\u00edm pom\u00f4\u017ete !"},"content":{"rendered":"<p><strong>Mlad\u00e1 Slovenka Ivanka Dani\u0161ov\u00e1 potrebuje na jese\u0148 podst\u00fapi\u0165 druh\u00fa n\u00e1ro\u010dn\u00fa, \u017eivot zachra\u0148uj\u00facu oper\u00e1ciu. N\u00e1klady na oper\u00e1ciu i lie\u010dbu sa v\u0161ak \u0161plhaj\u00fa do v\u00fd\u0161ky neuverite\u013en\u00fdch 185-tis\u00edc dol\u00e1rov. Ivanke ost\u00e1va p\u00e1r mesiacov, no nevzd\u00e1va sa.<\/strong><\/p>\n<p style=\"text-align: center;\"><img decoding=\"async\" class=\"aligncenter\" src=\"http:\/\/slovaklinesmagazin.sk\/cms\/wp-content\/uploads\/2015\/08\/image-2-1024x768.jpeg\" alt=\"\" \/><\/p>\n<p>&nbsp;<\/p>\n<p>Ak by som mala dvoma slovami op\u00edsa\u0165 tmavovl\u00e1sku Ivanku Dani\u0161ov\u00fa, ktorej neoby\u010dajn\u00fd pr\u00edbeh pred p\u00e1r mesiacmi spoznalo cel\u00e9 Slovensko, boli by to tieto: \u201echodiaca n\u00e1dej\u201d. U\u017e kr\u00e1tko po p\u00f4rode lek\u00e1ri nad novorodeniatkom \u2013 jedn\u00fdm zo sestier troj\u010diat \u2013 vyniesli krut\u00fd ortie\u013e \u2013 do troch mesiacov zomrie. Nem\u00e1 \u0161ancu pre\u017ei\u0165. Hoci jej dve sestry Janka a Monika sa narodili zdrav\u00e9, Ivanka pri\u0161la na tento svet s\u00a0v\u00e1\u017enym a mimoriadne zriedkav\u00fdm ochoren\u00edm. Takzvan\u00fd Goldenharov syndr\u00f3m m\u00e1 mno\u017estvo r\u00f4znych poddiagn\u00f3z od r\u00e1z\u0161tepu pery, r\u00e1z\u0161tepu chrbtice a\u017e po malformitu tv\u00e1re \u2013 jednej polovice alebo oboch \u010dast\u00ed. \u013dudia s touto diagn\u00f3zou navy\u0161e od narodenia trpia v\u00e1\u017enymi ochoreniami srdca, obli\u010diek, p\u013e\u00fac \u010di onkologick\u00fdmi ochoreniami. Hoci lek\u00e1ri Ivanke ned\u00e1vali takmer \u017eiadnu n\u00e1dej na pre\u017eitie, v\u010faka nesmiernej l\u00e1ske \u010dlenov svojej rodiny a vlastnej h\u00fa\u017eevnatosti vyr\u00e1stla v dospel\u00fa mlad\u00fa \u017eenu. Vroden\u00e9 ochorenie jej v\u0161ak sp\u00f4sobilo malformitu pravej \u010dasti tv\u00e1re a narodila sa s nedovyvinut\u00fdmi lebe\u010dn\u00fdmi kos\u0165ami, ktor\u00e9 s\u00fa pritom nesmierne d\u00f4le\u017eit\u00e9 \u2013 so s\u00e1nkovou, sp\u00e1nkovou a l\u00edcnou kos\u0165ou.<\/p>\n<p>&nbsp;<\/p>\n<p>&nbsp;<\/p>\n<p style=\"text-align: center;\"><img decoding=\"async\" class=\"aligncenter\" src=\"http:\/\/slovaklinesmagazin.sk\/cms\/wp-content\/uploads\/2015\/08\/image-3-768x1024.jpeg\" alt=\"\" \/><\/p>\n<p>&nbsp;<\/p>\n<p>Ochorenie mladej \u017eene po\u0161kodilo aj srdce, trp\u00ed ojedinelou srdcovou arytmiou s\u00a0n\u00e1ro\u010dn\u00fdm priebehom a m\u00e1 za sebou 4-katetrov\u00e9 oper\u00e1cie srdca. Okrem toho prekonala ak\u00fatnu leuk\u00e9miu. Mo\u017eno si poviete \u2013 ak\u00fd \u017eivot m\u00f4\u017ee ma\u0165 \u010dlovek s tak\u00fdmto n\u00e1ro\u010dn\u00fdm ochoren\u00edm? Stoj\u00ed v\u00f4bec za to \u017ei\u0165, ke\u010f si od narodenia prech\u00e1dza doslova peklom a mus\u00ed zn\u00e1\u0161a\u0165 to\u013eko fyzickej i\u00a0psychickej bolesti? Z pozoruhodnej dvadsa\u0165osemro\u010dnej mladej \u017eeny, ktor\u00e1 sa oproti mne posad\u00ed za st\u00f4l a vr\u00facne sa usmeje, v\u0161ak vy\u017earuje tak\u00e1 pozit\u00edvna energia a rados\u0165 zo \u017eivota, ak\u00e9 ch\u00fdbaj\u00fa i\u00a0v\u00e4\u010d\u0161ine zdrav\u00fdch \u013eud\u00ed. Prekvap\u00ed ma, \u017ee navzdory \u0165a\u017ek\u00e9mu celo\u017eivotn\u00e9mu fyzick\u00e9mu postihnutiu je to vesel\u00e1, d\u00f4vtipn\u00e1 os\u00f4bka, ktor\u00e1 sa nevzdala, neopustila, ani nezatrpkla, ale odhodlane kr\u00e1\u010da za svojimi snami.<\/p>\n<p>&nbsp;<\/p>\n<p style=\"text-align: center;\"><img decoding=\"async\" class=\"aligncenter\" src=\"http:\/\/slovaklinesmagazin.sk\/cms\/wp-content\/uploads\/2015\/08\/image-6-768x1024.jpeg\" alt=\"\" \/><\/p>\n<p>Napriek tomu, \u017ee ju kedysi nechceli prija\u0165 do norm\u00e1lnej \u0161koly, preto\u017ee by vraj bola pre ostatn\u00e9 deti traumou, v\u010faka svojej nezlomnosti a odhodlaniu sa jej podarilo z\u00edska\u0165 doktor\u00e1t z pr\u00e1va a spromova\u0165 s\u00a0\u010derven\u00fdm diplomom! Ivanka Dani\u0161ov\u00e1 si toho za svoj mlad\u00fd \u017eivot vytrpela to\u013eko, \u017ee by to nesta\u010dilo ani na desa\u0165 \u017eivotov. T\u00e1to v\u00fdnimo\u010dn\u00e1 \u017eena napriek \u00faskaliam osudu miluje svoj \u017eivot a nie je ochotn\u00e1 zmieri\u0165 sa s ortie\u013eom, ktor\u00fd nad \u0148ou mnoh\u00ed vyriekli. Odkedy sa dozvedela skuto\u010dn\u00fa pravdu o svojej diagn\u00f3ze, pustila sa do vy\u010derp\u00e1vaj\u00faceho boja o svoju n\u00e1dej prostredn\u00edctvom \u017eivotne d\u00f4le\u017eitej oper\u00e1cie. Jej \u010das sa v\u0161ak kr\u00e1ti.<\/p>\n<p><strong>Ned\u00e1vali jej n\u00e1dej<\/strong><\/p>\n<p>Lek\u00e1ri dlh\u00e9 roky d\u00e1vali od Ivankinho zdravotn\u00e9ho stavu ruky pre\u010d a tvrdili, \u017ee sa s n\u00edm ned\u00e1 ni\u010d robi\u0165. A ke\u010f jej kone\u010dne odhalili skuto\u010dn\u00fa diagn\u00f3zu, vyhl\u00e1sili, \u017ee na z\u00e1chranu je neskoro. Ona sa v\u0161ak s ich z\u00e1vermi neuspokojila, tak ve\u013emi chcela \u017ei\u0165! Pustila sa do p\u00e1trania a\u00a0h\u013eadala zahrani\u010dn\u00e9 kliniky, ktor\u00e9 toto ochorenie dok\u00e1\u017eu lie\u010di\u0165. \u201eNie som typ \u010dloveka, ktor\u00fd sed\u00ed v\u00a0k\u00fate a \u013eutuje sa kv\u00f4li svojmu osudu. Ke\u010f sme s\u00a0moj\u00edm troj\u010da\u0165om Monikou na\u0161li kliniky, ktor\u00e9 by mi mohli pom\u00f4c\u0165, srdce mi plesalo \u0161\u0165ast\u00edm. No hoci ich bolo 15 na celom svete, vzh\u013eadom na m\u00f4j komplikovan\u00fd zdravotn\u00fd stav ma prijala iba jedin\u00e1, v americkom Clevelande. Toto stredisko v \u0161t\u00e1te Ohio a lek\u00e1r Gregory Lakin \u2013 v\u00fdnimo\u010dn\u00fd lek\u00e1r so srdcom na dlani, ktor\u00e9ho nesmierne obdivujem, mi v\u0161ak dali obrovsk\u00fa n\u00e1dej. T\u00e1to klinika v Clevelande vracia deti s\u00a0kraniofaci\u00e1lnymi probl\u00e9mami ako i s\u00a0Goldenharov\u00fdm syndr\u00f3mom do plnohodnotn\u00e9ho \u017eivota a\u00a0prakticky im daruje nov\u00fd \u017eivot. Po\u010das prv\u00e9ho kranofaci\u00e1lneho konz\u00edlia v okt\u00f3bri 2014 som na vlastn\u00e9 o\u010di videla, \u010do najv\u00e4\u010d\u0161ie lek\u00e1rske kapacity pre tieto deti robia.<\/p>\n<p>&nbsp;<\/p>\n<p>&nbsp;<\/p>\n<p style=\"text-align: center;\"><img decoding=\"async\" class=\"aligncenter\" src=\"http:\/\/slovaklinesmagazin.sk\/cms\/wp-content\/uploads\/2015\/08\/image-8.jpeg\" alt=\"\" \/><\/p>\n<p>&nbsp;<\/p>\n<p>Dojalo ma to slz\u00e1m. Pochopila som, \u017ee aj ja m\u00e1m n\u00e1dej,\u201d spom\u00edna Ivana. Kraniofaci\u00e1lny chirurg Gregory Lakin Ivane na konci pobytu ozn\u00e1mil spr\u00e1vu, ktor\u00e1 jej \u017eivot obr\u00e1tila naruby: \u201eM\u00e1\u0161 95 % n\u00e1dej na nov\u00fd \u017eivot. Ak sa oper\u00e1cia uskuto\u010dn\u00ed, bude\u0161 m\u00f4c\u0165 \u017ei\u0165 plnohodnotn\u00fd \u017eivot.\u201d Pozit\u00edvne stanovisko americk\u00fdch lek\u00e1rov v\u0161ak narazilo na tvrd\u00fa realitu \u2013 kraniofaci\u00e1lna oper\u00e1cia nie je mo\u017en\u00e1 bez obrovsk\u00fdch finan\u010dn\u00fdch prostriedkov, v Ivaninom pr\u00edpade i\u0161lo a\u017e o 277-tis\u00edc dol\u00e1rov. \u201eMus\u00edm toti\u017e podst\u00fapi\u0165 nie jednu, ale dve oper\u00e1cie. M\u00e1m zriedkav\u00fa anom\u00e1liu tv\u00e1rovej \u010dasti lebky a viacer\u00e9 lebe\u010dn\u00e9 kosti nie s\u00fa dostato\u010dne vyvinut\u00e9, preto nie je pre m\u0148a mo\u017en\u00e9, aby som absolvovala cel\u00fa s\u00e9riu n\u00e1ro\u010dn\u00fdch z\u00e1krokov po\u010das jedinej oper\u00e1cie. Vy\u017eaduje si t\u00edm kraniofaci\u00e1lnych chirurgov, plastick\u00fdch chirurgov, anesteziol\u00f3gov, onkolog\u00f3v, kardiol\u00f3gov, otorinolaryngol\u00f3gov a oftalmol\u00f3gov,\u201c vymen\u00fava Ivana. Prv\u00fa oper\u00e1ciu m\u00e1 \u00faspe\u0161ne za sebou, mohla ju absolvova\u0165 v\u010faka tomu, \u017ee sa jej za neuverite\u013ene kr\u00e1tky \u010das \u2013 dva mesiace \u2013 podarilo vyzbiera\u0165 95-tis\u00edc dol\u00e1rov. Podporili ju zn\u00e1me osobnosti i oby\u010dajn\u00ed \u013eudia z cel\u00e9ho Slovenska, ktor\u00fdm je za ochotu pom\u00f4c\u0165 neskuto\u010dne zaviazan\u00e1. E\u0161te v\u0161ak svoj boj o \u017eivot nevyhrala. \u010cak\u00e1 ju druh\u00e1, finan\u010dne n\u00e1ro\u010dnej\u0161ia oper\u00e1cia a\u00a0Ivana na \u0148u potrebuje \u010fal\u0161\u00edch 185-tis\u00edc dol\u00e1rov. Tieto peniaze pritom mus\u00ed nejak\u00fdm sp\u00f4sobom z\u00edska\u0165 do jesene. Je pritom nesmierne d\u00f4le\u017eit\u00e9, aby oper\u00e1cie na seba nadv\u00e4zovali v spr\u00e1vnom \u010dasovom horizonte. Po prekro\u010deni veku 28 rokov by toti\u017e nebolo mo\u017ene uskuto\u010dni\u0165 opera\u010dny zakrok kvoli komplikaciam, ktore pri tejto diagnoze ne\u010dakane vznikaju a uto\u010dia na organizmus ve\u013emi agresivne. Ivanke tak ostava u\u017e len nieko\u013eko mesiacov na zachranu \u017eivota. Situaciu e\u0161te komplikuje skuto\u010dnos\u0165, \u017ee vzh\u013eadom na jej problemy so srdcom a prekonanu leukemiu, kvoli ktorej stale podstupuje onkologicku lie\u010dbu, musi e\u0161te pred odletom do USA absolvova\u0165 operaciu srdca v IKEME v Prahe. \u201eOperacia srdca je jednou z k\u013eu\u010dovych zale\u017eitosti pred mojim odletom. Moje srdce musi zvladnu\u0165 18-hodinovu anestezu a nasledny poopera\u010dny stav. V tomto stave by to asi nebolo mo\u017ene,\u201c vysvet\u013euje mlada \u017eena.<\/p>\n<p><strong>Ak sa oper\u00e1cia uskuto\u010dn\u00ed<\/strong><\/p>\n<p>Ak sa v\u0161ak prihodi zazrak, Ivanke sa podari nazbiera\u0165 nevyhnutne finan\u010dne prostriedky a uspe\u0161ne podstupi\u0165 druhu operaciu, jej \u017eivot sa oto\u010di o 180 stup\u0148ov. \u201eNebudem u\u017e v\u00a0ohrozeni \u017eivota, preto\u017ee budem ma\u0165 mimoriadne dole\u017eitu sankovu kos\u0165, spankovu kos\u0165 a\u00a0licnu kos\u0165. Zdravy \u010dlovek si neuvedomuje, aka je to vzacnos\u0165. Pre m\u0148a to v\u0161ak znamena vrchol \u0161\u0165astia. Vy\u0161e 27 rokov som si musela neustale dava\u0165 obrovsky pozor. Na jednu stranu som nikdy ni\u010d nepo\u010dula, nemohla som aktivne \u0161portova\u0165. Po\u010das chripky som kvoli nevyvinutemu zvukovodu zaka\u017edym pre\u017eivala krute bolesti ucha. Vytrpela som si va\u017ene komplikacie po\u010das boja s leuk\u00e9miou, m\u00e1m srdcov\u00fa arytmiu a neust\u00e1le ohrozen\u00fa imunitu. A predstavte si, ak\u00e9 by to bolo \u017ei\u0165 bez s\u00e1nkovej \u010di l\u00edcnej kosti. Presne to je moj\u00edm ka\u017edodenn\u00fdm chleb\u00ed\u010dkom,\u201d hovor\u00ed smutne Ivanka. Dod\u00e1va, \u017ee na klinike v Clevelande maj\u00fa aj skvel\u00fdch \u0161pecialistov na lie\u010dbu leuk\u00e9mie v spojitosti s\u00a0Goldenharov\u00fdm syndr\u00f3mom, a preto ver\u00ed, \u017ee v\u010faka nim svoju bitku nakoniec vyhr\u00e1. \u201eNad alternat\u00edvou, \u017ee by nemalo d\u00f4js\u0165 k tejto druhej \u017eivotne d\u00f4le\u017eitej oper\u00e1cii ani neuva\u017eujem. Nem\u00e1m na tak\u00e9to my\u0161lienky \u010das, za svoju n\u00e1dej skuto\u010dne bojujem a svojmu snu venujem cel\u00e9 hodiny driny,\u201c hovor\u00ed Ivanka odhodlane. \u201eUvedomujem si, \u017ee mi to uber\u00e1 sily. Pracujem po nociach, uprostred noci mus\u00edm komunikova\u0165 s\u00a0lek\u00e1rmi v Amerike, sna\u017e\u00edm sa pos\u00fava\u0165 \u010falej kampa\u0148 a zbierku, ktor\u00fa som vytvorila na podporu det\u00ed s Goldenharov\u00fdm syndr\u00f3mom a svoju vlastn\u00fa z\u00e1chranu. Popritom podstupujem onkologick\u00fa lie\u010dbu a mor\u00edm sa so srdcov\u00fdmi probl\u00e9mami,\u201d hovor\u00ed a ja \u017easnem, odkia\u013e sa v krehkom usmievavom diev\u010dati berie to\u013eko sily a odhodlania. Mohla by posl\u00fa\u017ei\u0165 ako vzor pre to\u013ek\u00fdch in\u00fdch \u013eud\u00ed, ktor\u00ed sa vzdali pri ove\u013ea menej z\u00e1va\u017en\u00fdch probl\u00e9moch.<\/p>\n<p>&nbsp;<\/p>\n<p style=\"text-align: center;\"><img decoding=\"async\" class=\"aligncenter\" src=\"http:\/\/slovaklinesmagazin.sk\/cms\/wp-content\/uploads\/2015\/08\/image-7-768x1024.jpeg\" alt=\"\" \/><\/p>\n<p><strong>Pom\u00e1ha i druh\u00fdm<\/strong><\/p>\n<p>O Goldenharovom syndr\u00f3me sa u n\u00e1s nehovor\u00ed, o ochoren\u00ed sa ve\u013ea nevie. A to aj napriek tomu, \u017ee na na\u0161om malom Slovensku \u017eije a\u017e 15 det\u00ed s t\u00fdmto z\u00e1va\u017en\u00fdm ochoren\u00edm. \u201ePriestor na \u00fazem\u00ed Slovenskej republiky nie je v\u00f4bec prisp\u00f4soben\u00fd na to, aby mala spolo\u010dnos\u0165 z\u00e1ujem podie\u013ea\u0165 sa na z\u00e1chrane t\u00fdchto det\u00ed,\u201d tvrd\u00ed Ivanka. Dod\u00e1va, \u017ee pritom najkraj\u0161ie, \u010do m\u00f4\u017eu \u013eudia de\u0165om s Goldenharov\u00fdm syndr\u00f3mom venova\u0165, je pr\u00e1ve ochota pom\u00f4c\u0165. Ivana pr\u00e1ve preto nebojuje iba za z\u00e1chranu vlastn\u00e9ho \u017eivota, ale aj za to, aby sa o tomto ochoren\u00ed a t\u00fdch, ktor\u00ed n\u00edm trpia, za\u010dalo hovori\u0165 nahlas. Preto\u017ee tieto deti nie s\u00fa ods\u00faden\u00e9 na \u017eivot podobaj\u00faci sa na peklo, ale maj\u00fa n\u00e1dej na norm\u00e1lny \u017eivot. A tak vznikla kampa\u0148 \u201eRainbow for Ivanka\u201d. Ako Ivanka hovor\u00ed, nie je to iba o nej, ale o n\u00e1s v\u0161etk\u00fdch. Toto ochorenie lek\u00e1ri nevedia po\u010das tehotenstva odhali\u0165 a die\u0165a s t\u00fdmto syndr\u00f3mom sa m\u00f4\u017ee narodi\u0165 ktor\u00fdmko\u013evek rodi\u010dom. Teda aj v\u00e1m. Ivanka za svoj najv\u00e4\u010d\u0161\u00ed \u017eivotn\u00fd \u00faspech pova\u017euje to, \u017ee na\u0161la silu a odhodlanie bojova\u0165 so svojou diagn\u00f3zou a vie sa te\u0161i\u0165 z mali\u010dkost\u00ed, ktor\u00fdmi ju \u017eivot obdar\u00fava. \u201ePochopila som, \u017ee iba ja m\u00e1m v ruk\u00e1ch rozhodnutie, ak\u00fd osud ma \u010dak\u00e1 \u2013 \u010di sa vzd\u00e1m a rezignujem, alebo sa vzopriem okolnostiam a p\u00f4jdem vpred na pln\u00fd plyn, aby sa zo m\u0148a stala \u00faspe\u0161n\u00e1 \u017eena, ktor\u00e1 pom\u00f4\u017ee nielen sebe, ale aj ostatn\u00fdm de\u0165om s rovnak\u00fdm osudom. Te\u0161\u00edm sa, \u017ee som aspo\u0148 trochu dodala vietor do plachiet rodi\u010dom, ktor\u00fdch deti maj\u00fa rovnak\u00e9 ochorenie ako ja,\u201d uzatv\u00e1ra a m\u0148a sa zmoc\u0148uje pocit, \u017ee hlas tejto mladej \u017eeny je pre na\u0161u spolo\u010dnos\u0165 nesmierne d\u00f4le\u017eit\u00fd. Mal by znie\u0165 aj na\u010falej, nesmie sa na jese\u0148 vytrati\u0165. A my by sme ho mali po\u010d\u00fava\u0165.<\/p>\n<h3><strong>Ako m\u00f4\u017eete Ivanke pom\u00f4c\u0165?<\/strong><\/h3>\n<p>&nbsp;<\/p>\n<p>[h2]<\/p>\n<p>Zaslan\u00edm darcovskej spr\u00e1vy SMS na \u010d\u00edslo 800 v sieti v\u0161etk\u00fdch mobiln\u00fdch oper\u00e1torov v hodnote 4 eur\u00e1, kde cel\u00fd v\u00fdnos ide do zbierky.<\/p>\n<p>Do textu SMS je potrebn\u00e9 nap\u00edsa\u0165 GOLD, aby bolo mo\u017en\u00e9 SMS identifikova\u0165.<\/p>\n<p>alebo<\/p>\n<p>Poslan\u00edm\/vlo\u017een\u00edm \u013eubovo\u013en\u00e9ho pr\u00edspevku na osobitn\u00fd bankov\u00fd \u00fa\u010det zbierky 222 200 200\/0900 (Slovensk\u00e1 sporite\u013e\u0148a, a.s.), variabiln\u00fd symbol: 13 640, do pozn\u00e1mky sa m\u00f4\u017ee uvies\u0165 &#8222;GOLD&#8220;.<\/p>\n<p>Zbierku zastre\u0161uje Hodina de\u0165om a je povolen\u00e1 rozhodnut\u00edm<\/p>\n<p>Ministerstva vn\u00fatra \u010d. SVS-OVS3-2014\/021271, registrov\u00e9 \u010d\u00edslo zbierky je 000-2014-021271.<\/p>\n<p>[\/h2]<\/p>\n<p>&nbsp;<\/p>\n<h6>Pre In Drive Magaz\u00edn pripravila Barbora Daxner.<\/h6>\n<p>&nbsp;<\/p>\n<p>&nbsp;<\/p>\n","protected":false},"excerpt":{"rendered":"<p>Mlad\u00e1 Slovenka Ivanka Dani\u0161ov\u00e1 potrebuje na jese\u0148 podst\u00fapi\u0165 druh\u00fa n\u00e1ro\u010dn\u00fa, \u017eivot zachra\u0148uj\u00facu oper\u00e1ciu. N\u00e1klady na oper\u00e1ciu i lie\u010dbu sa v\u0161ak \u0161plhaj\u00fa do v\u00fd\u0161ky neuverite\u013en\u00fdch 185-tis\u00edc dol\u00e1rov. Ivanke ost\u00e1va p\u00e1r mesiacov, no nevzd\u00e1va sa. &nbsp; Ak by som mala dvoma slovami op\u00edsa\u0165 tmavovl\u00e1sku Ivanku Dani\u0161ov\u00fa, ktorej neoby\u010dajn\u00fd pr\u00edbeh pred p\u00e1r mesiacmi spoznalo cel\u00e9 Slovensko, boli by [&hellip;]<\/p>\n","protected":false},"author":7,"featured_media":67564,"comment_status":"closed","ping_status":"closed","sticky":false,"template":"","format":"standard","meta":{"footnotes":""},"categories":[7,45,5,44],"tags":[],"class_list":["post-67563","post","type-post","status-publish","format-standard","has-post-thumbnail","hentry","category-health","category-nas-tip","category-celebrity-magazine","category-zdravie","eq-blocks"],"_links":{"self":[{"href":"https:\/\/www.slovaklinesmagazin.sk\/cms\/wp-json\/wp\/v2\/posts\/67563","targetHints":{"allow":["GET"]}}],"collection":[{"href":"https:\/\/www.slovaklinesmagazin.sk\/cms\/wp-json\/wp\/v2\/posts"}],"about":[{"href":"https:\/\/www.slovaklinesmagazin.sk\/cms\/wp-json\/wp\/v2\/types\/post"}],"author":[{"embeddable":true,"href":"https:\/\/www.slovaklinesmagazin.sk\/cms\/wp-json\/wp\/v2\/users\/7"}],"replies":[{"embeddable":true,"href":"https:\/\/www.slovaklinesmagazin.sk\/cms\/wp-json\/wp\/v2\/comments?post=67563"}],"version-history":[{"count":4,"href":"https:\/\/www.slovaklinesmagazin.sk\/cms\/wp-json\/wp\/v2\/posts\/67563\/revisions"}],"predecessor-version":[{"id":67573,"href":"https:\/\/www.slovaklinesmagazin.sk\/cms\/wp-json\/wp\/v2\/posts\/67563\/revisions\/67573"}],"wp:featuredmedia":[{"embeddable":true,"href":"https:\/\/www.slovaklinesmagazin.sk\/cms\/wp-json\/wp\/v2\/media\/67564"}],"wp:attachment":[{"href":"https:\/\/www.slovaklinesmagazin.sk\/cms\/wp-json\/wp\/v2\/media?parent=67563"}],"wp:term":[{"taxonomy":"category","embeddable":true,"href":"https:\/\/www.slovaklinesmagazin.sk\/cms\/wp-json\/wp\/v2\/categories?post=67563"},{"taxonomy":"post_tag","embeddable":true,"href":"https:\/\/www.slovaklinesmagazin.sk\/cms\/wp-json\/wp\/v2\/tags?post=67563"}],"curies":[{"name":"wp","href":"https:\/\/api.w.org\/{rel}","templated":true}]}}