{"id":67594,"date":"2015-08-12T13:50:25","date_gmt":"2015-08-12T11:50:25","guid":{"rendered":"http:\/\/slovaklinesmagazin.sk\/cms\/?p=67594"},"modified":"2015-08-12T14:19:55","modified_gmt":"2015-08-12T12:19:55","slug":"otvor-si-svoj-plzensky-raj-a-najdi-odpoved-na-otazku-zo-sutaze","status":"publish","type":"post","link":"https:\/\/www.slovaklinesmagazin.sk\/cms\/2015\/08\/otvor-si-svoj-plzensky-raj-a-najdi-odpoved-na-otazku-zo-sutaze\/","title":{"rendered":"Otvor si svoj plzensk\u00fd raj!"},"content":{"rendered":"<p>A n\u00e1jdi odpove\u010f na ot\u00e1zku zo s\u00fa\u0165a\u017ee.<\/p>\n<p>&nbsp;<\/p>\n<p style=\"text-align: center;\">Eur\u00f3pske hlavn\u00e9 mesto umenia, dizajnu, architekt\u00fary&#8230;<\/p>\n<p><img decoding=\"async\" class=\"aligncenter\" src=\"http:\/\/slovaklinesmagazin.sk\/cms\/wp-content\/uploads\/2015\/08\/Plze\u0148-logo-e1439379865558.png\" alt=\"\" \/><\/p>\n<p>Plze\u0148 je mestom priemyslu a piva, ale aj mestom, ktor\u00e9 pre rok 2015 z\u00edskalo prest\u00ed\u017eny titul Eur\u00f3pske hlavn\u00e9 mesto kult\u00fary. Predstav\u00ed sa ako hostite\u013e \u0161pi\u010dkov\u00fdch umelcov, aj ako skryt\u00fd poklad pre n\u00e1v\u0161tevn\u00edkov mesta, ktor\u00ed bud\u00fa m\u00f4c\u0165 objavova\u0165 pr\u00edbehy spojen\u00e9 s architekt\u00farou, historick\u00fdmi udalos\u0165ami alebo priemyseln\u00fdmi are\u00e1lmi.<\/p>\n<p><strong>V\u00fdber z programu Eur\u00f3pskeho hlavn\u00e9ho mesta kult\u00fary 2015<\/strong><\/p>\n<p><strong>Sez\u00f3na nov\u00e9ho cirkusu<br \/>\n<\/strong><em>(23. janu\u00e1ra \u2013 4. decembra 2015)<\/em><\/p>\n<p>V\u00fdber toho najlep\u0161ieho, \u010do sa deje v\u00a0s\u00fa\u010dasnom svete nov\u00e9ho cirkusu, popredn\u00e9 s\u00fabory z\u00a0celej Eur\u00f3py, po vyst\u00fapen\u00ed Davida Dimitriho, Cirque Trottola, PSiRC \u010di MagdaClan sa v \u0161apit\u00f3 na r\u00f4znych miestach Plzne predstavia skupiny Cirque A\u00eftal, Akoreacro, Dae Men a La Putyka.<\/p>\n<p><strong>9 t\u00fd\u017ed\u0148ov baroka<br \/>\n<\/strong><em>(29. j\u00fana \u2013 30. augusta 2015)<\/em><\/p>\n<p>V\u00f4ne, chute, hudba, pamiatky, obrazy a\u00a0krajina baroka na v\u00e1s \u010dakaj\u00fa v 9 letn\u00fdch t\u00fd\u017ed\u0148och od 29. j\u00fana v 9 oblastiach Plzensk\u00e9ho kraja. Festival 9 t\u00fd\u017ed\u0148ov baroka poz\u00fdva na ka\u017edodenn\u00fd program po\u010das cel\u00fdch 63 dn\u00ed v 63 lokalit\u00e1ch z\u00e1padn\u00fdch \u010ciech. N\u00e1v\u0161tevn\u00edkov \u010dakaj\u00fa Barokov\u00e9 noci s dobov\u00fdmi oh\u0148ostrojmi, vrcholn\u00e9 hudobn\u00e9 produkcie, s\u00fa\u010dasn\u00e9 i dobov\u00e9 jarmoky, koncerty v kostoloch, komunitn\u00e9 akcie v krajine, o\u017eiven\u00e9 prehliadky v barokov\u00fdch z\u00e1mkoch, komentovan\u00e9 prehliadky miest.<\/p>\n<p><strong>\u017div\u00e1 ulica<br \/>\n<\/strong><em>(10. \u2013 23. augusta 2015)<\/em><\/p>\n<p>N\u00e1v\u0161tevn\u00edci multi\u017e\u00e1nrov\u00e9ho festivalu v\u00a0centre mesta sa m\u00f4\u017eu op\u00e4\u0165 te\u0161i\u0165 na popoludnie a\u00a0ve\u010dery pln\u00e9 hudby, divadla a bohat\u00e9ho sprievodn\u00e9ho programu.<\/p>\n<p><strong>Obrie b\u00e1bky v\u00a0Plzni<br \/>\n<\/strong><em>(28. \u2013 30. augusta 2015)<\/em><\/p>\n<p>Jedine\u010dn\u00e9 predstavenie pln\u00e9 snov\u00fdch obr\u00edch b\u00e1bok, origin\u00e1lnej hudby, prepracovanej akrobacie a ve\u013ek\u00e9ho svietenia v r\u00e1mci festivalu <strong>Skupova Plze\u0148 2015<\/strong>. Predstavenie La Nina, kde b\u00e1bky \u0161panielskej skupiny Carros de Foc premenia centrum Plzne na divadeln\u00e9 javisko.<\/p>\n<p style=\"text-align: center;\"><img decoding=\"async\" class=\"aligncenter\" src=\"http:\/\/slovaklinesmagazin.sk\/cms\/wp-content\/uploads\/2015\/08\/\u00fcguila-Sophia-4.jpg\" alt=\"\" \/><br \/>\n<img decoding=\"async\" class=\"aligncenter\" src=\"http:\/\/slovaklinesmagazin.sk\/cms\/wp-content\/uploads\/2015\/08\/\u00fcguila-Sophia-3.jpg\" alt=\"\" \/><\/p>\n<p style=\"text-align: center;\"><img decoding=\"async\" class=\"aligncenter\" src=\"http:\/\/slovaklinesmagazin.sk\/cms\/wp-content\/uploads\/2015\/08\/\u00fcguila-Sophia-1.jpg\" alt=\"\" \/><\/p>\n<p style=\"text-align: center;\"><img decoding=\"async\" class=\"aligncenter\" src=\"http:\/\/slovaklinesmagazin.sk\/cms\/wp-content\/uploads\/2015\/08\/MG_4246bis.jpg\" alt=\"\" \/><\/p>\n<p><strong>Unik\u00e1tne v\u00fdstavy<\/strong><\/p>\n<p><strong>Kreat\u00edvna z\u00f3na DEPO2015<br \/>\n<\/strong>V b\u00fdvalom objekte depa dopravn\u00fdch podnikov na brehu Radbuzy vznik\u00e1 kreat\u00edvna z\u00f3na DEPO2015. DEPO2015 hos\u0165uje v\u00fdstavy, koncerty, divadeln\u00e9 predstavenia, ale je predov\u0161etk\u00fdm miestom, kde kult\u00fara vznik\u00e1 a kde kreat\u00edvci a umelci dost\u00e1vaj\u00fa priestor tvori\u0165, vzdel\u00e1va\u0165 sa a in\u0161pirova\u0165 sa jeden od druh\u00e9ho.<\/p>\n<p><strong>Gottfried Lindauer<br \/>\n<\/strong><em>(6. m\u00e1ja \u2013 20. septembra 2015)<\/em><\/p>\n<p>Maliar a rod\u00e1k z Plzne sa presl\u00e1vil portr\u00e9tmi Maorov, ktor\u00e9 ma\u013eoval po tom, \u010do sa spolu s\u00a0v\u00e4\u010d\u0161inou obyvate\u013eov Stodu presunul na konci 19. storo\u010dia na Nov\u00fd Z\u00e9land.<\/p>\n<p><strong>Interi\u00e9ry Adolfa Loose<br \/>\n<\/strong><em>(Po\u010das cel\u00e9ho roka 2015)<\/em><\/p>\n<p>Svetozn\u00e1my architekt \u010desk\u00e9ho p\u00f4vodu Adolf Loos navrhol v Plzni viac ako desiatku funkcionalistick\u00fdch bytov\u00fdch interi\u00e9rov, z ktor\u00fdch \u010das\u0165 bude v priebehu roku 2015 spr\u00edstupnen\u00e1 verejnosti.<\/p>\n","protected":false},"excerpt":{"rendered":"<p>A n\u00e1jdi odpove\u010f na ot\u00e1zku zo s\u00fa\u0165a\u017ee. &nbsp; Eur\u00f3pske hlavn\u00e9 mesto umenia, dizajnu, architekt\u00fary&#8230; Plze\u0148 je mestom priemyslu a piva, ale aj mestom, ktor\u00e9 pre rok 2015 z\u00edskalo prest\u00ed\u017eny titul Eur\u00f3pske hlavn\u00e9 mesto kult\u00fary. Predstav\u00ed sa ako hostite\u013e \u0161pi\u010dkov\u00fdch umelcov, aj ako skryt\u00fd poklad pre n\u00e1v\u0161tevn\u00edkov mesta, ktor\u00ed bud\u00fa m\u00f4c\u0165 objavova\u0165 pr\u00edbehy spojen\u00e9 s architekt\u00farou, [&hellip;]<\/p>\n","protected":false},"author":7,"featured_media":67596,"comment_status":"closed","ping_status":"closed","sticky":false,"template":"","format":"standard","meta":{"footnotes":""},"categories":[1],"tags":[],"class_list":["post-67594","post","type-post","status-publish","format-standard","has-post-thumbnail","hentry","category-nezaradene","eq-blocks"],"_links":{"self":[{"href":"https:\/\/www.slovaklinesmagazin.sk\/cms\/wp-json\/wp\/v2\/posts\/67594","targetHints":{"allow":["GET"]}}],"collection":[{"href":"https:\/\/www.slovaklinesmagazin.sk\/cms\/wp-json\/wp\/v2\/posts"}],"about":[{"href":"https:\/\/www.slovaklinesmagazin.sk\/cms\/wp-json\/wp\/v2\/types\/post"}],"author":[{"embeddable":true,"href":"https:\/\/www.slovaklinesmagazin.sk\/cms\/wp-json\/wp\/v2\/users\/7"}],"replies":[{"embeddable":true,"href":"https:\/\/www.slovaklinesmagazin.sk\/cms\/wp-json\/wp\/v2\/comments?post=67594"}],"version-history":[{"count":2,"href":"https:\/\/www.slovaklinesmagazin.sk\/cms\/wp-json\/wp\/v2\/posts\/67594\/revisions"}],"predecessor-version":[{"id":67600,"href":"https:\/\/www.slovaklinesmagazin.sk\/cms\/wp-json\/wp\/v2\/posts\/67594\/revisions\/67600"}],"wp:featuredmedia":[{"embeddable":true,"href":"https:\/\/www.slovaklinesmagazin.sk\/cms\/wp-json\/wp\/v2\/media\/67596"}],"wp:attachment":[{"href":"https:\/\/www.slovaklinesmagazin.sk\/cms\/wp-json\/wp\/v2\/media?parent=67594"}],"wp:term":[{"taxonomy":"category","embeddable":true,"href":"https:\/\/www.slovaklinesmagazin.sk\/cms\/wp-json\/wp\/v2\/categories?post=67594"},{"taxonomy":"post_tag","embeddable":true,"href":"https:\/\/www.slovaklinesmagazin.sk\/cms\/wp-json\/wp\/v2\/tags?post=67594"}],"curies":[{"name":"wp","href":"https:\/\/api.w.org\/{rel}","templated":true}]}}