{"id":67697,"date":"2015-08-17T23:00:06","date_gmt":"2015-08-17T21:00:06","guid":{"rendered":"http:\/\/slovaklinesmagazin.sk\/cms\/?p=67697"},"modified":"2015-08-17T23:01:19","modified_gmt":"2015-08-17T21:01:19","slug":"sharon-odhalila-telo-aj-dusu","status":"publish","type":"post","link":"https:\/\/www.slovaklinesmagazin.sk\/cms\/2015\/08\/sharon-odhalila-telo-aj-dusu\/","title":{"rendered":"Sharon odhalila telo aj du\u0161u"},"content":{"rendered":"<p><span lang=\"SK\">Cel\u00e9 gener\u00e1cie sledovali so zatajen\u00fdm dychom ako si Sharon Stone v\u00a0Z\u00e1kladnom in\u0161tinkte preklad\u00e1 nohu cez nohu. Vtedy pracovala fant\u00e1zia naplno a\u00a0ka\u017ed\u00fd si predstavoval, \u010do asi zvodn\u00e1 here\u010dka schov\u00e1va pod suk\u0148ou. Dnes, ke\u010f m\u00e1 Sharon u\u017e 57-rokov, nenechala ni\u010d na fant\u00e1ziu a\u00a0pre Harper\u2019s Bazaar uk\u00e1zal takmer v\u0161etko zo svojho ve\u013emi zachoval\u00e9ho tela. Na \u010diernobielych sn\u00edmkach fotografa Marka Abrahamsa v\u00fdzer\u00e1 \u00fa\u017easne aj v\u00a0pokro\u010dilom veku. Okrem tela obna\u017eila americk\u00e1 hviezda aj svoju du\u0161u a\u00a0prezradila aj svoje pocity, ke\u010f jej v\u00a0roku 2011 \u017eivot zmenilo krv\u00e1canie do mozgu. <\/span><\/p>\n<p><a href=\"http:\/\/slovaklinesmagazin.sk\/cms\/wp-content\/uploads\/2015\/08\/213.jpg\"><img decoding=\"async\" class=\"alignnone\" src=\"http:\/\/slovaklinesmagazin.sk\/cms\/wp-content\/uploads\/2015\/08\/213.jpg\" alt=\"2\" \/><\/a> <a href=\"http:\/\/slovaklinesmagazin.sk\/cms\/wp-content\/uploads\/2015\/08\/310.jpg\"><img decoding=\"async\" class=\"alignnone\" src=\"http:\/\/slovaklinesmagazin.sk\/cms\/wp-content\/uploads\/2015\/08\/310.jpg\" alt=\"3\" \/><\/a><\/p>\n<p>Foto: Mark Abrahams<\/p>\n","protected":false},"excerpt":{"rendered":"<p>Cel\u00e9 gener\u00e1cie sledovali so zatajen\u00fdm dychom ako si Sharon Stone v\u00a0Z\u00e1kladnom in\u0161tinkte preklad\u00e1 nohu cez nohu. Vtedy pracovala fant\u00e1zia naplno a\u00a0ka\u017ed\u00fd si predstavoval, \u010do asi zvodn\u00e1 here\u010dka schov\u00e1va pod suk\u0148ou. Dnes, ke\u010f m\u00e1 Sharon u\u017e 57-rokov, nenechala ni\u010d na fant\u00e1ziu a\u00a0pre Harper\u2019s Bazaar uk\u00e1zal takmer v\u0161etko zo svojho ve\u013emi zachoval\u00e9ho tela. Na \u010diernobielych sn\u00edmkach fotografa [&hellip;]<\/p>\n","protected":false},"author":9,"featured_media":67698,"comment_status":"closed","ping_status":"closed","sticky":false,"template":"","format":"standard","meta":{"footnotes":""},"categories":[48],"tags":[],"class_list":["post-67697","post","type-post","status-publish","format-standard","has-post-thumbnail","hentry","category-umenie-a-kultura","eq-blocks"],"_links":{"self":[{"href":"https:\/\/www.slovaklinesmagazin.sk\/cms\/wp-json\/wp\/v2\/posts\/67697","targetHints":{"allow":["GET"]}}],"collection":[{"href":"https:\/\/www.slovaklinesmagazin.sk\/cms\/wp-json\/wp\/v2\/posts"}],"about":[{"href":"https:\/\/www.slovaklinesmagazin.sk\/cms\/wp-json\/wp\/v2\/types\/post"}],"author":[{"embeddable":true,"href":"https:\/\/www.slovaklinesmagazin.sk\/cms\/wp-json\/wp\/v2\/users\/9"}],"replies":[{"embeddable":true,"href":"https:\/\/www.slovaklinesmagazin.sk\/cms\/wp-json\/wp\/v2\/comments?post=67697"}],"version-history":[{"count":2,"href":"https:\/\/www.slovaklinesmagazin.sk\/cms\/wp-json\/wp\/v2\/posts\/67697\/revisions"}],"predecessor-version":[{"id":67702,"href":"https:\/\/www.slovaklinesmagazin.sk\/cms\/wp-json\/wp\/v2\/posts\/67697\/revisions\/67702"}],"wp:featuredmedia":[{"embeddable":true,"href":"https:\/\/www.slovaklinesmagazin.sk\/cms\/wp-json\/wp\/v2\/media\/67698"}],"wp:attachment":[{"href":"https:\/\/www.slovaklinesmagazin.sk\/cms\/wp-json\/wp\/v2\/media?parent=67697"}],"wp:term":[{"taxonomy":"category","embeddable":true,"href":"https:\/\/www.slovaklinesmagazin.sk\/cms\/wp-json\/wp\/v2\/categories?post=67697"},{"taxonomy":"post_tag","embeddable":true,"href":"https:\/\/www.slovaklinesmagazin.sk\/cms\/wp-json\/wp\/v2\/tags?post=67697"}],"curies":[{"name":"wp","href":"https:\/\/api.w.org\/{rel}","templated":true}]}}