{"id":67909,"date":"2015-08-25T19:18:38","date_gmt":"2015-08-25T17:18:38","guid":{"rendered":"http:\/\/slovaklinesmagazin.sk\/cms\/?p=67909"},"modified":"2015-08-25T19:18:38","modified_gmt":"2015-08-25T17:18:38","slug":"paralelny-svet","status":"publish","type":"post","link":"https:\/\/www.slovaklinesmagazin.sk\/cms\/2015\/08\/paralelny-svet\/","title":{"rendered":"Paraleln\u00fd svet"},"content":{"rendered":"<p><span lang=\"SK\">Rozsiahle kalu\u017ee, ktor\u00e9 vznikn\u00fa po v\u00fddatnom lejaku , nie s\u00fa u\u00a0chodcov ve\u013emi ob\u013e\u00faben\u00e9. Hlavne v\u00a0pr\u00edpade, ke\u010f v\u00e1s da\u017e\u010fovou vodou ostrieka prech\u00e1dzaj\u00face auto. S\u00fa v\u0161ak aj pr\u00edpady, kedy ml\u00e1ky p\u00f4sobia ve\u013emi esteticky a\u00a0daj\u00fa mestu doslova nov\u00fd rozmer.\u00a0 Jeden \u201e ml\u00e1kov\u00fd nad\u0161enec\u201c, ktor\u00fd si na Instagrame hovor\u00ed Guigurui , so svojim smartphonom r\u00e1d fot\u00ed paraleln\u00fd svet, ktor\u00fd vznikne po da\u017edi v\u00a0uliciach mesta. Ak m\u00e1te umeleck\u00fa du\u0161u, m\u00f4\u017eete vytvori\u0165 podobn\u00e9 obr\u00e1zky aj vy. <\/span><\/p>\n<p><a href=\"http:\/\/slovaklinesmagazin.sk\/cms\/wp-content\/uploads\/2015\/08\/158.jpg\"><img decoding=\"async\" class=\"alignnone\" src=\"http:\/\/slovaklinesmagazin.sk\/cms\/wp-content\/uploads\/2015\/08\/158.jpg\" alt=\"1\" \/><\/a> <a href=\"http:\/\/slovaklinesmagazin.sk\/cms\/wp-content\/uploads\/2015\/08\/225.jpg\"><img decoding=\"async\" class=\"alignnone\" src=\"http:\/\/slovaklinesmagazin.sk\/cms\/wp-content\/uploads\/2015\/08\/225.jpg\" alt=\"2\" \/><\/a> <a href=\"http:\/\/slovaklinesmagazin.sk\/cms\/wp-content\/uploads\/2015\/08\/320.jpg\"><img decoding=\"async\" class=\"alignnone\" src=\"http:\/\/slovaklinesmagazin.sk\/cms\/wp-content\/uploads\/2015\/08\/320.jpg\" alt=\"3\" \/><\/a> <a href=\"http:\/\/slovaklinesmagazin.sk\/cms\/wp-content\/uploads\/2015\/08\/419.jpg\"><img decoding=\"async\" class=\"alignnone\" src=\"http:\/\/slovaklinesmagazin.sk\/cms\/wp-content\/uploads\/2015\/08\/419.jpg\" alt=\"4\" \/><\/a> <a href=\"http:\/\/slovaklinesmagazin.sk\/cms\/wp-content\/uploads\/2015\/08\/519.jpg\"><img decoding=\"async\" class=\"alignnone\" src=\"http:\/\/slovaklinesmagazin.sk\/cms\/wp-content\/uploads\/2015\/08\/519.jpg\" alt=\"5\" \/><\/a> <a href=\"http:\/\/slovaklinesmagazin.sk\/cms\/wp-content\/uploads\/2015\/08\/617.jpg\"><img decoding=\"async\" class=\"alignnone\" src=\"http:\/\/slovaklinesmagazin.sk\/cms\/wp-content\/uploads\/2015\/08\/617.jpg\" alt=\"6\" \/><\/a> <a href=\"http:\/\/slovaklinesmagazin.sk\/cms\/wp-content\/uploads\/2015\/08\/717.jpg\"><img decoding=\"async\" class=\"alignnone\" src=\"http:\/\/slovaklinesmagazin.sk\/cms\/wp-content\/uploads\/2015\/08\/717.jpg\" alt=\"7\" \/><\/a> <a href=\"http:\/\/slovaklinesmagazin.sk\/cms\/wp-content\/uploads\/2015\/08\/815.jpg\"><img decoding=\"async\" class=\"alignnone\" src=\"http:\/\/slovaklinesmagazin.sk\/cms\/wp-content\/uploads\/2015\/08\/815.jpg\" alt=\"8\" \/><\/a> <a href=\"http:\/\/slovaklinesmagazin.sk\/cms\/wp-content\/uploads\/2015\/08\/915.jpg\"><img decoding=\"async\" class=\"alignnone\" src=\"http:\/\/slovaklinesmagazin.sk\/cms\/wp-content\/uploads\/2015\/08\/915.jpg\" alt=\"9\" \/><\/a> <a href=\"http:\/\/slovaklinesmagazin.sk\/cms\/wp-content\/uploads\/2015\/08\/1014.jpg\"><img decoding=\"async\" class=\"alignnone\" src=\"http:\/\/slovaklinesmagazin.sk\/cms\/wp-content\/uploads\/2015\/08\/1014.jpg\" alt=\"10\" \/><\/a> <a href=\"http:\/\/slovaklinesmagazin.sk\/cms\/wp-content\/uploads\/2015\/08\/1116.jpg\"><img decoding=\"async\" class=\"alignnone\" src=\"http:\/\/slovaklinesmagazin.sk\/cms\/wp-content\/uploads\/2015\/08\/1116.jpg\" alt=\"11\" \/><\/a><\/p>\n","protected":false},"excerpt":{"rendered":"<p>Rozsiahle kalu\u017ee, ktor\u00e9 vznikn\u00fa po v\u00fddatnom lejaku , nie s\u00fa u\u00a0chodcov ve\u013emi ob\u013e\u00faben\u00e9. Hlavne v\u00a0pr\u00edpade, ke\u010f v\u00e1s da\u017e\u010fovou vodou ostrieka prech\u00e1dzaj\u00face auto. S\u00fa v\u0161ak aj pr\u00edpady, kedy ml\u00e1ky p\u00f4sobia ve\u013emi esteticky a\u00a0daj\u00fa mestu doslova nov\u00fd rozmer.\u00a0 Jeden \u201e ml\u00e1kov\u00fd nad\u0161enec\u201c, ktor\u00fd si na Instagrame hovor\u00ed Guigurui , so svojim smartphonom r\u00e1d fot\u00ed paraleln\u00fd svet, ktor\u00fd [&hellip;]<\/p>\n","protected":false},"author":9,"featured_media":67921,"comment_status":"closed","ping_status":"closed","sticky":false,"template":"","format":"standard","meta":{"footnotes":""},"categories":[48],"tags":[],"class_list":["post-67909","post","type-post","status-publish","format-standard","has-post-thumbnail","hentry","category-umenie-a-kultura","eq-blocks"],"_links":{"self":[{"href":"https:\/\/www.slovaklinesmagazin.sk\/cms\/wp-json\/wp\/v2\/posts\/67909","targetHints":{"allow":["GET"]}}],"collection":[{"href":"https:\/\/www.slovaklinesmagazin.sk\/cms\/wp-json\/wp\/v2\/posts"}],"about":[{"href":"https:\/\/www.slovaklinesmagazin.sk\/cms\/wp-json\/wp\/v2\/types\/post"}],"author":[{"embeddable":true,"href":"https:\/\/www.slovaklinesmagazin.sk\/cms\/wp-json\/wp\/v2\/users\/9"}],"replies":[{"embeddable":true,"href":"https:\/\/www.slovaklinesmagazin.sk\/cms\/wp-json\/wp\/v2\/comments?post=67909"}],"version-history":[{"count":1,"href":"https:\/\/www.slovaklinesmagazin.sk\/cms\/wp-json\/wp\/v2\/posts\/67909\/revisions"}],"predecessor-version":[{"id":67922,"href":"https:\/\/www.slovaklinesmagazin.sk\/cms\/wp-json\/wp\/v2\/posts\/67909\/revisions\/67922"}],"wp:featuredmedia":[{"embeddable":true,"href":"https:\/\/www.slovaklinesmagazin.sk\/cms\/wp-json\/wp\/v2\/media\/67921"}],"wp:attachment":[{"href":"https:\/\/www.slovaklinesmagazin.sk\/cms\/wp-json\/wp\/v2\/media?parent=67909"}],"wp:term":[{"taxonomy":"category","embeddable":true,"href":"https:\/\/www.slovaklinesmagazin.sk\/cms\/wp-json\/wp\/v2\/categories?post=67909"},{"taxonomy":"post_tag","embeddable":true,"href":"https:\/\/www.slovaklinesmagazin.sk\/cms\/wp-json\/wp\/v2\/tags?post=67909"}],"curies":[{"name":"wp","href":"https:\/\/api.w.org\/{rel}","templated":true}]}}