{"id":68207,"date":"2015-09-18T08:44:11","date_gmt":"2015-09-18T06:44:11","guid":{"rendered":"http:\/\/slovaklinesmagazin.sk\/cms\/?p=68207"},"modified":"2015-09-18T08:44:11","modified_gmt":"2015-09-18T06:44:11","slug":"ako-znie-sklo-na-severe-ciech","status":"publish","type":"post","link":"https:\/\/www.slovaklinesmagazin.sk\/cms\/2015\/09\/ako-znie-sklo-na-severe-ciech\/","title":{"rendered":"Ako znie sklo na severe \u010ciech?"},"content":{"rendered":"<p>Nav\u0161t\u00edvte miesta, ktor\u00e9 v\u00e1m pon\u00fakaj\u00fa dokonal\u00e9 prepojenie \u010desk\u00fdch trad\u00edci\u00ed a v\u010faka ktor\u00fdm za\u017eijete o\u010daruj\u00face okamihy. Nechajte svoje zmysly pod\u013eahn\u00fa\u0165 kr\u00e1sam, chutiam, v\u00f4\u0148am, podmaniv\u00fdm t\u00f3nom a dokonalosti \u013eudskej zru\u010dnosti, ktor\u00e9 tvoria neopakovate\u013en\u00e9 \u010daro \u010desk\u00fdch regi\u00f3nov.<\/p>\n<h6 style=\"text-align: center;\"><img decoding=\"async\" class=\"aligncenter\" src=\"http:\/\/slovaklinesmagazin.sk\/cms\/wp-content\/uploads\/2015\/09\/Severni_Cechy-skl\u00e1rna_FOTO-Marek-MusilDigital-Circus1-683x1024.jpg\" alt=\"\" \/>Severn\u00ed \u010cechy &#8211; skl\u00e1rna_<br \/>\nFOTO Marek Musil<\/h6>\n<p>Sever \u010ciech je od prad\u00e1vna spojen\u00fd s jemn\u00fdm umen\u00edm skl\u00e1rskych majstrov. M\u00e1lokto ale vie,\u00a0\u017ee sklo dalo regi\u00f3nu nielen zvuk, ale aj meno. Aspo\u0148 na Jablonecku, kde sa v 17. storo\u010d\u00ed v\u00fdroba skla za\u010dala prejavova\u0165 aj v n\u00e1zvoch okolit\u00fdch obc\u00ed. Na mape tak m\u00f4\u017eete prech\u00e1dza\u0165 prstom cez Sklena\u0159ice alebo Sklenn\u00e9 at\u010f.<\/p>\n<p>Po\u010duli ste niekedy napr\u00edklad o zvonivom zvuku lesn\u00e9ho skla? Tajomstvo jedine\u010dn\u00fdch t\u00f3nov, to\u013eko odli\u0161n\u00fdch od t\u00fdch, ktor\u00fdmi znie norm\u00e1lne sklo, sa ukr\u00fdva hlboko v lesoch Jablonecka, Novoborska a Kamenicko\u0161enovska. V\u010faka pr\u00edmesiam \u017eeleza bolo sklo zafarben\u00e9 do zelena a \u010dasto obsahovalo charakteristick\u00e9 bublinky, nerovnosti aj in\u00e9 kazy. Akon\u00e1hle ste do poh\u00e1rov zo zelen\u00e9ho skla naliali v\u00edno a pri\u0165ukli si, po\u010duli ste jedine\u010dn\u00fd, s\u00fdty, zvoniv\u00fd t\u00f3n. Karafy boli dokonca vyr\u00e1ban\u00e9 tak, aby pri nalievan\u00ed vyd\u00e1vali zvl\u00e1\u0161tne klokotav\u00e9 zvuky. V\u010faka o\u017eivenej trad\u00edcii severo\u010deskych skl\u00e1rov si m\u00f4\u017eete tento nezabudnute\u013en\u00fd zvuk u\u017e\u00edva\u0165 pri poseden\u00ed s va\u0161imi najbli\u017e\u0161\u00edmi aj dnes.<\/p>\n<h6 style=\"text-align: center;\"><img decoding=\"async\" class=\"aligncenter\" src=\"http:\/\/slovaklinesmagazin.sk\/cms\/wp-content\/uploads\/2015\/09\/sklo_FOTO-Digital-Circus-a-Marek-Musil-1-683x1024.jpg\" alt=\"\" \/>FOTO Digital Circus a Marek Musil<\/h6>\n<p>Pozoruhodn\u00fd je aj pr\u00edbeh tradi\u010dn\u00fdch lustrov s\u00a0kri\u0161t\u00e1\u013eov\u00fdmi pr\u00edveskami. Ich sl\u00e1va sa za\u010dala \u0161\u00edri\u0165 z Kamenick\u00e9ho \u0160enova u\u017e v 18. storo\u010d\u00ed, kedy nimi boli vyzdoben\u00e9 kr\u00e1\u013eovsk\u00e9 pal\u00e1ce po celej Eur\u00f3pe na \u010dele s \u00fachvatn\u00fdm z\u00e1mkom vo Versailles. V klasick\u00fdch i netradi\u010dn\u00fdch prevedeniach s\u00fa dnes p\u00fdchou svetov\u00fdch st\u00e1nkov kult\u00fary. Napadlo by v\u00e1s, \u017ee t\u00f3ny talianskych \u00e1ri\u00ed v mil\u00e1nskej La Scale sa odr\u00e1\u017eaj\u00fa pr\u00e1ve od \u010desk\u00e9ho lustra?<\/p>\n<p><strong>Kde skl\u00e1rske trad\u00edcie \u017eij\u00fa a m\u00f4\u017eete sa s nimi zozn\u00e1mi\u0165?<\/strong><\/p>\n<p>Prezrite si tradi\u010dn\u00e9 obydlia skl\u00e1rov a expoz\u00edcie venovan\u00e9 hist\u00f3rii skl\u00e1rskych os\u00e1d Jizersk\u00fdch h\u00f4r. Skl\u00e1rska osada Jizerka, pomenovan\u00e1 po rie\u010dke Jizerke, je v s\u00fa\u010dasnosti \u00fatulnou osadou so stopami p\u00f4vodn\u00fdch obyvate\u013eov a skl\u00e1rov v prekr\u00e1snej krajine Jizersk\u00fdch h\u00f4r. V okt\u00f3bri si nenechajte ujs\u0165 tradi\u010dn\u00e9 Anensk\u00e9 skl\u00e1rske sl\u00e1vnosti na Jizerke, ktor\u00e9 pon\u00fakaj\u00fa uk\u00e1\u017eky skl\u00e1rskych i tradi\u010dn\u00fdch remesiel, predaj v\u00fdrobkov a bohat\u00fd kult\u00farny program.<\/p>\n<p><strong>V miestnom M\u00fazeu Jizersk\u00fdch h\u00f4r spozn\u00e1te dejiny skl\u00e1rskej v\u00fdroby, jej trad\u00edcie i s\u00fa\u010dasnos\u0165.<\/strong><\/p>\n<p>Spoznajte viac na <span style=\"color: #000080;\"><a style=\"color: #000080;\" href=\"http:\/\/www.tradicemasmysl.cz\" target=\"_blank\">www.tradicemasmysl.cz<\/a><\/span> a presved\u010dte sa, \u017ee pr\u00edslovie zlat\u00e9 \u010desk\u00e9 ru\u010di\u010dky plat\u00ed na severe \u010ciech dvojn\u00e1sobne. Uvid\u00edte, \u017ee umenie a jedine\u010dnos\u0165 pr\u00e1ce predkov \u017eij\u00fa v\u010faka zap\u00e1len\u00fdm skl\u00e1rskym majstrom \u010falej.<\/p>\n<p>Vychutn\u00e1vajte si \u010desk\u00e9 trad\u00edcie v\u0161etk\u00fdmi zmyslami v \u010cesku, krajine pr\u00edbehov.<\/p>\n<p>&nbsp;<\/p>\n<p>&nbsp;<\/p>\n<p>&nbsp;<\/p>\n","protected":false},"excerpt":{"rendered":"<p>Nav\u0161t\u00edvte miesta, ktor\u00e9 v\u00e1m pon\u00fakaj\u00fa dokonal\u00e9 prepojenie \u010desk\u00fdch trad\u00edci\u00ed a v\u010faka ktor\u00fdm za\u017eijete o\u010daruj\u00face okamihy. Nechajte svoje zmysly pod\u013eahn\u00fa\u0165 kr\u00e1sam, chutiam, v\u00f4\u0148am, podmaniv\u00fdm t\u00f3nom a dokonalosti \u013eudskej zru\u010dnosti, ktor\u00e9 tvoria neopakovate\u013en\u00e9 \u010daro \u010desk\u00fdch regi\u00f3nov. Severn\u00ed \u010cechy &#8211; skl\u00e1rna_ FOTO Marek Musil Sever \u010ciech je od prad\u00e1vna spojen\u00fd s jemn\u00fdm umen\u00edm skl\u00e1rskych majstrov. M\u00e1lokto ale vie,\u00a0\u017ee [&hellip;]<\/p>\n","protected":false},"author":7,"featured_media":68208,"comment_status":"closed","ping_status":"closed","sticky":false,"template":"","format":"standard","meta":{"footnotes":""},"categories":[13,45,50,48],"tags":[],"class_list":["post-68207","post","type-post","status-publish","format-standard","has-post-thumbnail","hentry","category-real-estate","category-nas-tip","category-radim-vam","category-umenie-a-kultura","eq-blocks"],"_links":{"self":[{"href":"https:\/\/www.slovaklinesmagazin.sk\/cms\/wp-json\/wp\/v2\/posts\/68207","targetHints":{"allow":["GET"]}}],"collection":[{"href":"https:\/\/www.slovaklinesmagazin.sk\/cms\/wp-json\/wp\/v2\/posts"}],"about":[{"href":"https:\/\/www.slovaklinesmagazin.sk\/cms\/wp-json\/wp\/v2\/types\/post"}],"author":[{"embeddable":true,"href":"https:\/\/www.slovaklinesmagazin.sk\/cms\/wp-json\/wp\/v2\/users\/7"}],"replies":[{"embeddable":true,"href":"https:\/\/www.slovaklinesmagazin.sk\/cms\/wp-json\/wp\/v2\/comments?post=68207"}],"version-history":[{"count":2,"href":"https:\/\/www.slovaklinesmagazin.sk\/cms\/wp-json\/wp\/v2\/posts\/68207\/revisions"}],"predecessor-version":[{"id":68212,"href":"https:\/\/www.slovaklinesmagazin.sk\/cms\/wp-json\/wp\/v2\/posts\/68207\/revisions\/68212"}],"wp:featuredmedia":[{"embeddable":true,"href":"https:\/\/www.slovaklinesmagazin.sk\/cms\/wp-json\/wp\/v2\/media\/68208"}],"wp:attachment":[{"href":"https:\/\/www.slovaklinesmagazin.sk\/cms\/wp-json\/wp\/v2\/media?parent=68207"}],"wp:term":[{"taxonomy":"category","embeddable":true,"href":"https:\/\/www.slovaklinesmagazin.sk\/cms\/wp-json\/wp\/v2\/categories?post=68207"},{"taxonomy":"post_tag","embeddable":true,"href":"https:\/\/www.slovaklinesmagazin.sk\/cms\/wp-json\/wp\/v2\/tags?post=68207"}],"curies":[{"name":"wp","href":"https:\/\/api.w.org\/{rel}","templated":true}]}}