{"id":68365,"date":"2015-09-15T16:34:45","date_gmt":"2015-09-15T14:34:45","guid":{"rendered":"http:\/\/slovaklinesmagazin.sk\/cms\/?p=68365"},"modified":"2015-09-15T16:34:45","modified_gmt":"2015-09-15T14:34:45","slug":"slovensko-historicky-prvy-raz-clenom-vykonneho-vyboru-svetovej-organizacie-cestovneho-ruchu","status":"publish","type":"post","link":"https:\/\/www.slovaklinesmagazin.sk\/cms\/2015\/09\/slovensko-historicky-prvy-raz-clenom-vykonneho-vyboru-svetovej-organizacie-cestovneho-ruchu\/","title":{"rendered":"Slovensko historicky prv\u00fd raz \u010dlenom v\u00fdkonn\u00e9ho v\u00fdboru Svetovej organiz\u00e1cie cestovn\u00e9ho ruchu"},"content":{"rendered":"<p><strong>\u00a0Slovensko sl\u00e1vi historick\u00fd \u00faspech. Na zasadnut\u00ed komisie pre Eur\u00f3pu v\u00a0r\u00e1mci Svetovej organiz\u00e1cie cestovn\u00e9ho ruchu (UNWTO)\u00a0 v\u00a0kolumbijskom Medell\u00edne sa stalo \u010dlenom v\u00fdkonn\u00e9ho v\u00fdboru tejto v\u00fdznamnej medzin\u00e1rodnej organiz\u00e1cie. Stalo sa prv\u00fdkr\u00e1t v hist\u00f3rii, \u017ee SR bude s\u00fa\u010das\u0165ou riadenia UNWTO. Do v\u00fdkonn\u00e9ho v\u00fdboru spolu s nami zasadne tie\u017e Portugalsko a\u00a0Taliansko. <\/strong><\/p>\n<p><em>\u00a0\u201eTento obrovsk\u00fd \u00faspech na poli diplomacie a\u00a0cestovn\u00e9ho ruchu pom\u00f4\u017ee Slovensku pokra\u010dova\u0165 v\u00a0jeho zvidite\u013e\u0148ovan\u00ed vo svete ako krajiny, ktor\u00e1 spolurozhoduje o\u00a0ot\u00e1zkach strat\u00e9gie cestovn\u00e9ho ruchu v\u00a0r\u00e1mci \u0161trukt\u00far OSN. Je to tie\u017e pr\u00edle\u017eitos\u0165 na to, aby sa na Slovensku konali viacer\u00e9 d\u00f4le\u017eit\u00e9 podujatia cestovn\u00e9ho ruchu, \u010d\u00edm sa Slovensko stane e\u0161te zauj\u00edmavej\u0161ou\u00a0 krajinou ako destin\u00e1cia cestovn\u00e9ho ruchu,\u201c<\/em> uviedol v\u00a0reakcii \u0161t\u00e1tny tajomn\u00edk Ministerstva dopravy, v\u00fdstavby a\u00a0region\u00e1lneho rozvoja SR Franti\u0161ek Palko.<\/p>\n<p>Slovensko v\u00a0tajnej vo\u013ebe z\u00edskalo celkom 25 hlasov, \u010do ho zaradilo do trojice naj\u00faspe\u0161nej\u0161\u00edch kandid\u00e1tov. Spolo\u010dne s\u00a0Portugalskom a\u00a0Talianskom bude reprezentova\u0165 svetov\u00fd cestovn\u00fd ruch nasleduj\u00face \u0161tyri roky (2015 \u2013 2019). V\u00fdkonn\u00fd v\u00fdbor je riadiacim org\u00e1nom UNWTO, ktor\u00fd je zodpovedn\u00fd za zabezpe\u010dovanie aktiv\u00edt organiz\u00e1cie a\u00a0dodr\u017eiavanie rozpo\u010dtu. Slovensko prv\u00fd raz v prest\u00ed\u017enej\u00a0poz\u00edcii riadneho \u010dlena za regi\u00f3n Eur\u00f3pa bude spolurozhodova\u0165 a\u00a0akt\u00edvne sa podie\u013ea\u0165 na prij\u00edman\u00ed a\u00a0schva\u013eovan\u00ed v\u0161etk\u00fdch rozhodnut\u00ed UNWTO.<\/p>\n<p>Svetov\u00e1 organiz\u00e1cia cestovn\u00e9ho ruchu (UN World Tourism Organization) je ved\u00facou medzin\u00e1rodnou medzivl\u00e1dnou organiz\u00e1ciou svetov\u00e9ho cestovn\u00e9ho ruchu. Jej poslan\u00edm je propag\u00e1cia, podpora a\u00a0rozvoj cestovn\u00e9ho ruchu s\u00a0oh\u013eadom na jeho pr\u00ednos k\u00a0hospod\u00e1rskemu rozvoju, mieru, prosperite a\u00a0re\u0161pektovaniu \u013eudsk\u00fdch pr\u00e1v a\u00a0z\u00e1kladn\u00fdch slob\u00f4d pre v\u0161etk\u00fdch \u013eud\u00ed na celom svete. V\u00a0s\u00fa\u010dasnosti jej \u010dlensk\u00fa z\u00e1klad\u0148u tvor\u00ed 156 \u0161t\u00e1tov, 6 terit\u00f3ri\u00ed a vy\u0161e 400 pridru\u017een\u00fdch \u010dlenov reprezentuj\u00facich s\u00fakromn\u00fd sektor, vzdel\u00e1vacie in\u0161tit\u00facie a\u00a0zdru\u017eenia cestovn\u00e9ho ruchu. S\u00eddlo UNWTO je v\u00a0Madride. Slovensko je jej plnopr\u00e1vnym \u010dlenom od roku 1993.<\/p>\n","protected":false},"excerpt":{"rendered":"<p>\u00a0Slovensko sl\u00e1vi historick\u00fd \u00faspech. Na zasadnut\u00ed komisie pre Eur\u00f3pu v\u00a0r\u00e1mci Svetovej organiz\u00e1cie cestovn\u00e9ho ruchu (UNWTO)\u00a0 v\u00a0kolumbijskom Medell\u00edne sa stalo \u010dlenom v\u00fdkonn\u00e9ho v\u00fdboru tejto v\u00fdznamnej medzin\u00e1rodnej organiz\u00e1cie. Stalo sa prv\u00fdkr\u00e1t v hist\u00f3rii, \u017ee SR bude s\u00fa\u010das\u0165ou riadenia UNWTO. Do v\u00fdkonn\u00e9ho v\u00fdboru spolu s nami zasadne tie\u017e Portugalsko a\u00a0Taliansko. \u00a0\u201eTento obrovsk\u00fd \u00faspech na poli diplomacie a\u00a0cestovn\u00e9ho ruchu [&hellip;]<\/p>\n","protected":false},"author":9,"featured_media":0,"comment_status":"closed","ping_status":"closed","sticky":false,"template":"","format":"standard","meta":{"footnotes":""},"categories":[13],"tags":[],"class_list":["post-68365","post","type-post","status-publish","format-standard","hentry","category-real-estate","eq-blocks"],"_links":{"self":[{"href":"https:\/\/www.slovaklinesmagazin.sk\/cms\/wp-json\/wp\/v2\/posts\/68365","targetHints":{"allow":["GET"]}}],"collection":[{"href":"https:\/\/www.slovaklinesmagazin.sk\/cms\/wp-json\/wp\/v2\/posts"}],"about":[{"href":"https:\/\/www.slovaklinesmagazin.sk\/cms\/wp-json\/wp\/v2\/types\/post"}],"author":[{"embeddable":true,"href":"https:\/\/www.slovaklinesmagazin.sk\/cms\/wp-json\/wp\/v2\/users\/9"}],"replies":[{"embeddable":true,"href":"https:\/\/www.slovaklinesmagazin.sk\/cms\/wp-json\/wp\/v2\/comments?post=68365"}],"version-history":[{"count":1,"href":"https:\/\/www.slovaklinesmagazin.sk\/cms\/wp-json\/wp\/v2\/posts\/68365\/revisions"}],"predecessor-version":[{"id":68366,"href":"https:\/\/www.slovaklinesmagazin.sk\/cms\/wp-json\/wp\/v2\/posts\/68365\/revisions\/68366"}],"wp:attachment":[{"href":"https:\/\/www.slovaklinesmagazin.sk\/cms\/wp-json\/wp\/v2\/media?parent=68365"}],"wp:term":[{"taxonomy":"category","embeddable":true,"href":"https:\/\/www.slovaklinesmagazin.sk\/cms\/wp-json\/wp\/v2\/categories?post=68365"},{"taxonomy":"post_tag","embeddable":true,"href":"https:\/\/www.slovaklinesmagazin.sk\/cms\/wp-json\/wp\/v2\/tags?post=68365"}],"curies":[{"name":"wp","href":"https:\/\/api.w.org\/{rel}","templated":true}]}}