{"id":68523,"date":"2015-09-19T18:15:55","date_gmt":"2015-09-19T16:15:55","guid":{"rendered":"http:\/\/slovaklinesmagazin.sk\/cms\/?p=68523"},"modified":"2015-09-19T18:15:55","modified_gmt":"2015-09-19T16:15:55","slug":"hrebenmi-francuzskych-alp","status":"publish","type":"post","link":"https:\/\/www.slovaklinesmagazin.sk\/cms\/2015\/09\/hrebenmi-francuzskych-alp\/","title":{"rendered":"Hrebe\u0148mi franc\u00fazskych \u00c1lp"},"content":{"rendered":"<p>Franc\u00fazsky fotograf a film\u00e1r Mathieu Le Lay miluje svoju krajinu a\u00a0najm\u00e4 pr\u00edrodu, ktor\u00e1 ho obkolesuje. Nad\u0161en\u00fd turista a\u00a0umelec tak neodolal a\u00a0vytvoril kr\u00e1tky film o\u00a0putovan\u00ed hrebe\u0148mi franc\u00fazskych \u00c1lp. Film zachyt\u00e1va dvoch mu\u017eov, ktor\u00ed prekon\u00e1vaj\u00fa \u0161tyri vrcholy vo trojkilometrovej nadmorskej v\u00fd\u0161ke. Prostredn\u00edctvom kamery sa m\u00f4\u017eu v\u0161etci kocha\u0165 pren\u00e1dhern\u00fdm v\u00fdh\u013eadom, z\u00e1bermi na opusten\u00fa krajinu, \u010di Mont Blac nakr\u00faten\u00fd 3096 metrov vysok\u00e9ho \u0161t\u00edtu Mont Buet.<\/p>\n<p><a href=\"http:\/\/slovaklinesmagazin.sk\/cms\/wp-content\/uploads\/2015\/09\/103.jpg\"><img decoding=\"async\" class=\"alignnone\" src=\"http:\/\/slovaklinesmagazin.sk\/cms\/wp-content\/uploads\/2015\/09\/103.jpg\" alt=\"10\" \/><\/a> <a href=\"http:\/\/slovaklinesmagazin.sk\/cms\/wp-content\/uploads\/2015\/09\/93.jpg\"><img decoding=\"async\" class=\"alignnone\" src=\"http:\/\/slovaklinesmagazin.sk\/cms\/wp-content\/uploads\/2015\/09\/93.jpg\" alt=\"9\" \/><\/a> <a href=\"http:\/\/slovaklinesmagazin.sk\/cms\/wp-content\/uploads\/2015\/09\/86.jpg\"><img decoding=\"async\" class=\"alignnone\" src=\"http:\/\/slovaklinesmagazin.sk\/cms\/wp-content\/uploads\/2015\/09\/86.jpg\" alt=\"8\" \/><\/a> <a href=\"http:\/\/slovaklinesmagazin.sk\/cms\/wp-content\/uploads\/2015\/09\/79.jpg\"><img decoding=\"async\" class=\"alignnone\" src=\"http:\/\/slovaklinesmagazin.sk\/cms\/wp-content\/uploads\/2015\/09\/79.jpg\" alt=\"7\" \/><\/a> <a href=\"http:\/\/slovaklinesmagazin.sk\/cms\/wp-content\/uploads\/2015\/09\/610.jpg\"><img decoding=\"async\" class=\"alignnone\" src=\"http:\/\/slovaklinesmagazin.sk\/cms\/wp-content\/uploads\/2015\/09\/610.jpg\" alt=\"6\" \/><\/a> <a href=\"http:\/\/slovaklinesmagazin.sk\/cms\/wp-content\/uploads\/2015\/09\/511.jpg\"><img decoding=\"async\" class=\"alignnone\" src=\"http:\/\/slovaklinesmagazin.sk\/cms\/wp-content\/uploads\/2015\/09\/511.jpg\" alt=\"5\" \/><\/a> <a href=\"http:\/\/slovaklinesmagazin.sk\/cms\/wp-content\/uploads\/2015\/09\/412.jpg\"><img decoding=\"async\" class=\"alignnone\" src=\"http:\/\/slovaklinesmagazin.sk\/cms\/wp-content\/uploads\/2015\/09\/412.jpg\" alt=\"4\" \/><\/a> <a href=\"http:\/\/slovaklinesmagazin.sk\/cms\/wp-content\/uploads\/2015\/09\/312.jpg\"><img decoding=\"async\" class=\"alignnone\" src=\"http:\/\/slovaklinesmagazin.sk\/cms\/wp-content\/uploads\/2015\/09\/312.jpg\" alt=\"3\" \/><\/a> <a href=\"http:\/\/slovaklinesmagazin.sk\/cms\/wp-content\/uploads\/2015\/09\/213.jpg\"><img decoding=\"async\" class=\"alignnone\" src=\"http:\/\/slovaklinesmagazin.sk\/cms\/wp-content\/uploads\/2015\/09\/213.jpg\" alt=\"2\" \/><\/a> <a href=\"http:\/\/slovaklinesmagazin.sk\/cms\/wp-content\/uploads\/2015\/09\/116.jpg\"><img decoding=\"async\" class=\"alignnone\" src=\"http:\/\/slovaklinesmagazin.sk\/cms\/wp-content\/uploads\/2015\/09\/116.jpg\" alt=\"1\" \/><\/a><\/p>\n<p>Zdroj: <a href=\"http:\/\/fubiz.net\/\">fubiz.net<\/a><\/p>\n","protected":false},"excerpt":{"rendered":"<p>Franc\u00fazsky fotograf a film\u00e1r Mathieu Le Lay miluje svoju krajinu a\u00a0najm\u00e4 pr\u00edrodu, ktor\u00e1 ho obkolesuje. Nad\u0161en\u00fd turista a\u00a0umelec tak neodolal a\u00a0vytvoril kr\u00e1tky film o\u00a0putovan\u00ed hrebe\u0148mi franc\u00fazskych \u00c1lp. Film zachyt\u00e1va dvoch mu\u017eov, ktor\u00ed prekon\u00e1vaj\u00fa \u0161tyri vrcholy vo trojkilometrovej nadmorskej v\u00fd\u0161ke. Prostredn\u00edctvom kamery sa m\u00f4\u017eu v\u0161etci kocha\u0165 pren\u00e1dhern\u00fdm v\u00fdh\u013eadom, z\u00e1bermi na opusten\u00fa krajinu, \u010di Mont Blac nakr\u00faten\u00fd [&hellip;]<\/p>\n","protected":false},"author":9,"featured_media":68528,"comment_status":"closed","ping_status":"closed","sticky":false,"template":"","format":"standard","meta":{"footnotes":""},"categories":[13],"tags":[],"class_list":["post-68523","post","type-post","status-publish","format-standard","has-post-thumbnail","hentry","category-real-estate","eq-blocks"],"_links":{"self":[{"href":"https:\/\/www.slovaklinesmagazin.sk\/cms\/wp-json\/wp\/v2\/posts\/68523","targetHints":{"allow":["GET"]}}],"collection":[{"href":"https:\/\/www.slovaklinesmagazin.sk\/cms\/wp-json\/wp\/v2\/posts"}],"about":[{"href":"https:\/\/www.slovaklinesmagazin.sk\/cms\/wp-json\/wp\/v2\/types\/post"}],"author":[{"embeddable":true,"href":"https:\/\/www.slovaklinesmagazin.sk\/cms\/wp-json\/wp\/v2\/users\/9"}],"replies":[{"embeddable":true,"href":"https:\/\/www.slovaklinesmagazin.sk\/cms\/wp-json\/wp\/v2\/comments?post=68523"}],"version-history":[{"count":1,"href":"https:\/\/www.slovaklinesmagazin.sk\/cms\/wp-json\/wp\/v2\/posts\/68523\/revisions"}],"predecessor-version":[{"id":68534,"href":"https:\/\/www.slovaklinesmagazin.sk\/cms\/wp-json\/wp\/v2\/posts\/68523\/revisions\/68534"}],"wp:featuredmedia":[{"embeddable":true,"href":"https:\/\/www.slovaklinesmagazin.sk\/cms\/wp-json\/wp\/v2\/media\/68528"}],"wp:attachment":[{"href":"https:\/\/www.slovaklinesmagazin.sk\/cms\/wp-json\/wp\/v2\/media?parent=68523"}],"wp:term":[{"taxonomy":"category","embeddable":true,"href":"https:\/\/www.slovaklinesmagazin.sk\/cms\/wp-json\/wp\/v2\/categories?post=68523"},{"taxonomy":"post_tag","embeddable":true,"href":"https:\/\/www.slovaklinesmagazin.sk\/cms\/wp-json\/wp\/v2\/tags?post=68523"}],"curies":[{"name":"wp","href":"https:\/\/api.w.org\/{rel}","templated":true}]}}