{"id":68577,"date":"2015-09-24T19:29:06","date_gmt":"2015-09-24T17:29:06","guid":{"rendered":"http:\/\/slovaklinesmagazin.sk\/cms\/?p=68577"},"modified":"2015-09-24T19:29:06","modified_gmt":"2015-09-24T17:29:06","slug":"umelec-ci-kozmonaut","status":"publish","type":"post","link":"https:\/\/www.slovaklinesmagazin.sk\/cms\/2015\/09\/umelec-ci-kozmonaut\/","title":{"rendered":"Umelec \u010di kozmonaut?"},"content":{"rendered":"<p>Aj v\u00fdcvik kozmonautov m\u00f4\u017ee by\u0165 in\u0161pir\u00e1ciou na umeleck\u00e9 fotografie. Nemec Michael Najjar si asi v\u00a0detstve nevedel vybra\u0165, \u010di bude rad\u0161ej kozmonautom alebo umelcom, a\u00a0tak svoje dve z\u00e1\u013euby spojil. Po\u010das absolvovania n\u00e1ro\u010dn\u00e9ho v\u00fdcviku v\u00a0Gagarinovom centre v\u00a0Rusku vyu\u017e\u00edval \u010das aj na tvorbu fotografi\u00ed z\u00a0miest, kam sa be\u017en\u00fd \u010dlovek len tak \u013eahko nedostane. Tr\u00e9ning za\u010dal e\u0161te v\u00a0roku 2011 a\u00a0Michael postupne zaznamen\u00e1val v\u0161etko \u010do videl, sk\u00fasil a\u00a0vysk\u00fa\u0161al. H\u00e1dam ho fotenie ve\u013emi nerozpty\u013eovalo od u\u010denia. Tento rok toti\u017e v\u0161etko, \u010do sa nau\u010dil absolvuje v\u00a0praxi.<\/p>\n<p><a href=\"http:\/\/slovaklinesmagazin.sk\/cms\/wp-content\/uploads\/2015\/09\/123.jpg\"><img decoding=\"async\" class=\"alignnone\" src=\"http:\/\/slovaklinesmagazin.sk\/cms\/wp-content\/uploads\/2015\/09\/123.jpg\" alt=\"1\" \/><\/a> <a href=\"http:\/\/slovaklinesmagazin.sk\/cms\/wp-content\/uploads\/2015\/09\/217.jpg\"><img decoding=\"async\" class=\"alignnone\" src=\"http:\/\/slovaklinesmagazin.sk\/cms\/wp-content\/uploads\/2015\/09\/217.jpg\" alt=\"2\" \/><\/a> <a href=\"http:\/\/slovaklinesmagazin.sk\/cms\/wp-content\/uploads\/2015\/09\/316.jpg\"><img decoding=\"async\" class=\"alignnone\" src=\"http:\/\/slovaklinesmagazin.sk\/cms\/wp-content\/uploads\/2015\/09\/316.jpg\" alt=\"3\" \/><\/a> <a href=\"http:\/\/slovaklinesmagazin.sk\/cms\/wp-content\/uploads\/2015\/09\/416.jpg\"><img decoding=\"async\" class=\"alignnone\" src=\"http:\/\/slovaklinesmagazin.sk\/cms\/wp-content\/uploads\/2015\/09\/416.jpg\" alt=\"4\" \/><\/a> <a href=\"http:\/\/slovaklinesmagazin.sk\/cms\/wp-content\/uploads\/2015\/09\/515.jpg\"><img decoding=\"async\" class=\"alignnone\" src=\"http:\/\/slovaklinesmagazin.sk\/cms\/wp-content\/uploads\/2015\/09\/515.jpg\" alt=\"5\" \/><\/a> <a href=\"http:\/\/slovaklinesmagazin.sk\/cms\/wp-content\/uploads\/2015\/09\/613.jpg\"><img decoding=\"async\" class=\"alignnone\" src=\"http:\/\/slovaklinesmagazin.sk\/cms\/wp-content\/uploads\/2015\/09\/613.jpg\" alt=\"6\" \/><\/a> <a href=\"http:\/\/slovaklinesmagazin.sk\/cms\/wp-content\/uploads\/2015\/09\/712.jpg\"><img decoding=\"async\" class=\"alignnone\" src=\"http:\/\/slovaklinesmagazin.sk\/cms\/wp-content\/uploads\/2015\/09\/712.jpg\" alt=\"7\" \/><\/a> <a href=\"http:\/\/slovaklinesmagazin.sk\/cms\/wp-content\/uploads\/2015\/09\/88.jpg\"><img decoding=\"async\" class=\"alignnone\" src=\"http:\/\/slovaklinesmagazin.sk\/cms\/wp-content\/uploads\/2015\/09\/88.jpg\" alt=\"8\" \/><\/a> <a href=\"http:\/\/slovaklinesmagazin.sk\/cms\/wp-content\/uploads\/2015\/09\/105.jpg\"><img decoding=\"async\" class=\"alignnone\" src=\"http:\/\/slovaklinesmagazin.sk\/cms\/wp-content\/uploads\/2015\/09\/105.jpg\" alt=\"10\" \/><\/a> <a href=\"http:\/\/slovaklinesmagazin.sk\/cms\/wp-content\/uploads\/2015\/09\/1110.jpg\"><img decoding=\"async\" class=\"alignnone\" src=\"http:\/\/slovaklinesmagazin.sk\/cms\/wp-content\/uploads\/2015\/09\/1110.jpg\" alt=\"11\" \/><\/a><\/p>\n<p>Zdroj: <a href=\"http:\/\/fubiz.net\/\">fubiz.net<\/a><\/p>\n","protected":false},"excerpt":{"rendered":"<p>Aj v\u00fdcvik kozmonautov m\u00f4\u017ee by\u0165 in\u0161pir\u00e1ciou na umeleck\u00e9 fotografie. Nemec Michael Najjar si asi v\u00a0detstve nevedel vybra\u0165, \u010di bude rad\u0161ej kozmonautom alebo umelcom, a\u00a0tak svoje dve z\u00e1\u013euby spojil. Po\u010das absolvovania n\u00e1ro\u010dn\u00e9ho v\u00fdcviku v\u00a0Gagarinovom centre v\u00a0Rusku vyu\u017e\u00edval \u010das aj na tvorbu fotografi\u00ed z\u00a0miest, kam sa be\u017en\u00fd \u010dlovek len tak \u013eahko nedostane. Tr\u00e9ning za\u010dal e\u0161te v\u00a0roku 2011 [&hellip;]<\/p>\n","protected":false},"author":9,"featured_media":68586,"comment_status":"closed","ping_status":"closed","sticky":false,"template":"","format":"standard","meta":{"footnotes":""},"categories":[48],"tags":[],"class_list":["post-68577","post","type-post","status-publish","format-standard","has-post-thumbnail","hentry","category-umenie-a-kultura","eq-blocks"],"_links":{"self":[{"href":"https:\/\/www.slovaklinesmagazin.sk\/cms\/wp-json\/wp\/v2\/posts\/68577","targetHints":{"allow":["GET"]}}],"collection":[{"href":"https:\/\/www.slovaklinesmagazin.sk\/cms\/wp-json\/wp\/v2\/posts"}],"about":[{"href":"https:\/\/www.slovaklinesmagazin.sk\/cms\/wp-json\/wp\/v2\/types\/post"}],"author":[{"embeddable":true,"href":"https:\/\/www.slovaklinesmagazin.sk\/cms\/wp-json\/wp\/v2\/users\/9"}],"replies":[{"embeddable":true,"href":"https:\/\/www.slovaklinesmagazin.sk\/cms\/wp-json\/wp\/v2\/comments?post=68577"}],"version-history":[{"count":1,"href":"https:\/\/www.slovaklinesmagazin.sk\/cms\/wp-json\/wp\/v2\/posts\/68577\/revisions"}],"predecessor-version":[{"id":68589,"href":"https:\/\/www.slovaklinesmagazin.sk\/cms\/wp-json\/wp\/v2\/posts\/68577\/revisions\/68589"}],"wp:featuredmedia":[{"embeddable":true,"href":"https:\/\/www.slovaklinesmagazin.sk\/cms\/wp-json\/wp\/v2\/media\/68586"}],"wp:attachment":[{"href":"https:\/\/www.slovaklinesmagazin.sk\/cms\/wp-json\/wp\/v2\/media?parent=68577"}],"wp:term":[{"taxonomy":"category","embeddable":true,"href":"https:\/\/www.slovaklinesmagazin.sk\/cms\/wp-json\/wp\/v2\/categories?post=68577"},{"taxonomy":"post_tag","embeddable":true,"href":"https:\/\/www.slovaklinesmagazin.sk\/cms\/wp-json\/wp\/v2\/tags?post=68577"}],"curies":[{"name":"wp","href":"https:\/\/api.w.org\/{rel}","templated":true}]}}