{"id":68694,"date":"2015-09-24T19:56:59","date_gmt":"2015-09-24T17:56:59","guid":{"rendered":"http:\/\/slovaklinesmagazin.sk\/cms\/?p=68694"},"modified":"2015-09-24T19:56:59","modified_gmt":"2015-09-24T17:56:59","slug":"zazracne-okamihy","status":"publish","type":"post","link":"https:\/\/www.slovaklinesmagazin.sk\/cms\/2015\/09\/zazracne-okamihy\/","title":{"rendered":"Z\u00e1zra\u010dn\u00e9 okamihy"},"content":{"rendered":"<p>Fotograf Robert Bukaty je uzn\u00e1van\u00fd umelec a\u00a0fotograf. D\u00f4kazom o\u00a0jeho v\u00fdnimo\u010dnom talente je aj zisk prest\u00ed\u017enej Pulitzerovej ceny. \u00a0Robert fot\u00ed r\u00f4zne zauj\u00edmav\u00e9 okamihy, momentky, ale i\u00a0pr\u00edrodu a\u00a0mesto. Je v\u0161estranne nadan\u00fd a\u00a0jeho fotografie zachyt\u00e1vaj\u00fa \u010daro okamihu. Pozrite si jeho najlep\u0161ie fotografie z\u00a0obdobia rokov 2009 a\u00a02015. Svojim objekt\u00edvom zachytili z\u00e1pad slnka, no\u010dn\u00fa oblohu, \u010dajky, \u010di r\u00f4zne sn\u00edmky zachyt\u00e1vaj\u00face kr\u00e1su pr\u00edrody.<\/p>\n<p><a href=\"http:\/\/slovaklinesmagazin.sk\/cms\/wp-content\/uploads\/2015\/09\/137.jpg\"><img decoding=\"async\" class=\"alignnone\" src=\"http:\/\/slovaklinesmagazin.sk\/cms\/wp-content\/uploads\/2015\/09\/137.jpg\" alt=\"1\" \/><\/a> <a href=\"http:\/\/slovaklinesmagazin.sk\/cms\/wp-content\/uploads\/2015\/09\/227.jpg\"><img decoding=\"async\" class=\"alignnone\" src=\"http:\/\/slovaklinesmagazin.sk\/cms\/wp-content\/uploads\/2015\/09\/227.jpg\" alt=\"2\" \/><\/a> <a href=\"http:\/\/slovaklinesmagazin.sk\/cms\/wp-content\/uploads\/2015\/09\/425.jpg\"><img decoding=\"async\" class=\"alignnone\" src=\"http:\/\/slovaklinesmagazin.sk\/cms\/wp-content\/uploads\/2015\/09\/425.jpg\" alt=\"4\" \/><\/a> <a href=\"http:\/\/slovaklinesmagazin.sk\/cms\/wp-content\/uploads\/2015\/09\/524.jpg\"><img decoding=\"async\" class=\"alignnone\" src=\"http:\/\/slovaklinesmagazin.sk\/cms\/wp-content\/uploads\/2015\/09\/524.jpg\" alt=\"5\" \/><\/a> <a href=\"http:\/\/slovaklinesmagazin.sk\/cms\/wp-content\/uploads\/2015\/09\/622.jpg\"><img decoding=\"async\" class=\"alignnone\" src=\"http:\/\/slovaklinesmagazin.sk\/cms\/wp-content\/uploads\/2015\/09\/622.jpg\" alt=\"6\" \/><\/a> <a href=\"http:\/\/slovaklinesmagazin.sk\/cms\/wp-content\/uploads\/2015\/09\/719.jpg\"><img decoding=\"async\" class=\"alignnone\" src=\"http:\/\/slovaklinesmagazin.sk\/cms\/wp-content\/uploads\/2015\/09\/719.jpg\" alt=\"7\" \/><\/a> <a href=\"http:\/\/slovaklinesmagazin.sk\/cms\/wp-content\/uploads\/2015\/09\/813.jpg\"><img decoding=\"async\" class=\"alignnone\" src=\"http:\/\/slovaklinesmagazin.sk\/cms\/wp-content\/uploads\/2015\/09\/813.jpg\" alt=\"8\" \/><\/a> <a href=\"http:\/\/slovaklinesmagazin.sk\/cms\/wp-content\/uploads\/2015\/09\/910.jpg\"><img decoding=\"async\" class=\"alignnone\" src=\"http:\/\/slovaklinesmagazin.sk\/cms\/wp-content\/uploads\/2015\/09\/910.jpg\" alt=\"9\" \/><\/a> <a href=\"http:\/\/slovaklinesmagazin.sk\/cms\/wp-content\/uploads\/2015\/09\/109.jpg\"><img decoding=\"async\" class=\"alignnone\" src=\"http:\/\/slovaklinesmagazin.sk\/cms\/wp-content\/uploads\/2015\/09\/109.jpg\" alt=\"10\" \/><\/a> <a href=\"http:\/\/slovaklinesmagazin.sk\/cms\/wp-content\/uploads\/2015\/09\/1114.jpg\"><img decoding=\"async\" class=\"alignnone\" src=\"http:\/\/slovaklinesmagazin.sk\/cms\/wp-content\/uploads\/2015\/09\/1114.jpg\" alt=\"11\" \/><\/a> <a href=\"http:\/\/slovaklinesmagazin.sk\/cms\/wp-content\/uploads\/2015\/09\/1211.jpg\"><img decoding=\"async\" class=\"alignnone\" src=\"http:\/\/slovaklinesmagazin.sk\/cms\/wp-content\/uploads\/2015\/09\/1211.jpg\" alt=\"12\" \/><\/a> <a href=\"http:\/\/slovaklinesmagazin.sk\/cms\/wp-content\/uploads\/2015\/09\/138.jpg\"><img decoding=\"async\" class=\"alignnone\" src=\"http:\/\/slovaklinesmagazin.sk\/cms\/wp-content\/uploads\/2015\/09\/138.jpg\" alt=\"13\" \/><\/a><\/p>\n<p>Foto: Robert Bukaty<\/p>\n","protected":false},"excerpt":{"rendered":"<p>Fotograf Robert Bukaty je uzn\u00e1van\u00fd umelec a\u00a0fotograf. D\u00f4kazom o\u00a0jeho v\u00fdnimo\u010dnom talente je aj zisk prest\u00ed\u017enej Pulitzerovej ceny. \u00a0Robert fot\u00ed r\u00f4zne zauj\u00edmav\u00e9 okamihy, momentky, ale i\u00a0pr\u00edrodu a\u00a0mesto. Je v\u0161estranne nadan\u00fd a\u00a0jeho fotografie zachyt\u00e1vaj\u00fa \u010daro okamihu. Pozrite si jeho najlep\u0161ie fotografie z\u00a0obdobia rokov 2009 a\u00a02015. Svojim objekt\u00edvom zachytili z\u00e1pad slnka, no\u010dn\u00fa oblohu, \u010dajky, \u010di r\u00f4zne sn\u00edmky zachyt\u00e1vaj\u00face [&hellip;]<\/p>\n","protected":false},"author":9,"featured_media":68697,"comment_status":"closed","ping_status":"closed","sticky":false,"template":"","format":"standard","meta":{"footnotes":""},"categories":[48],"tags":[],"class_list":["post-68694","post","type-post","status-publish","format-standard","has-post-thumbnail","hentry","category-umenie-a-kultura","eq-blocks"],"_links":{"self":[{"href":"https:\/\/www.slovaklinesmagazin.sk\/cms\/wp-json\/wp\/v2\/posts\/68694","targetHints":{"allow":["GET"]}}],"collection":[{"href":"https:\/\/www.slovaklinesmagazin.sk\/cms\/wp-json\/wp\/v2\/posts"}],"about":[{"href":"https:\/\/www.slovaklinesmagazin.sk\/cms\/wp-json\/wp\/v2\/types\/post"}],"author":[{"embeddable":true,"href":"https:\/\/www.slovaklinesmagazin.sk\/cms\/wp-json\/wp\/v2\/users\/9"}],"replies":[{"embeddable":true,"href":"https:\/\/www.slovaklinesmagazin.sk\/cms\/wp-json\/wp\/v2\/comments?post=68694"}],"version-history":[{"count":1,"href":"https:\/\/www.slovaklinesmagazin.sk\/cms\/wp-json\/wp\/v2\/posts\/68694\/revisions"}],"predecessor-version":[{"id":68708,"href":"https:\/\/www.slovaklinesmagazin.sk\/cms\/wp-json\/wp\/v2\/posts\/68694\/revisions\/68708"}],"wp:featuredmedia":[{"embeddable":true,"href":"https:\/\/www.slovaklinesmagazin.sk\/cms\/wp-json\/wp\/v2\/media\/68697"}],"wp:attachment":[{"href":"https:\/\/www.slovaklinesmagazin.sk\/cms\/wp-json\/wp\/v2\/media?parent=68694"}],"wp:term":[{"taxonomy":"category","embeddable":true,"href":"https:\/\/www.slovaklinesmagazin.sk\/cms\/wp-json\/wp\/v2\/categories?post=68694"},{"taxonomy":"post_tag","embeddable":true,"href":"https:\/\/www.slovaklinesmagazin.sk\/cms\/wp-json\/wp\/v2\/tags?post=68694"}],"curies":[{"name":"wp","href":"https:\/\/api.w.org\/{rel}","templated":true}]}}