{"id":68888,"date":"2015-10-06T21:13:33","date_gmt":"2015-10-06T19:13:33","guid":{"rendered":"http:\/\/slovaklinesmagazin.sk\/cms\/?p=68888"},"modified":"2015-10-06T21:13:33","modified_gmt":"2015-10-06T19:13:33","slug":"kezmarok-a-poprad-vcera-a-dnes","status":"publish","type":"post","link":"https:\/\/www.slovaklinesmagazin.sk\/cms\/2015\/10\/kezmarok-a-poprad-vcera-a-dnes\/","title":{"rendered":"Ke\u017emarok a Poprad v\u010dera a dnes"},"content":{"rendered":"<p>Cestovanie v\u00a0\u010dase pripom\u00ednaj\u00fa fotografie Slov\u00e1ka Jozefa Br\u00e9du. Ke\u010f z\u00edskal historick\u00e9 \u00a0fotografie r\u00f4znych miest z\u00a0Ke\u017emarku a\u00a0Popradu, skrsla v\u00a0\u0148om my\u0161lienka porovna\u0165 a\u00a0zaznamena\u0165 s\u00fa\u010dasn\u00fd stav odfotografovan\u00fdch lokal\u00edt. V\u010faka tomu m\u00f4\u017eeme porovna\u0165 ke\u017emarsk\u00fa a\u00a0popradsk\u00fa \u00a0vlakov\u00fa stanicu zo za\u010diatku minul\u00e9ho storo\u010dia, ke\u017emarsk\u00fa textiln\u00fa \u0161kola, \u010di \u00a0centr\u00e1 oboch miest. Zmenilo sa toho naozaj dos\u0165, obe mest\u00e1 s\u00fa za desiatky rokov na nepoznanie.<\/p>\n<p><a href=\"http:\/\/slovaklinesmagazin.sk\/cms\/wp-content\/uploads\/2015\/10\/92.jpg\"><img decoding=\"async\" class=\"alignnone\" src=\"http:\/\/slovaklinesmagazin.sk\/cms\/wp-content\/uploads\/2015\/10\/92.jpg\" alt=\"9\" \/><\/a> <a href=\"http:\/\/slovaklinesmagazin.sk\/cms\/wp-content\/uploads\/2015\/10\/82.jpg\"><img decoding=\"async\" class=\"alignnone\" src=\"http:\/\/slovaklinesmagazin.sk\/cms\/wp-content\/uploads\/2015\/10\/82.jpg\" alt=\"8\" \/><\/a> <a href=\"http:\/\/slovaklinesmagazin.sk\/cms\/wp-content\/uploads\/2015\/10\/72.jpg\"><img decoding=\"async\" class=\"alignnone\" src=\"http:\/\/slovaklinesmagazin.sk\/cms\/wp-content\/uploads\/2015\/10\/72.jpg\" alt=\"7\" \/><\/a> <a href=\"http:\/\/slovaklinesmagazin.sk\/cms\/wp-content\/uploads\/2015\/10\/63.jpg\"><img decoding=\"async\" class=\"alignnone\" src=\"http:\/\/slovaklinesmagazin.sk\/cms\/wp-content\/uploads\/2015\/10\/63.jpg\" alt=\"6\" \/><\/a> <a href=\"http:\/\/slovaklinesmagazin.sk\/cms\/wp-content\/uploads\/2015\/10\/53.jpg\"><img decoding=\"async\" class=\"alignnone\" src=\"http:\/\/slovaklinesmagazin.sk\/cms\/wp-content\/uploads\/2015\/10\/53.jpg\" alt=\"5\" \/><\/a> <a href=\"http:\/\/slovaklinesmagazin.sk\/cms\/wp-content\/uploads\/2015\/10\/43.jpg\"><img decoding=\"async\" class=\"alignnone\" src=\"http:\/\/slovaklinesmagazin.sk\/cms\/wp-content\/uploads\/2015\/10\/43.jpg\" alt=\"4\" \/><\/a> <a href=\"http:\/\/slovaklinesmagazin.sk\/cms\/wp-content\/uploads\/2015\/10\/24.jpg\"><img decoding=\"async\" class=\"alignnone\" src=\"http:\/\/slovaklinesmagazin.sk\/cms\/wp-content\/uploads\/2015\/10\/24.jpg\" alt=\"2\" \/><\/a> <a href=\"http:\/\/slovaklinesmagazin.sk\/cms\/wp-content\/uploads\/2015\/10\/113.jpg\"><img decoding=\"async\" class=\"alignnone\" src=\"http:\/\/slovaklinesmagazin.sk\/cms\/wp-content\/uploads\/2015\/10\/113.jpg\" alt=\"1\" \/><\/a><\/p>\n<p>&nbsp;<\/p>\n<p>Foto: Jozef Br\u00e9da<\/p>\n","protected":false},"excerpt":{"rendered":"<p>Cestovanie v\u00a0\u010dase pripom\u00ednaj\u00fa fotografie Slov\u00e1ka Jozefa Br\u00e9du. Ke\u010f z\u00edskal historick\u00e9 \u00a0fotografie r\u00f4znych miest z\u00a0Ke\u017emarku a\u00a0Popradu, skrsla v\u00a0\u0148om my\u0161lienka porovna\u0165 a\u00a0zaznamena\u0165 s\u00fa\u010dasn\u00fd stav odfotografovan\u00fdch lokal\u00edt. V\u010faka tomu m\u00f4\u017eeme porovna\u0165 ke\u017emarsk\u00fa a\u00a0popradsk\u00fa \u00a0vlakov\u00fa stanicu zo za\u010diatku minul\u00e9ho storo\u010dia, ke\u017emarsk\u00fa textiln\u00fa \u0161kola, \u010di \u00a0centr\u00e1 oboch miest. Zmenilo sa toho naozaj dos\u0165, obe mest\u00e1 s\u00fa za desiatky rokov na [&hellip;]<\/p>\n","protected":false},"author":9,"featured_media":68894,"comment_status":"closed","ping_status":"closed","sticky":false,"template":"","format":"standard","meta":{"footnotes":""},"categories":[9,48],"tags":[],"class_list":["post-68888","post","type-post","status-publish","format-standard","has-post-thumbnail","hentry","category-lifestyle","category-umenie-a-kultura","eq-blocks"],"_links":{"self":[{"href":"https:\/\/www.slovaklinesmagazin.sk\/cms\/wp-json\/wp\/v2\/posts\/68888","targetHints":{"allow":["GET"]}}],"collection":[{"href":"https:\/\/www.slovaklinesmagazin.sk\/cms\/wp-json\/wp\/v2\/posts"}],"about":[{"href":"https:\/\/www.slovaklinesmagazin.sk\/cms\/wp-json\/wp\/v2\/types\/post"}],"author":[{"embeddable":true,"href":"https:\/\/www.slovaklinesmagazin.sk\/cms\/wp-json\/wp\/v2\/users\/9"}],"replies":[{"embeddable":true,"href":"https:\/\/www.slovaklinesmagazin.sk\/cms\/wp-json\/wp\/v2\/comments?post=68888"}],"version-history":[{"count":1,"href":"https:\/\/www.slovaklinesmagazin.sk\/cms\/wp-json\/wp\/v2\/posts\/68888\/revisions"}],"predecessor-version":[{"id":68901,"href":"https:\/\/www.slovaklinesmagazin.sk\/cms\/wp-json\/wp\/v2\/posts\/68888\/revisions\/68901"}],"wp:featuredmedia":[{"embeddable":true,"href":"https:\/\/www.slovaklinesmagazin.sk\/cms\/wp-json\/wp\/v2\/media\/68894"}],"wp:attachment":[{"href":"https:\/\/www.slovaklinesmagazin.sk\/cms\/wp-json\/wp\/v2\/media?parent=68888"}],"wp:term":[{"taxonomy":"category","embeddable":true,"href":"https:\/\/www.slovaklinesmagazin.sk\/cms\/wp-json\/wp\/v2\/categories?post=68888"},{"taxonomy":"post_tag","embeddable":true,"href":"https:\/\/www.slovaklinesmagazin.sk\/cms\/wp-json\/wp\/v2\/tags?post=68888"}],"curies":[{"name":"wp","href":"https:\/\/api.w.org\/{rel}","templated":true}]}}