{"id":69080,"date":"2015-10-07T14:42:00","date_gmt":"2015-10-07T12:42:00","guid":{"rendered":"http:\/\/slovaklinesmagazin.sk\/cms\/?p=69080"},"modified":"2015-10-07T14:43:23","modified_gmt":"2015-10-07T12:43:23","slug":"na-podporu-cyklistickej-dopravy-vyuzije-slovensko-50-milionov-eur-z-eurofondov","status":"publish","type":"post","link":"https:\/\/www.slovaklinesmagazin.sk\/cms\/2015\/10\/na-podporu-cyklistickej-dopravy-vyuzije-slovensko-50-milionov-eur-z-eurofondov\/","title":{"rendered":"Na podporu cyklistickej dopravy vyu\u017eije Slovensko 50 mili\u00f3nov eur z eurofondov"},"content":{"rendered":"<p><strong>Bratislava (6. okt\u00f3bra 2015) \u2013 Z\u00a0eurofondov pl\u00e1nuje Slovensko vyu\u017ei\u0165 na podporu cyklistickej\u00a0 dopravy, cykloturistiky a budovanie cyklotr\u00e1s predbe\u017ene a\u017e 50 mili\u00f3nov eur. Aj t\u00e1to inform\u00e1cia odznela na 7. ro\u010dn\u00edku n\u00e1rodnej konferencie Cyklistick\u00e1 doprava 2015, ktor\u00e1 sa kon\u00e1 pod z\u00e1\u0161titou ministerstva dopravy, v\u00fdstavby a region\u00e1lneho rozvoja v\u00a0Banskej Bystrici.<\/strong><\/p>\n<p><em>\u00a0\u201eMinisterstvo dopravy si uvedomuje, \u017ee ob\u013e\u00fabenos\u0165 nemotorovej dopravy rastie a z\u00edskava na v\u00fdzname. Aj preto<\/em> <em>rob\u00edme v\u0161etko potrebn\u00e9 pre to, aby bol kone\u010dne cyklista vn\u00edman\u00fd ako plnohodnotn\u00fd \u00fa\u010dastn\u00edk cestnej prem\u00e1vky a cykloturistika sa stala prirodzenou s\u00fa\u010das\u0165ou cestovn\u00e9ho ruchu,\u201c <\/em>povedal na \u00favod konferencie \u0161t\u00e1tny tajomn\u00edk ministerstva dopravy, v\u00fdstavby a\u00a0region\u00e1lneho rozvoja Franti\u0161ek Palko. Pripomenul, \u017ee z\u00e1kladom je N\u00e1rodn\u00e1 strat\u00e9gia rozvoja cyklistickej dopravy a cykloturistiky v Slovenskej republike, ktor\u00fa vl\u00e1da schv\u00e1lila pred dvoma rokmi. Aj preto je dobrou spr\u00e1vou, \u017ee cyklodoprava na Slovensku bude podporen\u00e1 aj z\u00a0eurofondov v\u00a0novom programovom obdob\u00ed, prim\u00e1rne z\u00a0Integrovan\u00e9ho region\u00e1lneho opera\u010dn\u00e9ho programu.<\/p>\n<p>\u0160t\u00e1tny tajomn\u00edk Palko na konferencii spomenul aj podujatia, ktor\u00e9 ministerstvo akt\u00edvne podporuje a\u00a0organizuje. Tento rok sa uskuto\u010dnil \u00faspe\u0161n\u00fd druh\u00fd ro\u010dn\u00edk Do pr\u00e1ce na bicykli 2015. Do s\u00fa\u0165a\u017ee sa zapojilo vy\u0161e 2700 cyklistov z\u00a055 miest. Ministerstvo dopravy sa rozhodlo po zorganizovan\u00ed s\u00fa\u0165a\u017ee pre dospel\u00fdch zamera\u0165 aj na mlad\u00fa gener\u00e1ciu. Minul\u00fd mesiac vyhl\u00e1silo kampa\u0148 Do \u0161koly na bicykli. Do pilotn\u00e9ho ro\u010dn\u00edka sa zapojilo vy\u0161e sto \u0161k\u00f4l.<\/p>\n<p>Siedmy ro\u010dn\u00edk n\u00e1rodnej konferencie bude pokra\u010dova\u0165 v\u00a0Banskej Bystrici aj zajtra. \u00da\u010dastn\u00edci konferencie sa m\u00f4\u017eu te\u0161i\u0165 aj na vyst\u00fapenia zahrani\u010dn\u00fdch odborn\u00edkov z\u00a0\u010ceskej republiky, Holandska, Nemecka a Po\u013eska. Konferenciu okrem ministerstva dopravy podporilo aj ministerstva \u017eivotn\u00e9ho prostredia a prim\u00e1tor mesta Bansk\u00e1 Bystrica.<\/p>\n","protected":false},"excerpt":{"rendered":"<p>Bratislava (6. okt\u00f3bra 2015) \u2013 Z\u00a0eurofondov pl\u00e1nuje Slovensko vyu\u017ei\u0165 na podporu cyklistickej\u00a0 dopravy, cykloturistiky a budovanie cyklotr\u00e1s predbe\u017ene a\u017e 50 mili\u00f3nov eur. Aj t\u00e1to inform\u00e1cia odznela na 7. ro\u010dn\u00edku n\u00e1rodnej konferencie Cyklistick\u00e1 doprava 2015, ktor\u00e1 sa kon\u00e1 pod z\u00e1\u0161titou ministerstva dopravy, v\u00fdstavby a region\u00e1lneho rozvoja v\u00a0Banskej Bystrici. \u00a0\u201eMinisterstvo dopravy si uvedomuje, \u017ee ob\u013e\u00fabenos\u0165 nemotorovej dopravy [&hellip;]<\/p>\n","protected":false},"author":7,"featured_media":0,"comment_status":"closed","ping_status":"closed","sticky":false,"template":"","format":"standard","meta":{"footnotes":""},"categories":[52,56,14],"tags":[],"class_list":["post-69080","post","type-post","status-publish","format-standard","hentry","category-outdoor","category-priroda","category-sport","eq-blocks"],"_links":{"self":[{"href":"https:\/\/www.slovaklinesmagazin.sk\/cms\/wp-json\/wp\/v2\/posts\/69080","targetHints":{"allow":["GET"]}}],"collection":[{"href":"https:\/\/www.slovaklinesmagazin.sk\/cms\/wp-json\/wp\/v2\/posts"}],"about":[{"href":"https:\/\/www.slovaklinesmagazin.sk\/cms\/wp-json\/wp\/v2\/types\/post"}],"author":[{"embeddable":true,"href":"https:\/\/www.slovaklinesmagazin.sk\/cms\/wp-json\/wp\/v2\/users\/7"}],"replies":[{"embeddable":true,"href":"https:\/\/www.slovaklinesmagazin.sk\/cms\/wp-json\/wp\/v2\/comments?post=69080"}],"version-history":[{"count":1,"href":"https:\/\/www.slovaklinesmagazin.sk\/cms\/wp-json\/wp\/v2\/posts\/69080\/revisions"}],"predecessor-version":[{"id":69081,"href":"https:\/\/www.slovaklinesmagazin.sk\/cms\/wp-json\/wp\/v2\/posts\/69080\/revisions\/69081"}],"wp:attachment":[{"href":"https:\/\/www.slovaklinesmagazin.sk\/cms\/wp-json\/wp\/v2\/media?parent=69080"}],"wp:term":[{"taxonomy":"category","embeddable":true,"href":"https:\/\/www.slovaklinesmagazin.sk\/cms\/wp-json\/wp\/v2\/categories?post=69080"},{"taxonomy":"post_tag","embeddable":true,"href":"https:\/\/www.slovaklinesmagazin.sk\/cms\/wp-json\/wp\/v2\/tags?post=69080"}],"curies":[{"name":"wp","href":"https:\/\/api.w.org\/{rel}","templated":true}]}}