{"id":69082,"date":"2015-10-07T14:45:33","date_gmt":"2015-10-07T12:45:33","guid":{"rendered":"http:\/\/slovaklinesmagazin.sk\/cms\/?p=69082"},"modified":"2015-10-07T14:45:33","modified_gmt":"2015-10-07T12:45:33","slug":"do-kampane-do-skoly-na-bicykli-sa-zapojilo-uz-viac-ako-sto-skol","status":"publish","type":"post","link":"https:\/\/www.slovaklinesmagazin.sk\/cms\/2015\/10\/do-kampane-do-skoly-na-bicykli-sa-zapojilo-uz-viac-ako-sto-skol\/","title":{"rendered":"Do kampane Do \u0161koly na bicykli sa zapojilo u\u017e viac ako sto \u0161k\u00f4l"},"content":{"rendered":"<p><strong>N\u00e1vrh cyklotrasy do \u0161koly, cykloturistick\u00fd v\u00fdlet v\u00a0r\u00e1mci vyu\u010dovania alebo s\u00fa\u0165a\u017e v\u00a0skoku do v\u00fd\u0161ky na bicykli. Aj tak\u00e9to n\u00e1pady zrealizovali alebo navrhli \u0161koly ministerstvu dopravy, v\u00fdstavby a\u00a0region\u00e1lneho rozvoja v\u00a0r\u00e1mci pilotn\u00e9ho ro\u010dn\u00edka Do \u0161koly na bicykli. A\u017e vy\u0161e sto \u0161k\u00f4l sa v\u00a0septembri zapojilo do podujatia, ktor\u00fdm ministerstvo dopravy chce nadviaza\u0165 na \u00faspe\u0161n\u00fa s\u00fa\u0165a\u017e pre dospel\u00fdch \u2013 Do pr\u00e1ce na bicykli. \u00a0Kampa\u0148 sa e\u0161te celkom nekon\u010d\u00ed. \u0160koly do konca okt\u00f3bra m\u00f4\u017eu vyplni\u0165 dotazn\u00edk na internetovej str\u00e1nke ministerstva. Odpovede z dotazn\u00edka pou\u017eije ministerstvo pri pr\u00edprave\u00a0\u010fal\u0161ieho ro\u010dn\u00edka.<\/strong><\/p>\n<p><em>\u00a0\u201eMinisterstvo dopravy sa aj tak\u00fdmto sp\u00f4sobom sna\u017e\u00ed podpori\u0165 zdrav\u00fd \u017eivotn\u00fd \u0161t\u00fdl u\u017e u mal\u00fdch det\u00ed. Preto sme sa rozhodli po zorganizovan\u00ed s\u00fa\u0165a\u017ee pre dospel\u00fdch zamera\u0165 aj na mlad\u00fa gener\u00e1ciu,\u201c <\/em>povedal n\u00e1rodn\u00fd cyklokoordin\u00e1tor Peter Klu\u010dka.\u00a0 V r\u00e1mci nult\u00e9ho ro\u010dn\u00edka ministerstvo oslovilo v\u0161etky z\u00e1kladn\u00e9 a\u00a0stredn\u00e9 \u0161koly. <em>\u201eTento rok sme chceli od \u0161k\u00f4l len stru\u010dn\u00e9 inform\u00e1cie a\u00a0n\u00e1pady, ako by sa dala podporova\u0165 cyklodoprava v\u00a0ich konkr\u00e9tnych podmienkach,\u201c<\/em> povedal Klu\u010dka. Pilotn\u00fd ro\u010dn\u00edk pod\u013ea neho uk\u00e1zal, \u017ee aj najmen\u0161\u00ed maj\u00fa z\u00e1ujem o\u00a0zdrav\u00fd sp\u00f4sob dopravy.<\/p>\n<p>Z\u00a0najlep\u0161\u00edch n\u00e1metov priamo zo \u0161k\u00f4l, ako aj z\u00a0diskusie s\u00a0odborn\u00edkmi, by ministerstvo v\u00a0bud\u00facom roku chcelo pripravi\u0165 podujatie, ktor\u00e9 by \u017eiakov aj \u0161koly motivovalo na\u00a0v\u00e4\u010d\u0161ie zapojenie bicykla pri cest\u00e1ch \u017eiakov do a\u00a0zo \u0161koly. \u0160koly pri\u0161li s\u00a0n\u00e1padmi ako napr\u00edklad De\u0148 do \u0161koly na bicykli, zelen\u00e1 karta na odmietnutie zn\u00e1mky pre ka\u017ed\u00e9ho, kto pr\u00edde do \u0161koly na bicykli alebo s\u010d\u00edtavanie cyklistov v\u00a0okol\u00ed \u0161k\u00f4l. Z n\u00e1padov \u0161k\u00f4l chce ministerstvo vytvori\u0165 on-line bro\u017e\u00faru s\u00a0najzauj\u00edmavej\u0161\u00edmi aktivitami na in\u0161pir\u00e1ciu \u0161k\u00f4l do \u010fal\u0161\u00edch ro\u010dn\u00edkov kampane.<\/p>\n<p>V dotazn\u00edkoch ministerstvo zis\u0165uje aj d\u00f4vody, pre\u010do sa v\u00fdraznej\u0161ie nepou\u017e\u00edva bicykel na cestu do \u0161koly. Za najv\u00e4\u010d\u0161ie prek\u00e1\u017eky \u0161koly pova\u017euj\u00fa najm\u00e4 nedostatok cyklostojanov v \u0161kol\u00e1ch, ako aj ch\u00fdbaj\u00face bezpe\u010dn\u00e9 cyklotrasy v\u00a0obciach a mest\u00e1ch. Ministerstvo dopravy ver\u00ed, \u017ee v\u00fdsledky z\u00a0tohto prieskumu pom\u00f4\u017eu aj ostatn\u00fdm ministerstv\u00e1m. <em>\u201eV\u00a0spolupr\u00e1ci s\u00a0ministerstvom \u0161kolstva a\u00a0ministerstvom vn\u00fatra vyu\u017eijeme v\u00fdsledky na zv\u00fd\u0161en\u00fa podporu dopravnej v\u00fdchovy na \u0161kol\u00e1ch so zameran\u00edm na kvalitnej\u0161iu prevenciu a\u00a0bezpe\u010dnos\u0165 cestnej prem\u00e1vky,\u201c<\/em> povedal Klu\u010dka. Ministerstvo zdravotn\u00edctva z\u00e1rove\u0148 vyu\u017eije z\u00edskan\u00e9 poznatky v\u00a0implement\u00e1cii N\u00e1rodn\u00e9ho ak\u010dn\u00e9ho pl\u00e1nu v prevencii obezity na roky 2015 \u2013 2025.<\/p>\n<p>Dotazn\u00edk, ako aj priebe\u017en\u00e9 v\u00fdsledky s\u00fa dostupn\u00e9 na internetovej str\u00e1nke ministerstva <a href=\"http:\/\/www.telecom.gov.sk\/index\/index.php?ids=180407\">http:\/\/www.telecom.gov.sk\/index\/index.php?ids=180407<\/a><\/p>\n<p><strong>\u00a0<\/strong><\/p>\n","protected":false},"excerpt":{"rendered":"<p>N\u00e1vrh cyklotrasy do \u0161koly, cykloturistick\u00fd v\u00fdlet v\u00a0r\u00e1mci vyu\u010dovania alebo s\u00fa\u0165a\u017e v\u00a0skoku do v\u00fd\u0161ky na bicykli. Aj tak\u00e9to n\u00e1pady zrealizovali alebo navrhli \u0161koly ministerstvu dopravy, v\u00fdstavby a\u00a0region\u00e1lneho rozvoja v\u00a0r\u00e1mci pilotn\u00e9ho ro\u010dn\u00edka Do \u0161koly na bicykli. A\u017e vy\u0161e sto \u0161k\u00f4l sa v\u00a0septembri zapojilo do podujatia, ktor\u00fdm ministerstvo dopravy chce nadviaza\u0165 na \u00faspe\u0161n\u00fa s\u00fa\u0165a\u017e pre dospel\u00fdch \u2013 Do [&hellip;]<\/p>\n","protected":false},"author":7,"featured_media":0,"comment_status":"closed","ping_status":"closed","sticky":false,"template":"","format":"standard","meta":{"footnotes":""},"categories":[45,11,52,56,14,44],"tags":[],"class_list":["post-69082","post","type-post","status-publish","format-standard","hentry","category-nas-tip","category-news","category-outdoor","category-priroda","category-sport","category-zdravie","eq-blocks"],"_links":{"self":[{"href":"https:\/\/www.slovaklinesmagazin.sk\/cms\/wp-json\/wp\/v2\/posts\/69082","targetHints":{"allow":["GET"]}}],"collection":[{"href":"https:\/\/www.slovaklinesmagazin.sk\/cms\/wp-json\/wp\/v2\/posts"}],"about":[{"href":"https:\/\/www.slovaklinesmagazin.sk\/cms\/wp-json\/wp\/v2\/types\/post"}],"author":[{"embeddable":true,"href":"https:\/\/www.slovaklinesmagazin.sk\/cms\/wp-json\/wp\/v2\/users\/7"}],"replies":[{"embeddable":true,"href":"https:\/\/www.slovaklinesmagazin.sk\/cms\/wp-json\/wp\/v2\/comments?post=69082"}],"version-history":[{"count":1,"href":"https:\/\/www.slovaklinesmagazin.sk\/cms\/wp-json\/wp\/v2\/posts\/69082\/revisions"}],"predecessor-version":[{"id":69083,"href":"https:\/\/www.slovaklinesmagazin.sk\/cms\/wp-json\/wp\/v2\/posts\/69082\/revisions\/69083"}],"wp:attachment":[{"href":"https:\/\/www.slovaklinesmagazin.sk\/cms\/wp-json\/wp\/v2\/media?parent=69082"}],"wp:term":[{"taxonomy":"category","embeddable":true,"href":"https:\/\/www.slovaklinesmagazin.sk\/cms\/wp-json\/wp\/v2\/categories?post=69082"},{"taxonomy":"post_tag","embeddable":true,"href":"https:\/\/www.slovaklinesmagazin.sk\/cms\/wp-json\/wp\/v2\/tags?post=69082"}],"curies":[{"name":"wp","href":"https:\/\/api.w.org\/{rel}","templated":true}]}}