{"id":69177,"date":"2015-10-14T13:42:47","date_gmt":"2015-10-14T11:42:47","guid":{"rendered":"http:\/\/slovaklinesmagazin.sk\/cms\/?p=69177"},"modified":"2015-10-14T14:02:47","modified_gmt":"2015-10-14T12:02:47","slug":"som-mama-kristina-farkasova","status":"publish","type":"post","link":"https:\/\/www.slovaklinesmagazin.sk\/cms\/2015\/10\/som-mama-kristina-farkasova\/","title":{"rendered":"Som mama &#8211; Krist\u00edna Farka\u0161ov\u00e1"},"content":{"rendered":"<p>\u00daspe\u0161n\u00e1 slovensk\u00e1 here\u010dka, moder\u00e1torka a kreat\u00edvna autorka vtipn\u00fdch pr\u00fa\u017ekovan\u00fdch tri\u010diek Krist\u00edna Farka\u0161ov\u00e1 je \u0161\u0165astnou mamou dvoji\u010diek Ely a Matildy. O svojich sk\u00fasenostiach a z\u00e1\u017eitkoch s tehotenstvom a materstvom za\u010dala p\u00edsa\u0165 vtipn\u00fd blog a ten oslovil mno\u017estvo mami\u010diek. Pre v\u0161etk\u00fdch, ktor\u00fdm je jej humor bl\u00edzky a t\u00e9ma sa im zd\u00e1 viac ne\u017e pr\u00ed\u0165a\u017eliv\u00e1, vyd\u00e1va knihu, v ktorej sa hrdo hl\u00e1si k tomu, \u010do jej rob\u00ed najv\u00e4\u010d\u0161iu rados\u0165: Som mama! Ilustroval Boris Farka\u0161.<\/p>\n<p style=\"text-align: center;\">T\u00fato kni\u017eku si m\u00f4\u017eete k\u00fapi\u0165 <a href=\"http:\/\/www.pantarhei.sk\/knihy\/beletria\/slovenska-beletria\/som-mama.html#more-information\" target=\"_blank\">TU<\/a><\/p>\n<p style=\"text-align: center;\"><a href=\"http:\/\/www.pantarhei.sk\/knihy\/beletria\/slovenska-beletria\/som-mama.html#more-information\" target=\"_blank\"><img decoding=\"async\" class=\"aligncenter\" src=\"http:\/\/slovaklinesmagazin.sk\/cms\/wp-content\/uploads\/2015\/10\/banner-Ikar-1.jpg\" alt=\"banner Ikar 1\" \/><\/a><\/p>\n<p><iframe loading=\"lazy\" frameborder=\"0\" height=\"480\" src=\"https:\/\/www.youtube.com\/embed\/tlJUd40V5WA\" width=\"854\"><\/iframe><\/p>\n","protected":false},"excerpt":{"rendered":"<p>\u00daspe\u0161n\u00e1 slovensk\u00e1 here\u010dka, moder\u00e1torka a kreat\u00edvna autorka vtipn\u00fdch pr\u00fa\u017ekovan\u00fdch tri\u010diek Krist\u00edna Farka\u0161ov\u00e1 je \u0161\u0165astnou mamou dvoji\u010diek Ely a Matildy. O svojich sk\u00fasenostiach a z\u00e1\u017eitkoch s tehotenstvom a materstvom za\u010dala p\u00edsa\u0165 vtipn\u00fd blog a ten oslovil mno\u017estvo mami\u010diek. Pre v\u0161etk\u00fdch, ktor\u00fdm je jej humor bl\u00edzky a t\u00e9ma sa im zd\u00e1 viac ne\u017e pr\u00ed\u0165a\u017eliv\u00e1, vyd\u00e1va knihu, v [&hellip;]<\/p>\n","protected":false},"author":7,"featured_media":69179,"comment_status":"closed","ping_status":"closed","sticky":false,"template":"","format":"standard","meta":{"footnotes":""},"categories":[45,11,50,54,48],"tags":[],"class_list":["post-69177","post","type-post","status-publish","format-standard","has-post-thumbnail","hentry","category-nas-tip","category-news","category-radim-vam","category-reklamna-ponuka","category-umenie-a-kultura","eq-blocks"],"_links":{"self":[{"href":"https:\/\/www.slovaklinesmagazin.sk\/cms\/wp-json\/wp\/v2\/posts\/69177","targetHints":{"allow":["GET"]}}],"collection":[{"href":"https:\/\/www.slovaklinesmagazin.sk\/cms\/wp-json\/wp\/v2\/posts"}],"about":[{"href":"https:\/\/www.slovaklinesmagazin.sk\/cms\/wp-json\/wp\/v2\/types\/post"}],"author":[{"embeddable":true,"href":"https:\/\/www.slovaklinesmagazin.sk\/cms\/wp-json\/wp\/v2\/users\/7"}],"replies":[{"embeddable":true,"href":"https:\/\/www.slovaklinesmagazin.sk\/cms\/wp-json\/wp\/v2\/comments?post=69177"}],"version-history":[{"count":1,"href":"https:\/\/www.slovaklinesmagazin.sk\/cms\/wp-json\/wp\/v2\/posts\/69177\/revisions"}],"predecessor-version":[{"id":69180,"href":"https:\/\/www.slovaklinesmagazin.sk\/cms\/wp-json\/wp\/v2\/posts\/69177\/revisions\/69180"}],"wp:featuredmedia":[{"embeddable":true,"href":"https:\/\/www.slovaklinesmagazin.sk\/cms\/wp-json\/wp\/v2\/media\/69179"}],"wp:attachment":[{"href":"https:\/\/www.slovaklinesmagazin.sk\/cms\/wp-json\/wp\/v2\/media?parent=69177"}],"wp:term":[{"taxonomy":"category","embeddable":true,"href":"https:\/\/www.slovaklinesmagazin.sk\/cms\/wp-json\/wp\/v2\/categories?post=69177"},{"taxonomy":"post_tag","embeddable":true,"href":"https:\/\/www.slovaklinesmagazin.sk\/cms\/wp-json\/wp\/v2\/tags?post=69177"}],"curies":[{"name":"wp","href":"https:\/\/api.w.org\/{rel}","templated":true}]}}