{"id":69410,"date":"2015-11-12T08:00:30","date_gmt":"2015-11-12T06:00:30","guid":{"rendered":"http:\/\/slovaklinesmagazin.sk\/cms\/?p=69410"},"modified":"2015-11-12T08:37:33","modified_gmt":"2015-11-12T06:37:33","slug":"zimna-sezona-v-stajersku","status":"publish","type":"post","link":"https:\/\/www.slovaklinesmagazin.sk\/cms\/2015\/11\/zimna-sezona-v-stajersku\/","title":{"rendered":"Zimn\u00e1 sez\u00f3na v \u0160tajersku"},"content":{"rendered":"<p>&nbsp;<\/p>\n<p><strong>Op\u00e4\u0165 majstrovstv\u00e1 sveta v \u0160tajersku <\/strong><\/p>\n<p>Od 15. do 17. janu\u00e1ra 2016 bud\u00fa na skokanskom most\u00edku Kulm v regi\u00f3ne Ausseerland-Salzkammergut v r\u00e1mci Majstrovstiev sveta v skokoch na ly\u017eiach FIS bojova\u0165 o zlato, striebro a bronz najlep\u0161\u00ed skokani na ly\u017eiach na svete. Bud\u00fa to jedin\u00e9 majstrovstv\u00e1 sveta Medzin\u00e1rodnej ly\u017eiarskej feder\u00e1cie v zimnej sez\u00f3ne 2015\/2016. Vrcholom \u0161tvord\u0148ovej oslavy skokov na ly\u017eiach na najv\u00e4\u010d\u0161om ly\u017eiarskom most\u00edku v Rak\u00fasku je u\u017e legend\u00e1rna p\u00e1rty v\u00ed\u0165azov v sobotu ve\u010der.<\/p>\n<p>Skokansk\u00fd most\u00edk postaven\u00fd pred 63 rokmi bol priebe\u017ene roz\u0161\u00edren\u00fd, resp. prestavan\u00fd a dnes patr\u00ed k najmodernej\u0161\u00edm svojho druhu na svete. V r\u00e1mci pr\u00edprav na MS bol prestavan\u00fd a zmodernizovan\u00fd u\u017e na Svetov\u00fd poh\u00e1r 2015. Pribli\u017ene za 4,2 mil. eur bol presunut\u00fd odrazov\u00fd st\u00f4l na existuj\u00facom pr\u00edrodnom rozjazde o 8 metrov nahor a 21 metrov dozadu, pred\u013a\u017eila sa predn\u00e1 \u010das\u0165 a bubon bol prisp\u00f4soben\u00fd tak, aby sa most\u00edk Kulm mohol zv\u00e4\u010d\u0161i\u0165 na kon\u0161truk\u010dn\u00fd bod 200\/hillsize 225. Pri Svetovom poh\u00e1ri v skokoch na ly\u017eiach v janu\u00e1ri 2015 tu Severin Freund zv\u00fd\u0161il rekord v skoku na ly\u017eiach na 237,5 metra.<br \/>\n(Pre porovnanie: Svetov\u00fd rekord v skoku na ly\u017eiach n\u00f3rskeho skokana Andersa Fannemela sa rovn\u00e1 251,5 metra.)<\/p>\n<p>&nbsp;<\/p>\n<p style=\"text-align: center;\"><img loading=\"lazy\" decoding=\"async\" class=\"aligncenter\" src=\"http:\/\/slovaklinesmagazin.sk\/cms\/wp-content\/uploads\/2015\/10\/4320.jpg\" alt=\"Skitourenabfahrt mit Dachstein-Gipfel im Hintergrund\" width=\"665\" height=\"997\" \/><\/p>\n<p style=\"text-align: center;\">\u00a9 Steiermark Tourismus \/ Andreas Kacher<\/p>\n<p><strong>Hubert Neuper, skokansk\u00e1 legenda a \u0161\u00e9f most\u00edka Kulm sa k tomu vyjadril takto:<\/strong> \u201eVidie\u0165 \u013eud\u00ed bez technickej pomoci osem sek\u00fand letie\u0165 vzduchom do vzdialenosti 250 metrov je viac ne\u017e p\u00f4sobiv\u00e9. Zdie\u013ea\u0165 tento z\u00e1\u017eitok s tis\u00edckami fan\u00fa\u0161ikov je jednozna\u010dne nezabudnute\u013en\u00e9.\u201c <a href=\"http:\/\/www.ausseerland.at\">www.ausseerland.at<\/a>, <a href=\"http:\/\/www.skifliegen.at\">www.skifliegen.at<\/a><\/p>\n<p><strong>\u0160peci\u00e1lne zimn\u00e9 olympijsk\u00e9 hry 2017 a Pre-Games 2016<\/strong><\/p>\n<p>Celosvetovo najv\u00e4\u010d\u0161ie \u0161portovo-spolo\u010densk\u00e9 podujatie pl\u00e1novan\u00e9 v Grazi, Schladmingu, Ramsau na marec 2017 bude ma\u0165 svoju gener\u00e1lku v janu\u00e1ri 2016 v podobe \u201ePre-Games\u201c.<\/p>\n<p><strong>\u201eHeartbeat for the World\u201c<\/strong> \u2013 pod t\u00fdmto mottom sa v d\u0148och od 14. do 25. marca 2017 bud\u00fa kona\u0165 11. \u0161peci\u00e1lne zimn\u00e9 olympijsk\u00e9 hry pre \u013eud\u00ed s intelektu\u00e1lnym hendikepom. Po metropol\u00e1ch, ako napr. Nagano, At\u00e9ny, Pchjong\u010dchang alebo Los Angeles, bude ma\u0165 \u0160tajersko v roku 2017 po druh\u00fdkr\u00e1t od roku 1993 ve\u013ek\u00fa \u010des\u0165 zorganizova\u0165 t\u00fato svetovo najv\u00e4\u010d\u0161iu \u0161portov\u00fa a spolo\u010densk\u00fa udalos\u0165. Miestom konania je Graz a Schladming\u2013Dachstein (spolu s obcami Schladming a Ramsau). Na svetov\u00fdch zimn\u00fdch hr\u00e1ch 2017 v Rak\u00fasku sa o\u010dak\u00e1va okolo 3 000 atl\u00e9tov 110 n\u00e1rodnost\u00ed. Okrem \u0161portov\u00fdch s\u00fa\u0165a\u017e\u00ed bud\u00fa prebieha\u0165 mnoh\u00e9 \u010fal\u0161ie soci\u00e1lne a spolo\u010densk\u00e9 impulzy.<\/p>\n<p>Od <strong>10. do 15. janu\u00e1ra 2016<\/strong> sa u\u017e bud\u00fa kona\u0165 <strong>Pre-Games<\/strong>, ktor\u00e9 bud\u00fa prebieha\u0165 v deviatich \u0161portov\u00fdch discipl\u00ednach. Pre-Games s\u00fa z\u00e1rove\u0148 N\u00e1rodn\u00fdmi zimn\u00fdmi hrami Special Olympics Rak\u00fasko s medzin\u00e1rodnou \u00fa\u010das\u0165ou. O\u010dak\u00e1va sa viac ne\u017e 1 000 atl\u00e9tov a 500 tr\u00e9nerov zo v\u0161etk\u00fdch \u010dast\u00ed Rak\u00faska a 23 \u010fal\u0161\u00edch n\u00e1rodnost\u00ed \u2013 okrem in\u00fdch aj z exotick\u00fdch kraj\u00edn, ako s\u00fa Japonsko, \u010c\u00edna, Katar a Uzbekistan. O bezprobl\u00e9mov\u00fd priebeh sa bude stara\u0165 pribli\u017ene 650 dobrovo\u013en\u00edkov. \u0160portov\u00e9 discipl\u00edny, v ktor\u00fdch si \u0161portovci zmeraj\u00fa sily, s\u00fa krasokor\u010du\u013eovanie, r\u00fdchlokor\u010du\u013eovanie, floorhokej\/floorbal, bavorsk\u00fd curling (Graz), alpsk\u00e9 ly\u017eovanie a snowboardovanie (Schladming-Rohrmoos), be\u017eeck\u00e9 ly\u017eovanie a beh na sne\u017eniciach (Ramsau am Dachstein).<\/p>\n<p>Na programe Pre-Games je tie\u017e MATP (Motor Activity Training Programm) pre \u013eud\u00ed s \u0165a\u017e\u0161\u00edm alebo viacn\u00e1sobn\u00fdm hendikepom a tanec ako demon\u0161tra\u010dn\u00e1 s\u00fa\u0165a\u017e. Otv\u00e1rac\u00ed ceremoni\u00e1l sa uskuto\u010dn\u00ed v nede\u013eu 10. janu\u00e1ra 2016 v Schladmingu, z\u00e1vere\u010dn\u00fd ceremoni\u00e1l sa bude kona\u0165 vo \u0161tvrtok 14. janu\u00e1ra 2016 v Grazi a Schladmingu. <a href=\"http:\/\/www.austria2017.org\">www.austria2017.org<\/a><\/p>\n<p><strong>Roz\u0161\u00edrenie ly\u017eiarskeho strediska Turracher H\u00f6he <\/strong><\/p>\n<p>Turracher H\u00f6he investuje do roz\u0161\u00edrenia ly\u017eiarskeho strediska v najbli\u017e\u0161\u00edch 3 rokoch 16 mil. eur. Na zimu 2015\/16 sa dokon\u010duje lanovka na Schafalm, \u0161tyri nov\u00e9 trasy a celkovo \u0161tyri dodato\u010dn\u00e9 kilometre zjazdoviek. Nov\u00e1 lanovka na Schafalm, ktor\u00e1 by mala by\u0165 uveden\u00e1 do prev\u00e1dzky v novembri, predstavuje 6-seda\u010dkov\u00fa lanovku s krytmi a vyhrievan\u00fdmi sedadlami s prepravnou kapacitou 2 000 os\u00f4b za hodinu. Vrcholov\u00e1 stanica sa nach\u00e1dza vo v\u00fd\u0161ke 2 080 m, bezprostredne ved\u013ea zjazdu z vrchu Kornock. Z\u00e1vere\u010dn\u00e9 roz\u0161\u00edrenie ly\u017eiarskeho strediska Schafalm o \u010fal\u0161iu tra\u0165 (dva kilometre zjazdovky) a o nov\u00fa reten\u010dn\u00fa n\u00e1dr\u017e bude nasledova\u0165 v lete 2016, resp. 2017. <a href=\"http:\/\/www.turracherhoehe.at\">www.turracherhoehe.at<\/a><\/p>\n<p><strong>U\u0161etrite na ly\u017eova\u010dke \u2013 tipy z cel\u00e9ho Rak\u00faska<\/strong><\/p>\n<ul>\n<li>V stredisku <strong>Joglland-Waldheimat<\/strong> ly\u017euj\u00fa deti do 14 rokov ZADARMO na ly\u017eiarskom vleku Wiesenhofer v Miesenbachu v kombin\u00e1cii s prenocovan\u00edm v hoteli Paunger v Miesenbachu<\/li>\n<li>V <strong>pr\u00edrodnom parku Almenland<\/strong> je ly\u017eovanie a be\u017ekovanie od pondelka do piatka na Teichalme ZADARMO, ak si zarezervujete dovolenku vo Fladnitzi\/Teichalme, Tyrnau, Nechnitzi alebo Tulwitzi.<\/li>\n<li>\u0160peci\u00e1lne podmienky pre rodiny s\u00fa v\u0161ak aj v najv\u00e4\u010d\u0161ej \u0161tajerskej ly\u017eiarskej oblasti \u2013 v regi\u00f3ne Schladming-Dachstein: Ve\u013ekono\u010dn\u00e9 rodinn\u00e9 akcie s bezplatn\u00fdm skipasom pre deti, rodinn\u00fdm bonusom pre tretie a \u010fal\u0161ie die\u0165a, kartou pre mlad\u00e9 rodiny pre v\u0161etk\u00fdch rodi\u010dov s mal\u00fdm die\u0165a\u0165om a z\u013eavou Junior Weekend Discount pre svahy v Ski amad\u00e9.<\/li>\n<li>V \u0161tyroch ly\u017eiarskych stredisk\u00e1ch zdru\u017eenia \u201eSchneeb\u00e4ren\u201c (Riesneralm, Tauplitz, Planneralm a Kaiserau) plat\u00ed ml\u00e1de\u017en\u00edcka tarifa pre v\u0161etk\u00fdch vo veku do 25 rokov.<\/li>\n<li>Po\u010das akcie \u201eFamily-Days\u201c na Kreischbergu (5. a\u017e 18. decembra a 16. marca a\u017e 3. apr\u00edla) ly\u017euj\u00fa deti do 15 rokov ZADARMO, ak si jeden z rodi\u010dov k\u00fapi skipas.<\/li>\n<li>V ly\u017eiarskom stredisku Grebenzen \u2013 St. Lambrecht platia ceny pre ml\u00e1de\u017e pre v\u0161etk\u00fdch vo veku do 28 rokov.<\/li>\n<\/ul>\n<p><strong>Za\u010diatok sez\u00f3ny a ly\u017eiarsky otv\u00e1rac\u00ed festival<\/strong><\/p>\n<p>Sez\u00f3na od\u0161tartuje ako ka\u017ed\u00fd rok po prvom snehu \u2013 hne\u010f, ak dostato\u010dne nasne\u017e\u00ed, spustia sa prv\u00e9 vleky. Ve\u013ek\u00e9 otvorenie ly\u017eiarskej sez\u00f3ny v\u0161ak osl\u00e1vime op\u00e4\u0165 prv\u00fd decembrov\u00fd v\u00edkend. Vrcholom bude aj tento rok ve\u013ek\u00fd otv\u00e1rac\u00ed koncert v Schladmingu. \u0160tyri top hviezdy pritom op\u00e4\u0165 vytvoria 4. decembra prav\u00fd festivalov\u00fd line-up. Na fan\u00fa\u0161ikov \u010dak\u00e1 aj jedna senz\u00e1cia: Tenacious D bud\u00fa hra\u0165 v Schladmingu svoj jedin\u00fd eur\u00f3psky koncert. Okrem toho vyst\u00fapia nov\u00e1\u010dikovia roka \u201eBilderbuch\u201c, top DJ Fritz Kalkbrenner a rak\u00faska hviezda Christina St\u00fcrmer. Cena vstupenky na koncert: 59,- Eur a kombinovan\u00fd l\u00edstok \u2013 skipas + koncert: 99,- Eur.<\/p>\n<p><strong>Z\u00e1ruka snehu pre be\u017ek\u00e1rov<\/strong><\/p>\n<p><strong>Do \u0161tajersk\u00fdch be\u017ek\u00e1rskych st\u00f4p sa celoro\u010dne investuj\u00fa desa\u0165tis\u00edce pracovn\u00fdch hod\u00edn. A to e\u0161te dlho predt\u00fdm, ako nimi prejd\u00fa prv\u00ed hostia. Okrem najmodernej\u0161\u00edch zasne\u017eovac\u00edch zariaden\u00ed je na niektor\u00fdch miestach e\u0161te aj sneh z predo\u0161l\u00e9ho roku.<\/strong> Sne\u017en\u00e9 del\u00e1 u\u017e viac nie s\u00fa vyhraden\u00e9 len pre svahy, pou\u017e\u00edvaj\u00fa sa aj na perfektn\u00fa pr\u00edpravu be\u017ek\u00e1rskych st\u00f4p. Popredn\u00e9 be\u017ek\u00e1rske regi\u00f3ny \u0160tajerska tak pom\u00e1haj\u00fa Perinbabe, aby mohli pon\u00faka\u0165 tie najlep\u0161ie podmienky. \u0160peci\u00e1lne nasadenie je mo\u017en\u00e9 sledova\u0165 v Ramsau am Dachstein, najd\u00f4le\u017eitej\u0161ej be\u017ek\u00e1rskej oblasti krajiny. Tu sa od roku 2013 rozhodli pre \u201esnowfarming\u201c, aby mohli sez\u00f3nu za\u010da\u0165 sk\u00f4r. Ako to funguje? V Ramsau sa vo febru\u00e1ri zasne\u017eila, resp. nazbierala, vyrovnala a prikryla obrovsk\u00e1 kopa snehu s objemom okolo 5 000 kubick\u00fdch metrov \u2013 pribli\u017ene 500 n\u00e1kladn\u00fdch \u00e1ut. Na to pri\u0161la vrstva drevenej \u0161tiepky a biela plastov\u00e1 f\u00f3lia, ktor\u00e9 chr\u00e1nia sneh pred vetrom. Najvrchnej\u0161\u00edch desa\u0165 centimetrov snehu nas\u00e1va vlhkos\u0165, odparovan\u00edm vznik\u00e1 chlad, ktor\u00fd kopu udr\u017eiava po\u010das letn\u00fdch mesiacov. V\u010faka tomu ostalo pribli\u017ene 80 percent p\u00f4vodn\u00e9ho mno\u017estva snehu, na ktorom sa d\u00e1 op\u00e4\u0165 jazdi\u0165, a sez\u00f3na m\u00f4\u017ee za\u010da\u0165 sk\u00f4r. T\u00fato v\u00fdhodu vyu\u017e\u00edvaj\u00fa v Ramsau koniec koncov tie\u017e niektor\u00e9 eur\u00f3pske n\u00e1rodn\u00e9 t\u00edmy. \u201eSnowfarming\u201c nie je novinka. \u201eUsklad\u0148ovanie snehu, resp. \u013eadu sa vyu\u017e\u00edvalo u\u017e v 18. storo\u010d\u00ed,\u201c vysvet\u013euje Elias Walser, riadite\u013e spolku Tourismusverband Ramsau am Dachstein. \u201eVtedy sa zria\u010fovali tzv. \u013eadov\u00e9 pivnice na to, aby po\u010das letn\u00fdch mesiacov mohlo fungova\u0165 neust\u00e1le z\u00e1sobovanie \u013eadom. N\u00e1\u0161 cie\u013e je, samozrejme, in\u00fd. Vieme, \u017ee produkcia snehu po\u010das janu\u00e1ra a febru\u00e1ra je omnoho menej energeticky n\u00e1ro\u010dn\u00e1 ako po\u010das novembra a decembra. Tak pre\u010do by sme ho mali necha\u0165 roztopi\u0165?\u201c<\/p>\n<p><strong>Zimn\u00fd tip<\/strong>: V tomto roku maj\u00fa n\u00e1v\u0161tevn\u00edci po prv\u00fdkr\u00e1t mo\u017enos\u0165 by\u0165 pri pr\u00edprave ramsausk\u00fdch be\u017ek\u00e1rskych trat\u00ed priamo pritom v pr\u00edstroji na \u00fapravu stopy.<br \/>\n<a href=\"http:\/\/www.ramsau.com\">www.ramsau.com<\/a><\/p>\n<p style=\"text-align: center;\"><img loading=\"lazy\" decoding=\"async\" class=\"aligncenter\" src=\"http:\/\/slovaklinesmagazin.sk\/cms\/wp-content\/uploads\/2015\/10\/4169.jpg\" alt=\"Schneeschuhvergn\u00fcgen auf der Planneralm, Schladming-Dachstein\" width=\"777\" height=\"518\" \/><\/p>\n<p style=\"text-align: center;\">\u00a9 Steiermark Tourismus \/ ikarus.cc<\/p>\n<p>&nbsp;<\/p>\n<p><strong>Tip na podujatie: 3. \u2013 6. 12.: Otvorenie be\u017ek\u00e1rskych trat\u00ed v Ramsau am Dachstein <\/strong><\/p>\n<p>Be\u017ek\u00e1rsky bal\u00ed\u010dek pre akt\u00edvnych be\u017ek\u00e1rov a nov\u00e1\u010dikov zah\u0155\u0148a tr\u00e9novanie techniky v mal\u00fdch skupin\u00e1ch, bezplatn\u00fd test produktu, praktick\u00e9 tr\u00e9ningov\u00e9 tipy, individu\u00e1lnu video anal\u00fdzu, workshopy a predn\u00e1\u0161ky o vybaven\u00ed, voskovan\u00ed, starostlivosti o ly\u017ee, tr\u00e9ning, v\u00fdstavu a e\u0161te omnoho viac. Okrem toho poskytuje be\u017ek\u00e1rsky priemysel (zna\u010dky Atomic, Fischer, Holmenkol, HWK, Komperdell, Madshus, Rossignol, Salomon, Start, Swix, Toko a in\u00e9) na vysk\u00fa\u0161anie svoje najnov\u0161ie be\u017ek\u00e1rske v\u00fdrobky. <a href=\"http:\/\/www.steiermark.com\/langlaufen\">www.steiermark.com\/langlaufen<\/a><\/p>\n<p><strong>\u00a0\u201eZimn\u00e1 svie\u017eos\u0165\u201c ako nov\u00fd \u0165ah\u00e1k<\/strong><\/p>\n<p>V zime 2015\/2016 sa v \u0160tajersku pod n\u00e1zvom \u201eZimn\u00e9 \u0160tajersko\u201c pracuje na roz\u0161\u00edren\u00ed ponuky akt\u00edvneho segmentu popri ly\u017eovan\u00ed a be\u017ekovan\u00ed. \u201eSvie\u017ee zimn\u00e9\u201c aktivity ako skialpinizmus, zimn\u00e1 horsk\u00e1 turistika, prech\u00e1dzky na sne\u017eniciach a s\u00e1nkovanie bud\u00fa v popred\u00ed. V zimnej sez\u00f3ne 2016\/17 n\u00e1sledne v druhom kroku roz\u0161\u00edrime inform\u00e1cie, resp. horsk\u00fdch sprievodcov, mo\u017enosti ubytovania, po\u017ei\u010dovne, inform\u00e1cie o po\u010das\u00ed, kurzy, verejn\u00e1 doprava&#8230;<\/p>\n<p><strong>Rak\u00faska n\u00e1rodn\u00e1 skialpinistick\u00e1 trasa<\/strong><\/p>\n<p>\u013dadovec Dachstein pon\u00faka nespo\u010detn\u00e9 mno\u017estvo skialpinistick\u00fdch tr\u00e1s, prechodov a strm\u00fdch zjazdov. Najzn\u00e1mej\u0161ia trasa okolo svetov\u00e9ho kult\u00farneho dedi\u010dstva Unesco je ale prechod cez \u013eadovec Dachstein. T\u00e1to trasa, ktor\u00e1 sa inak naz\u00fdva aj \u201eRak\u00faska n\u00e1rodn\u00e1 skialpinistick\u00e1 trasa\u201c, je jednou z najkraj\u0161\u00edch skialpinistick\u00fdch tr\u00e1s na celom \u00fazem\u00ed \u00c1lp. Za\u010d\u00edna vo v\u00fd\u0161ke takmer 2 700 m na \u013eadovci Dachstein a jej cie\u013e le\u017e\u00ed v obci Obertraun. Nasp\u00e4\u0165 do Ramsau sa turisti dostan\u00fa kyvadlovou dopravou. <a href=\"http:\/\/www.derdachstein.at\/de\/dachsteingletscherwelt\/schnee-aktiv\/ski-touren\">www.derdachstein.at\/de\/dachsteingletscherwelt\/schnee-aktiv\/ski-touren<\/a><\/p>\n<p><strong>Pr\u00edprava pre skialpinistick\u00fdch nov\u00e1\u010dikov <\/strong><\/p>\n<p><strong>BaseCamp I pre skialpinistick\u00e9 trasy v n\u00e1rodnom parku Ges\u00e4use <\/strong><\/p>\n<p>V skialpinistickom z\u00e1kladnom t\u00e1bore nadobudn\u00fa z\u00e1ujemcovia pod doh\u013eadom horsk\u00fdch vodcov za 4 dni kompletn\u00e9 zru\u010dnosti potrebn\u00e9 na zdolanie \u013eahk\u00fdch a stredne \u0165a\u017ek\u00fdch tr\u00e1s. Toto kvalitn\u00e9 \u0161kolenie v mal\u00fdch skupin\u00e1ch s ubytovan\u00edm pod\u013ea v\u00fdberu m\u00e1 za cie\u013e pochopi\u0165 hory a dok\u00e1za\u0165 sa samostatne a kompetentne pohybova\u0165 vo vysokohorskom ter\u00e9ne. Po\u010das workshopu a cvi\u010denia v ter\u00e9ne sa \u00fa\u010dastn\u00edci nau\u010dia okrem in\u00e9ho pl\u00e1nova\u0165 a spr\u00e1vne vybera\u0165 skialpinistick\u00e9 trasy. <a href=\"http:\/\/www.gesaeuse.at\">www.gesaeuse.at<\/a><\/p>\n<p><strong>Kurz na pohyb v hlbokom snehu v Ramsau am Dachstein<\/strong><\/p>\n<p>Kurz na pohyb v hlbokom snehu pon\u00faka pr\u00edle\u017eitos\u0165 zvyka\u0165 si krok po kroku na dobrodru\u017estvo v hlbokom snehu. Za\u0161kolen\u00fd ramsausk\u00fd horsk\u00fd a ly\u017eiarsky sprievodca v\u00e1m formou 1-d\u0148ov\u00fdch kurzov v t\u00fd\u017edenn\u00fdch intervaloch (ka\u017ed\u00fd utorok od za\u010diatku decembra do konca marca) uk\u00e1\u017ee, \u010do je potrebn\u00e9 zoh\u013eadni\u0165 pri ly\u017eovan\u00ed a skialpinizme mimo upraven\u00fdch ly\u017eiarskych svahov. \u00da\u010dastn\u00edci kurzu si v r\u00e1mci programu osvoja n\u00e1uku o materi\u00e1loch, spr\u00e1vne pou\u017e\u00edvanie lav\u00ednov\u00fdch vyh\u013ead\u00e1va\u010dov, meteorol\u00f3giu, pos\u00fadenie snehov\u00e9ho profilu a technick\u00e9 poznatky. Aby mali v\u0161etci \u00fa\u010dastn\u00edci rovnak\u00e9 v\u00fdchodiskov\u00e9 podmienky, dostan\u00fa na tento de\u0148 k dispoz\u00edcii potrebn\u00fd v\u00fdstroj. Z\u00e1vere\u010dn\u00fa sk\u00fa\u0161ku tvor\u00ed, v\u017edy pod\u013ea schopnost\u00ed, jednoduch\u00fd zjazd do doliny alebo prv\u00fd variabiln\u00fd zjazd mimo svahu a ly\u017eiarskych chodn\u00edkov. Cena kurzu na pohyb v hlbokom snehu vr\u00e1t. po\u017ei\u010dania v\u00fdstroja: 70,- Eur Po\u017ei\u010danie v\u00fdstroja (ly\u017ee a lav\u00ednov\u00fd vyh\u013ead\u00e1va\u010d) \u2013 palice a top\u00e1nky si treba prinies\u0165. <a href=\"http:\/\/www.ramsau.com\">www.ramsau.com<\/a><\/p>\n<p style=\"text-align: center;\"><img loading=\"lazy\" decoding=\"async\" class=\"aligncenter\" src=\"http:\/\/slovaklinesmagazin.sk\/cms\/wp-content\/uploads\/2015\/10\/4143-1024x683.jpg\" alt=\"Winterwellness im Rogner Bad Blumau, Thermenland Steiermmark\" width=\"882\" height=\"588\" \/><\/p>\n<p style=\"text-align: center;\">\u00a9 Steiermark Tourismus \/ ikarus.cc<\/p>\n<p><strong>Zimn\u00e1 vysokohorsk\u00e1 turistika a prech\u00e1dzky na sne\u017eniciach s\u00fa st\u00e1le ob\u013e\u00fabenej\u0161ie<\/strong><\/p>\n<p>St\u00e1le viac \u013eud\u00ed chce sneh a hory za\u017ei\u0165 aj bez ly\u017e\u00ed. Perfektnou alternat\u00edvou ly\u017eova\u010dky je zimn\u00e1 turistika (zvl\u00e1\u0161\u0165 ob\u013e\u00faben\u00e1 turistika vo vy\u0161\u0161\u00edch poloh\u00e1ch) a prech\u00e1dzky na sne\u017eniciach. Tie nevy\u017eaduj\u00fa \u017eiaden n\u00e1ro\u010dn\u00fd v\u00fdstroj ani \u0161portov\u00fa zdatnos\u0165. Z\u00e1kladom je chodenie, ktor\u00e9 nie je komplikovan\u00e9 ani tak\u00e9 nam\u00e1hav\u00e9. Pri \u0148om sa d\u00e1 vynikaj\u00faco obdivova\u0165 a u\u017e\u00edva\u0165 pr\u00edroda mimo svahov a be\u017ek\u00e1rskych st\u00f4p. Nieko\u013eko pr\u00edkladov zvl\u00e1\u0161\u0165 pekn\u00fdch, nov\u00fdch zimn\u00fdch turistick\u00fdch tr\u00e1s:<\/p>\n<p><strong>Kreischberg <\/strong><\/p>\n<p>Turistiku a prech\u00e1dzky n\u00e1dhernou zimnou krajinou v nadmorskej v\u00fd\u0161ke 1 800 metrov si od zimnej sez\u00f3ny 2015\/16 m\u00f4\u017eete na Kreischbergu u\u017e\u00edva\u0165 na dvoch zna\u010dkovan\u00fdch tras\u00e1ch. Obe trasy za\u010d\u00ednaj\u00fa pri horskej stanici 6-miestnej kab\u00ednovej lanovky na Kreischbergu. \u201eKreischberg See Runde\u201c je pr\u00edjemn\u00e1 hodinov\u00e1 prech\u00e1dzka okolo reten\u010dn\u00e9ho jazera Kreischberg. \u201eBorovicov\u00e1 trasa\u201c (cca 2 hodiny) vedie cez borovicov\u00fd les k \u00fadolnej stanici vlekov Rosenkranz. Tak ako pri ly\u017eovan\u00ed alebo snowboardovan\u00ed je aj pri t\u00fdchto dvoch tras\u00e1ch dostato\u010dn\u00e9 mno\u017estvo mo\u017enost\u00ed \u201eob\u010derstvenia\u201c. <a href=\"http:\/\/www.kreischberg.at\">www.kreischberg.at<\/a><\/p>\n<p><strong>Planneralm <\/strong><\/p>\n<p>Planneralm pon\u00faka pekn\u00fa sie\u0165 slne\u010dn\u00fdch zimn\u00fdch turistick\u00fdch tr\u00e1s, ktor\u00e9 na v\u00e1s zap\u00f4sobia kr\u00e1snymi v\u00fdh\u013eadmi. Po t\u00fare v\u00e1s mnoh\u00e9 chaty a re\u0161taur\u00e1cie poz\u00fdvaj\u00fa, aby ste v nich zotrvali. Romantick\u00e9 zimn\u00e9 turistick\u00e9 chodn\u00ed\u010dky ved\u00fa pozd\u013a\u017e cvi\u010dn\u00e9ho vleku a be\u017ek\u00e1rskej stopy v d\u013a\u017eke viac ne\u017e 5 kilometrov cez dychvyr\u00e1\u017eaj\u00facu zimn\u00fa pr\u00edrodu N\u00edzkych Taurov. <a href=\"http:\/\/www.planneralm.at\">www.planneralm.at<\/a><\/p>\n<p><strong>Tauplitz <\/strong><\/p>\n<p>Obe vysokohorsk\u00e9 zimn\u00e9 turistick\u00e9 trasy na Tauplitzi s\u00fa ide\u00e1lne na odpo\u010dinok a relax. Pri prvej okru\u017enej trase sa ide 8-miestnou kab\u00ednkovou lanovkou na kopec a cez vrchol Lawinenstein (1 965 m) k chate Kriemandlh\u00fctte a sp\u00e4\u0165 s 360\u00b0 panoramatick\u00fdm v\u00fdh\u013eadom na Dachstein, Grimming, Totes Gebirge na trase s d\u013a\u017ekou 2,5 km. Druh\u00e1 trasa za\u010d\u00edna po vyvezen\u00ed sa 4-seda\u010dkovou lanovkou Tauplitz do nadmorskej v\u00fd\u0161ky 1 650 m, kde na v\u00e1s \u010dak\u00e1 n\u00e1dhern\u00e1 5-kilometrov\u00e1 okru\u017en\u00e1 t\u00fara po n\u00e1hornej plo\u0161ine v idylickej osade s mnoh\u00fdmi mo\u017enos\u0165ami ob\u010derstvenia v \u00fatuln\u00fdch chat\u00e1ch a hostincoch. <a href=\"http:\/\/www.dietauplitz.com\">www.dietauplitz.com<\/a><\/p>\n<p><strong>Hochwurzen a Galsterbergalm <\/strong><\/p>\n<p>Pre v\u0161etk\u00fdch milovn\u00edkov zimy, ktor\u00ed by chceli na kopec \u00eds\u0165 bez ly\u017e\u00ed, pon\u00faka zimn\u00e1 turistick\u00e1 mapa regi\u00f3nu Schladming-Dachstein skvel\u00fa alternat\u00edvu. Cenovo v\u00fdhodn\u00fd l\u00edstok pre pe\u0161\u00edch plat\u00ed na kopcoch Planai, Hochwurzen, Dachstein, Galsterberg, Reiteralm a Hauser Kaibling a zah\u0155\u0148a jazdy mnoh\u00fdmi horsk\u00fdmi \u017eeleznicami a autobusmi. <a href=\"http:\/\/www.planai.at\">www.planai.at<\/a><\/p>\n<p><strong>JEDLO A\u00a0N\u00c1POJE<\/strong><\/p>\n<p><strong>Najv\u00e4\u010d\u0161ia zimn\u00e1 grilova\u010dka v Rak\u00fasku 20. marca 2016 <\/strong><\/p>\n<ol start=\"20\">\n<li>marca 2016 bude v stredisku Planai v Schladmingu \u201ehor\u00faco\u201c. A to doslova. Na kopcoch Planai a Hochwurzen sa toti\u017e kon\u00e1 najv\u00e4\u010d\u0161ia zimn\u00e1 grilova\u010dka v Rak\u00fasku. Pod taktovkou telev\u00edzneho kuch\u00e1ra Johanna Lafera a v spolupr\u00e1ci s popredn\u00fdm v\u00fdrobcom grilov zna\u010dky Weber organizuje spolo\u010dnos\u0165 PlanaiHochwurzen-Bahnen spolu s hostinsk\u00fdmi z okolit\u00fdch ch\u00e1t zimn\u00fd grilovac\u00ed festival, ktor\u00fd je prv\u00fdm svojho druhu na rak\u00faskych svahoch. Po predobed\u0148aj\u0161ej ly\u017eova\u010dke sa m\u00f4\u017eu hostia sami postavi\u0165 ku grilu a pripravi\u0165 3-chodov\u00e9 menu. Pritom ich bud\u00fa podporova\u0165 uzn\u00e1van\u00ed kuch\u00e1ri a prominentn\u00ed hobby kuch\u00e1ri, ktor\u00fdch tipy si m\u00f4\u017eete odnies\u0165 aj domov. Na najnov\u0161\u00edch v\u00fdrobkoch zna\u010dky Weber a pomocou bohat\u00e9ho pr\u00edslu\u0161enstva predved\u00fa kuch\u00e1ri hos\u0165om, \u017ee grilovanie je omnoho viac ne\u017e len polo\u017eenie kusa m\u00e4sa na ro\u0161t. Bude sa \u00fadi\u0165, opeka\u0165 a piec\u0165. Cena vstupenky: 89,- Eur vr\u00e1t. skipasu a 3-chodov\u00e9ho menu; predaj vstupeniek od za\u010diatku decembra priamo v \u00fadolnej stanici Planai alebo prostredn\u00edctvom objedn\u00e1vky na str\u00e1nke <a href=\"http:\/\/www.planai.at\">www.planai.at<\/a><\/li>\n<\/ol>\n<p style=\"text-align: center;\"><img loading=\"lazy\" decoding=\"async\" class=\"aligncenter\" src=\"http:\/\/slovaklinesmagazin.sk\/cms\/wp-content\/uploads\/2015\/10\/4392-1024x682.jpg\" alt=\"Schnee &amp; Wein im Ausseerland - Salzkammergut\" width=\"960\" height=\"639\" \/><\/p>\n<p style=\"text-align: center;\">\u00a9 Steiermark Tourismus \/ ikarus.cc<\/p>\n<p><strong>\u00a0Najvy\u0161\u0161ie polo\u017een\u00fd farm\u00e1rsky trh v Alp\u00e1ch<\/strong><\/p>\n<p>Po t\u00fd\u017ed\u0148och pln\u00fdch ly\u017eovania a v\u00edna v Ski amad\u00e9 (12. a\u017e 19. marca 2016) bud\u00fa ma\u0165 hostia v nede\u013eu 13. marca 2016 po prv\u00fdkr\u00e1t mo\u017enos\u0165 nav\u0161t\u00edvi\u0165 najvy\u0161\u0161ie polo\u017een\u00fd farm\u00e1rsky trh v Alp\u00e1ch, v r\u00e1mci ktor\u00e9ho bud\u00fa m\u00f4c\u0165 na svahoch ochutna\u0165 region\u00e1lne v\u00fdrobky a \u0161peciality. Gurm\u00e1nske dobroty ako slanina, chlieb, syry, \u0161\u0165avy, p\u00e1lenky a omnoho viac sa postaraj\u00fa o l\u00e1kav\u00fa ponuku v\u00fdrobkov, ktor\u00e9 \u010dakaj\u00fa len na to, aby ich v z\u00fa\u010dastnen\u00fdch chat\u00e1ch objavili a ochutnali zvedav\u00ed n\u00e1v\u0161tevn\u00edci. <a href=\"http:\/\/www.skiamade.com\">www.skiamade.com<\/a><\/p>\n<p><strong>V\u00edno a sneh v Ausseerlande<\/strong><\/p>\n<p>Od novembra do apr\u00edla bude Ausseerland zameran\u00fd na gastron\u00f3miu a enol\u00f3giu. Za\u010d\u00edname 4. decembra vin\u00e1rstvom Herndler z Kamptalu na chate rodiny Hierzegger, Kriemandlh\u00fctte, v Tauplitzalme. Vo v\u00fd\u0161ke 1 880 metrov v\u00e1s bud\u00fa rozmazn\u00e1va\u0165 labu\u017en\u00edckym menu a \u0161pi\u010dkov\u00fdmi v\u00ednami. Na miesto v\u00e1s vyvezie ratrak PistenBully, pod\u00e1va\u0165 sa bude 5-chodov\u00e9 menu s moderovanou ochutn\u00e1vkou v\u00edna. Zn\u00e1mi vinohradn\u00edci so svojimi produktmi bud\u00fa tento regi\u00f3n nav\u0161tevova\u0165 a\u017e do apr\u00edla. <a href=\"http:\/\/www.wein-schnee.at\">www.wein-schnee.at<\/a><\/p>\n<p><strong>G\u00f6lles: Roz\u0161\u00edrenie manufakt\u00fary<\/strong><\/p>\n<p>U\u017e viac ako 30 rokov vyr\u00e1ba Alois G\u00f6lles v juhov\u00fdchodnom \u0160tajersku, v obci Stang pri Riegersburgu liehoviny a ocot sp\u013a\u0148aj\u00face najvy\u0161\u0161ie kvalitat\u00edvne po\u017eiadavky. Podnik trvalo, pomaly a harmonicky r\u00e1stol a stal sa t\u00fdm, \u010d\u00edm je dnes: Najzn\u00e1mej\u0161ia manufakt\u00fara krajiny na v\u00fdrobu liehov\u00edn a jemn\u00e9ho octu s ro\u010dn\u00fdm objemom produkcie presahuj\u00facim 100 000 litrov octu a 30 000 litrov liehov\u00edn. Jej 20 zamestnancov spracuje za rok viac ako 500 ton ovocia, ktor\u00e9 z preva\u017enej \u010dasti poch\u00e1dza z regi\u00f3nu \u2013 a \u010diasto\u010dne dokonca z vlastn\u00fdch z\u00e1hrad. Na novej z\u00e1\u017eitkovej trase m\u00f4\u017eete odhali\u0165 tajomstv\u00e1 v\u00fdroby liehov\u00edn a octu a na viac ne\u017e 1000 m2 zisti\u0165, ako sa z toho najlep\u0161ieho ovocia stan\u00fa chutn\u00e9 liehoviny a jemn\u00fd ocot. Vo virtu\u00e1lnych ovocn\u00fdch sadoch sa dozviete zauj\u00edmavosti o \u0161\u0165avnat\u00fdch plodoch a vz\u00e1cnych ovocn\u00fdch druhoch, vkro\u010d\u00edte do najv\u00e4\u010d\u0161ej pivnice na octov\u00e9 sudy v Rak\u00fasku a otestujete svoje chu\u0165ov\u00e9 poh\u00e1riky pri ochutn\u00e1vke octu a na staniciach v\u00f4n\u00ed v zmyslovom tuneli. N\u00e1sledne nahliadnete do p\u00e1lenice, kde sa e\u0161te st\u00e1le dvojn\u00e1sobne destiluje pod\u013ea tradi\u010dn\u00fdch recept\u00far. Na z\u00e1ver nech\u00e1te de\u0148 doznie\u0165 pri ochutn\u00e1vke liehov\u00edn. Okrem ve\u013ekej l\u00e1sky k v\u00fdtvarn\u00e9mu detailu (vidite\u013en\u00e9 napr. na z\u00e1padnej fas\u00e1de vyrobenej z d\u00fa\u017eok z pou\u017eit\u00fdch sudov) sa tu kladie aj \u0161peci\u00e1lny d\u00f4raz na prepojenie s pr\u00edrodou. Po vrstevnici sa opatrne na svahu t\u00falia budovy. Ve\u013ekorys\u00fd z\u00e1mock\u00fd park bez \u00e1ut poz\u00fdva, aby ste si v \u0148om odd\u00fdchli. <a href=\"http:\/\/www.goelles.at\">www.goelles.at<\/a><\/p>\n<p><strong>Po\u017eehnanie v\u00edna na sviatok sv. J\u00e1na, 27. decembra <\/strong><\/p>\n<ol start=\"27\">\n<li>decembra, na spomienku sv\u00e4t\u00e9ho J\u00e1na apo\u0161tola a evanjelistu, po\u017eehn\u00e1va cirkev v\u00edno, ktor\u00e9 potom k\u0148azi odovzd\u00e1vaj\u00fa veriacim s pekn\u00fdmi a v\u00fdznamn\u00fdmi slovami: \u201ePite l\u00e1sku sv\u00e4t\u00e9ho J\u00e1na, v mene Otca i Syna i Ducha Sv\u00e4t\u00e9ho, Amen.\u201c Tento star\u00fd zvyk vych\u00e1dza z legendy, pod\u013ea ktorej \u00fadajne evanjelista J\u00e1n vypil poh\u00e1r otr\u00e1ven\u00e9ho v\u00edna a ni\u010d sa mu nestalo. V\u00ednu, ktor\u00e9 sa v kostole posv\u00e4t\u00ed, sa potom pripisuje zvl\u00e1\u0161tna sila. Po\u017eehnan\u00e9 f\u013ea\u0161e v\u00edna vin\u00e1ri doma otvoria a nalej\u00fa z nich do v\u0161etk\u00fdch sudov vo v\u00ednnej Zima 15\/16 \u0160tajersk\u00fd turizmus na www.steiermark.com Strana 7 pivnici. Toto v\u00edno nem\u00e1 vz\u00e1cny mok len vylep\u0161i\u0165, m\u00e1 tie\u017e chr\u00e1ni\u0165 dom a dvor od v\u0161etk\u00e9ho zl\u00e9ho. Tohto po\u017eehnania je mo\u017en\u00e9 z\u00fa\u010dastni\u0165 sa v mnoh\u00fdch kostoloch v ju\u017enom a z\u00e1padnom \u0160tajersku. Vo Wernersdorfe nosia na J\u00e1na napr. v\u0161etci vin\u00e1ri svoje v\u00edno na po\u017eehnanie do kaplnky Emauzsk\u00fdch u\u010den\u00edkov. Po po\u017eehnan\u00ed sa tu ka\u017ed\u00fd rok kon\u00e1 sprievod po v\u00ednnej ceste. T\u00e1to okru\u017en\u00e1 trasa vedie z centra obce cez vinohrady popri Emauzsk\u00fdch vin\u00e1rskych podnikoch a sp\u00e4\u0165 do centra Wernersdorfu. <a href=\"http:\/\/www.wies.at\">www.wies.at<\/a><\/li>\n<\/ol>\n<p><strong>REGENER\u00c1CIA A\u00a0WELLNESS<\/strong><\/p>\n<p><strong>Krajina term\u00e1lnych prame\u0148ov Thermenland ako \u0165ah\u00e1k k\u00fape\u013en\u00e9ho turizmu <\/strong><\/p>\n<p>V roku 2014 nav\u0161t\u00edvilo \u0161es\u0165 term\u00e1lov v tomto \u0161tajerskom regi\u00f3ne jeden a pol mili\u00f3na denn\u00fdch host\u00ed, okrem toho poskytol tento regi\u00f3n viac ne\u017e dva mili\u00f3ny prenocovan\u00ed. V poslednom roku dosiahli obrat pol miliardy eur. Term\u00e1lne k\u00fapele, turistick\u00e9 prev\u00e1dzky a dod\u00e1vate\u013esk\u00e9 podniky zamestn\u00e1vaj\u00fa celkovo 9 000 \u013eud\u00ed.<\/p>\n<p><strong>Echt.gsund: ThermalWasserWochen 2016<\/strong><\/p>\n<p>Po\u010das akcie Echt.gsund-ThermalWasserWochen (t\u00fd\u017edne term\u00e1lnej vody), ktor\u00e1 prebieha vo v\u0161etk\u00fdch \u0161iestich term\u00e1lnych k\u00fape\u013eoch od polovice janu\u00e1ra 2016 do polovice marca 2016, je stredobodom lie\u010div\u00e1 sila term\u00e1lnej vody. Tieto v\u00fdnimo\u010dn\u00e9 t\u00fd\u017edne otvor\u00edme Dlhou nocou term\u00e1lnych k\u00fape\u013eov, po\u010das ktorej v\u00e1s poz\u00fdvame, aby ste sa v r\u00e1mci pred\u013a\u017een\u00fdch otv\u00e1rac\u00edch hod\u00edn pri\u0161li ok\u00fapa\u0165 a odd\u00fdchnu\u0165 si. Pestr\u00fd program s t\u00fd\u017edenn\u00fdmi prehliadkami odhal\u00ed n\u00e1v\u0161tevn\u00edkom p\u00fatav\u00e9 z\u00e1kulisie term\u00e1lnych k\u00fape\u013eov. T\u00fd\u017edne term\u00e1lnej vody kon\u010dia na Svetov\u00fd de\u0148 vody, 22. marca. Na programe s\u00fa mnoh\u00e9 podujatia ako predn\u00e1\u0161ky, ochutn\u00e1vky a \u0161peci\u00e1lne bezplatn\u00e9 aktivity t\u00fdkaj\u00face sa term\u00e1lnej vody a zdravia. <a href=\"http:\/\/www.thermenland.at\">www.thermenland.at<\/a><\/p>\n<p><strong>Ekologick\u00fd odtla\u010dok nohy v term\u00e1lnom parku v Bad Radkersburgu \u2013 v\u017edy o \u010d\u00edslo men\u0161\u00ed<\/strong><\/p>\n<p>V najju\u017enej\u0161om c\u00edpe \u0160tajerska narazili v roku 1978 pri h\u013eadan\u00ed ropy na zvl\u00e1\u0161\u0165 v\u00fddatn\u00fd hor\u00faci prame\u0148 \u2013 term\u00e1lny prame\u0148 Bad Radkersburg. Nev\u00f4\u013eu sp\u00f4soben\u00fa t\u00fdm, \u017ee namiesto ropy bola n\u00e1jden\u00e1 \u201elen\u201c hor\u00faca voda, vystriedalo nad\u0161enie, ke\u010f zistili, \u017ee ide o vz\u00e1cnos\u0165. Preto\u017ee z h\u013abky zeme striekala do v\u00fd\u0161ky pod obrovsk\u00fdm tlakom mohutn\u00e1 font\u00e1na. 80-stup\u0148ov\u00e1 voda vystrekuje odvtedy na zemsk\u00fd povrch \u00faplne samovo\u013ene. T\u00e1to voda bola tis\u00edcro\u010dia ukryt\u00e1 2 kilometre pod zemou a obohacovala sa tam o d\u00f4le\u017eit\u00e9 miner\u00e1lne l\u00e1tky. Dnes patr\u00ed term\u00e1lny prame\u0148 Bad Radkersburg so svoj\u00edm jedine\u010dn\u00fdm zlo\u017een\u00edm k lie\u010div\u00fdm prame\u0148om s najv\u00e4\u010d\u0161\u00edm obsahom miner\u00e1lov v Rak\u00fasku. Predstavuje najvz\u00e1cnej\u0161iu komoditu obce Bad Radkersburg, s ktorou sa obozretne hospod\u00e1ri, \u010d\u00edm sa preber\u00e1 aj zodpovednos\u0165 za pr\u00edrodu a \u010dloveka. Na k\u00fapanie v term\u00e1lnych baz\u00e9noch sa toti\u017e t\u00e1to hor\u00faca pramenit\u00e1 voda schladzuje na pr\u00edjemn\u00fdch 34 \u2013 36 \u00b0C. Prebyto\u010dn\u00e9 teplo sa vo ve\u013ekom rozsahu vyu\u017e\u00edva ekologicky, a to premenou na energiu. V\u010faka tomu sa temperuje nielen voda v 50 m plaveckom baz\u00e9ne term\u00e1lnych k\u00fape\u013eov na pr\u00edjemn\u00fdch 25 stup\u0148ov, geoterm\u00e1lne sa reguluje aj vykurovac\u00ed vzduch a spotreba teplej vody. <a href=\"http:\/\/www.parktherme.at\">www.parktherme.at<\/a><\/p>\n<p><strong>KULT\u00daRA V MESTE A NA VIDIEKU<\/strong><\/p>\n<p><strong>Adventn\u00e1 ba\u0161ta Horn\u00e9 \u0160tajersko: okolo 50 adventn\u00fdch trhov<\/strong><\/p>\n<p>\u017diariace adventn\u00e9 trhy v mest\u00e1ch od Mariazellu a\u017e po Leoben, tradi\u010dn\u00e9 ban\u00edcke adventn\u00e9 podujatia, ako aj p\u00f4vodn\u00e1 predviano\u010dn\u00e1 n\u00e1lada po\u010das Po\u013eovn\u00edckeho adventu v Turnau alebo viano\u010dn\u00e9 k\u00fazlo v z\u00e1mku Stockschloss Trofaiach: V\u010faka pribli\u017ene 50 adventn\u00fdm trhom je Horn\u00e9 \u0160tajersko adventnou ba\u0161tou tejto spolkovej krajiny. <a href=\"http:\/\/www.hochsteiermark.at\">www.hochsteiermark.at<\/a><\/p>\n<p><strong>Advent v hlavnom meste p\u00f4\u017eitku, v Grazi, od 20. 11. do 24. 12. 2015 <\/strong><\/p>\n<p>Tradi\u010dne t\u00fd\u017ede\u0148 pred prv\u00fdm adventn\u00fdm v\u00edkendom aj tento rok otv\u00e1raj\u00fa svoje br\u00e1ny adventn\u00e9 trhy v grazskom Starom meste. Advent je v Grazi ako 5. ro\u010dn\u00e9 obdobie, pre ktor\u00e9 sa d\u00e1 cel\u00e9 mesto do pucu, aby sa svojim hos\u0165om predstavilo v \u010do najkraj\u0161om a najrozmanitej\u0161om \u0161ate. 14 adventn\u00fdch a viano\u010dn\u00fdch trhov \u2013 v\u0161etky pohodlne dostupn\u00e9 pe\u0161o \u2013 poz\u00fdva v grazskom Starom meste od piatka 20. novembra do \u0161tvrtka 24. decembra 2015 pobudn\u00fa\u0165 v jedine\u010dnej atmosf\u00e9re. Od adventn\u00e9ho trhu Aufsteirern na Schlossbergu a\u017e po trh na Hlavnom n\u00e1mest\u00ed, od trhu na n\u00e1mest\u00ed Tummelplatz a\u017e po festival zmyslov v \u0161tvrti Joanneumsviertel, ktor\u00fd spolu s akciou \u201e\u0160tajersk\u00e1 iniciat\u00edva \u2013 umeleck\u00e9 remeslo\u201c pon\u00faka v\u00fdnimo\u010dn\u00fd stredobod. Graz je v advente ide\u00e1lny aj pre mal\u00fdch n\u00e1v\u0161tevn\u00edkov: Ka\u017ed\u00fa nede\u013eu tu na Hlavnom n\u00e1mest\u00ed prebieha pestr\u00fd rodinn\u00fd program. V \u010dase adventu de\u0165om za\u017eiaria o\u010di pri poh\u013eade na nostalgick\u00e9 rusk\u00e9 kolo, koloto\u010d, rozpr\u00e1vkov\u00fd vlak a hru \u201echytanie ka\u010diek\u201c. V detskom zimnom svete na n\u00e1mest\u00ed Karmeliterplatz bude aj tento rok z\u00e1\u017eitkov\u00fd svet s mnoh\u00fdmi atrakciami, ako je napr. klzisko \u010di tvoriv\u00fd a z\u00e1bavn\u00fd program. <a href=\"http:\/\/www.graztourismus.at\">www.graztourismus.at<\/a><\/p>\n<p>&nbsp;<\/p>\n<p style=\"text-align: center;\"><img loading=\"lazy\" decoding=\"async\" class=\"aligncenter\" src=\"http:\/\/slovaklinesmagazin.sk\/cms\/wp-content\/uploads\/2015\/10\/4055-1024x680.jpg\" alt=\"Mariazeller Advent\" width=\"888\" height=\"589\" \/><\/p>\n<p><strong>\u017div\u00e9 trad\u00edcie a zachovan\u00e9 zvyky<\/strong><\/p>\n<p><strong>\u00d6blarnsk\u00e1 hra Krampusspiel (Nehmotn\u00e9 svetov\u00e9 kult\u00farne dedi\u010dstvo UNESCO)<\/strong><\/p>\n<p>Ke\u010f sa ka\u017edoro\u010dne 5.decembra uv\u00e1dza na n\u00e1mest\u00ed Marktplatz v obci \u00d6blarn v regi\u00f3ne Schladming-Dachstein tradi\u010dn\u00e9 divadeln\u00e9 predstavenie \u010dertov v mask\u00e1ch, tzv. Krampusspiel, m\u00f4\u017eu sa mu prizera\u0165 v\u0161etky deti s \u010dist\u00fdm svedom\u00edm. \u010certova palica sa k slovu nedostane, preto\u017ee toto p\u00f4vodn\u00e9 divadeln\u00e9 predstavenie nem\u00e1 pripom\u00edna\u0165 n\u00e1silie, ale star\u00fd zvyk. Jedine\u010dn\u00e9 postavy ako \u201eSchab\u201c (stoh), \u201eGra\u00dfteufel\u201c (zelen\u00fd \u010dert) a \u201eFlechtenmann\u201c (li\u0161ajn\u00edkov\u00fd mu\u017e) sa vo v\u0161etk\u00fdch rodin\u00e1ch postaraj\u00fa o stra\u0161idelno-kr\u00e1snu atmosf\u00e9ru a uvedie sa aj zimno-letn\u00e1 hra \u201eSommer-Winterspiel\u201c. V\u010faka svojim origin\u00e1lnym textom z 18. storo\u010dia patr\u00ed t\u00e1to hra k posledn\u00fdm \u013eudov\u00fdm divadeln\u00fdm hr\u00e1m tohto druhu v \u0160tajersku. www.krampus.st Tradi\u010dn\u00e9 predstavenie s Mikul\u00e1\u0161om, Nikolospiel, v obci Bad Mitterndorf Ka\u017edoro\u010dne sa 5. decembra, a to u\u017e viac ne\u017e 100 rokov, kon\u00e1 v obci Bad Mitterndorf mikul\u00e1\u0161ske predstavenie Nikolospiel. Viac ako 80 mu\u017eov a chlapcov ide z obce Krungl pribli\u017ene 5 kilometrov do Bad Mitterndorfu a 5-kr\u00e1t predv\u00e1dza starobyl\u00fa ro\u013en\u00edcku hru. Texty s\u00fa star\u00e9 viac ako 100 rokov a zachovalo sa ich p\u00f4vodn\u00e9 znenie. Hoci sa zd\u00e1, \u017ee s\u00fa v dne\u0161n\u00fdch \u010dasoch \u0165a\u017eko zrozumite\u013en\u00e9, posluch\u00e1\u010dom sa n\u00e1zorn\u00fdm sp\u00f4sobom sprostredk\u00fava minulos\u0165 a menej hektick\u00e1 doba. Dreven\u00e9 masky s\u00edce vzbudzuj\u00fa hr\u00f4zu, maj\u00fa v\u0161ak \u013eudsk\u00e9 \u010drty. Najstar\u0161ia maska \u010derta Bartla m\u00e1 viac ako 200 rokov. V\u00fdnimo\u010dn\u00e9 postavy predstavuj\u00fa stohy slamy, ktor\u00e9 sa svojimi metrov\u00fdmi parohmi t\u00fd\u010dia vysoko do neba a \u0165a\u017ekop\u00e1dne kr\u00e1\u010daj\u00fa pred Zima 15\/16 \u0160tajersk\u00fd turizmus na www.steiermark.com Strana 9 sprievodom plieskaj\u00fac bi\u010dmi do taktu. Masky a ko\u017eu\u0161iny r\u00f4znych post\u00e1v sa s\u00edce priebe\u017ene obnovuj\u00fa, ale hlavn\u00e9 postavy ost\u00e1vaj\u00fa u\u017e desa\u0165ro\u010dia takmer nezmenen\u00e9. Tieto masky s\u00fa po zvy\u0161ok roka vystaven\u00e9 vo vlastivednom m\u00fazeu. <a href=\"http:\/\/www.nikolospiel.webnode.at\">www.nikolospiel.webnode.at<\/a>\u00a0 <a href=\"http:\/\/www.bad-mitterndorf.at\">www.bad-mitterndorf.at<\/a><\/p>\n<p style=\"text-align: center;\"><img loading=\"lazy\" decoding=\"async\" class=\"aligncenter\" src=\"http:\/\/slovaklinesmagazin.sk\/cms\/wp-content\/uploads\/2015\/10\/159_ausseer_fasching-1024x677.jpg\" alt=\"\" width=\"796\" height=\"526\" \/><\/p>\n<p><strong>Jedine\u010dn\u00e9 fa\u0161iangov\u00e9 trad\u00edcie<\/strong><\/p>\n<p><strong>Fa\u0161iangov\u00fd beh v Murtale<\/strong> Fa\u0161iangov\u00fd beh na posledn\u00fd fa\u0161iangov\u00fd pondelok (Rosenmontag) patr\u00ed k najstar\u0161\u00edm zvykom v regi\u00f3ne. Ide pritom o prastar\u00fd zvyk odh\u00e1\u0148ania d\u00e9monov zimy pomocou hluku a rin\u010dania. Behu sa z\u00fa\u010dast\u0148uj\u00fa chlapci a mu\u017ei, ktor\u00ed predstavuj\u00fa aj \u017eensk\u00e9 roly. P\u00f4vod tohto fa\u0161iangov\u00e9ho zvyku je sporn\u00fd, v kult\u00farnohistorick\u00fdch s\u00favislostiach je spojen\u00fd s kultom veget\u00e1cie a plodnosti a v miestnych zvykoch \u017eije \u010falej. V roku 2011 zap\u00edsala komisia UNESCO Fa\u0161iangov\u00fd beh v Murau na zoznam nehmotn\u00e9ho svetov\u00e9ho kult\u00farneho dedi\u010dstva. <a href=\"http:\/\/www.murtal.at\">www.murtal.at<\/a><\/p>\n<p><strong>Fa\u0161iangy v Ausseerlande<\/strong><\/p>\n<p>Obraz \u0161tajersk\u00e9ho mesta Bad Aussee pretvoria v d\u0148och 8. a 9. febru\u00e1ra 2016 masky buben\u00ed\u010dok, mu\u017eov oble\u010den\u00fdch v bielych \u017eensk\u00fdch kost\u00fdmoch a hr\u00f4zu vzbudzuj\u00face masky symbolizuj\u00face zimu s \u00fa\u013eom na hlave a palicou s mokrou handrou v ruke. Ke\u010f sa v \u0161tajerskom Ausseerlande udom\u00e1cni piate ro\u010dn\u00e9 obdobie, bud\u00fa m\u00f4c\u0165 n\u00e1v\u0161tevn\u00edci za\u017ei\u0165 tento st\u00e1ro\u010dn\u00fd fa\u0161iangov\u00fd zvyk. Korene fa\u0161iangov\u00fdch skup\u00edn siahaj\u00fa pritom do obdobia spred 250 rokov. N\u00e1v\u0161tevn\u00edci m\u00f4\u017eu po\u010das sprievodov na fa\u0161iangov\u00fd pondelok a utorok na vlastnej ko\u017ei za\u017ei\u0165 star\u00e9 fa\u0161iangov\u00e9 trad\u00edcie. Vidie\u0165 m\u00f4\u017eete postavy buben\u00ed\u010dok vo vlniacich sa bielych no\u010dn\u00fdch ko\u0161eliach, viac ne\u017e 150 rokov star\u00e9 kvalitn\u00e9 kost\u00fdmy s prav\u00fdmi strieborn\u00fdmi flitrami bohato zdoben\u00e9 plsten\u00fdmi fig\u00farkami a chodiace v\u010delie \u00fale ozbrojen\u00e9 metlov\u00fdmi poriskami. <a href=\"http:\/\/www.ausseerland.at\">www.ausseerland.at<\/a><\/p>\n<p>Fotografia na titulke:<br \/>\n\u00a9 Steiermark Tourismus \/ Harry Schiffer<\/p>\n<p>&nbsp;<\/p>\n<p style=\"text-align: center;\"><img decoding=\"async\" class=\"aligncenter\" src=\"http:\/\/slovaklinesmagazin.sk\/cms\/wp-content\/uploads\/2015\/10\/3910_c_steiermark_tourismus_ikarus.cc-1024x682.jpg\" alt=\"Das Gr\u00fcne Herz im Winterkleid, Grundlsee, Ausseerland - Salzkammergut\" \/><\/p>\n<p><strong>\u00a0<\/strong><\/p>\n","protected":false},"excerpt":{"rendered":"<p>&nbsp; Op\u00e4\u0165 majstrovstv\u00e1 sveta v \u0160tajersku Od 15. do 17. janu\u00e1ra 2016 bud\u00fa na skokanskom most\u00edku Kulm v regi\u00f3ne Ausseerland-Salzkammergut v r\u00e1mci Majstrovstiev sveta v skokoch na ly\u017eiach FIS bojova\u0165 o zlato, striebro a bronz najlep\u0161\u00ed skokani na ly\u017eiach na svete. Bud\u00fa to jedin\u00e9 majstrovstv\u00e1 sveta Medzin\u00e1rodnej ly\u017eiarskej feder\u00e1cie v zimnej sez\u00f3ne 2015\/2016. Vrcholom \u0161tvord\u0148ovej [&hellip;]<\/p>\n","protected":false},"author":7,"featured_media":69411,"comment_status":"closed","ping_status":"closed","sticky":false,"template":"","format":"standard","meta":{"footnotes":""},"categories":[13,46,45,11,52,56,50],"tags":[],"class_list":["post-69410","post","type-post","status-publish","format-standard","has-post-thumbnail","hentry","category-real-estate","category-gastronomia","category-nas-tip","category-news","category-outdoor","category-priroda","category-radim-vam","eq-blocks"],"_links":{"self":[{"href":"https:\/\/www.slovaklinesmagazin.sk\/cms\/wp-json\/wp\/v2\/posts\/69410","targetHints":{"allow":["GET"]}}],"collection":[{"href":"https:\/\/www.slovaklinesmagazin.sk\/cms\/wp-json\/wp\/v2\/posts"}],"about":[{"href":"https:\/\/www.slovaklinesmagazin.sk\/cms\/wp-json\/wp\/v2\/types\/post"}],"author":[{"embeddable":true,"href":"https:\/\/www.slovaklinesmagazin.sk\/cms\/wp-json\/wp\/v2\/users\/7"}],"replies":[{"embeddable":true,"href":"https:\/\/www.slovaklinesmagazin.sk\/cms\/wp-json\/wp\/v2\/comments?post=69410"}],"version-history":[{"count":5,"href":"https:\/\/www.slovaklinesmagazin.sk\/cms\/wp-json\/wp\/v2\/posts\/69410\/revisions"}],"predecessor-version":[{"id":69875,"href":"https:\/\/www.slovaklinesmagazin.sk\/cms\/wp-json\/wp\/v2\/posts\/69410\/revisions\/69875"}],"wp:featuredmedia":[{"embeddable":true,"href":"https:\/\/www.slovaklinesmagazin.sk\/cms\/wp-json\/wp\/v2\/media\/69411"}],"wp:attachment":[{"href":"https:\/\/www.slovaklinesmagazin.sk\/cms\/wp-json\/wp\/v2\/media?parent=69410"}],"wp:term":[{"taxonomy":"category","embeddable":true,"href":"https:\/\/www.slovaklinesmagazin.sk\/cms\/wp-json\/wp\/v2\/categories?post=69410"},{"taxonomy":"post_tag","embeddable":true,"href":"https:\/\/www.slovaklinesmagazin.sk\/cms\/wp-json\/wp\/v2\/tags?post=69410"}],"curies":[{"name":"wp","href":"https:\/\/api.w.org\/{rel}","templated":true}]}}