{"id":69608,"date":"2015-10-30T12:27:27","date_gmt":"2015-10-30T10:27:27","guid":{"rendered":"http:\/\/slovaklinesmagazin.sk\/cms\/?p=69608"},"modified":"2017-03-01T11:13:31","modified_gmt":"2017-03-01T09:13:31","slug":"radi-sa-bojite-vydajte-sa-na-cesty-do-ceskej-republiky","status":"publish","type":"post","link":"https:\/\/www.slovaklinesmagazin.sk\/cms\/2015\/10\/radi-sa-bojite-vydajte-sa-na-cesty-do-ceskej-republiky\/","title":{"rendered":"Radi sa boj\u00edte? Vydajte sa na cesty do \u010ceskej republiky"},"content":{"rendered":"<p><strong>Pochm\u00farne \u00a0po\u010dasie priam vyz\u00fdva milovn\u00edkov z\u00e1had a stra\u0161ideln\u00fdch historiek na\u00a0v\u00fdlety na z\u00e1hadn\u00e9 miesta. Za desiv\u00fdmi pr\u00edbehmi o up\u00edroch i \u010darodejniciach sa m\u00f4\u017eete vyda\u0165 na cesty do \u010ceskej republiky.<\/strong><\/p>\n<p style=\"text-align: center;\"><img decoding=\"async\" class=\"aligncenter\" src=\"http:\/\/slovaklinesmagazin.sk\/cms\/wp-content\/uploads\/2015\/10\/Jesen\u00edky_FOTO-Ladislav_Renner_CzechTourism-1024x346.jpg\" alt=\"\" \/><br \/>\nJesen\u00edky, foto: Ladislav Renner, CzechTourism<\/p>\n<h4>Cintor\u00edn v\u00a0\u017d\u010f\u00e1ri nad S\u00e1zavou<\/h4>\n<p><a href=\"http:\/\/www.kudyznudy.cz\/aktivity-a-akce\/aktivity\/dolni-hrbitov-ve-zdaru-nad-sazavou-misto-odpocin.aspx\">Doln\u00fd cintor\u00edn<\/a> v \u017d\u010f\u00e1ri nad S\u00e1zavou by ste mali nav\u0161t\u00edvi\u0165, ak sa zauj\u00edmate o <strong>up\u00edrske legendy<\/strong>. Na konci 19. storo\u010dia sa tu uskuto\u010dnil ritu\u00e1l likvid\u00e1cie up\u00edra, ktor\u00fdm bol \u00fadajne spr\u00e1vca \u017e\u010f\u00e1rskeho ve\u013ekostatku Alois Ulrich. Ten bol vo\u010di svojim poddan\u00fdm ve\u013emi krut\u00fd za \u017eivota i po smrti. Miestni obyvatelia preto povolali jihlavsk\u00e9ho kata, ktor\u00fd nariadil hrob otvori\u0165. K\u00a0\u00fa\u017easu v\u0161etk\u00fdch v\u00a0\u0148om na\u0161iel telo, ktor\u00e9 nenieslo zn\u00e1mky rozkladu. Kat oslovil Ulricha menom, ten otvoril o\u010di a posadil sa. Zariekavaniu k\u0148aza sa \u201enem\u0155tvy\u201c vysmial, a tak mu kat zo\u0165al hlavu a telo nechal zasypa\u0165 v\u00e1pnom. Niektor\u00ed z\u00e1hadol\u00f3govia Ulrichovo posmrtn\u00e9 vyv\u00e1dzanie prisudzuj\u00fa <strong>architektonickej koncepcii cintor\u00edna<\/strong>. Stavba je zalo\u017een\u00e1 na p\u00f4doryse trojuholn\u00edka \u2013 symbolu najsv\u00e4tej\u0161ej Trojice.\u00a0P\u00f4dorys kostola\u00a0by mal predstavova\u0165\u00a0\u013eudsk\u00fa lebku. Celkovo ide o kabalistick\u00fd symbol \u00faplnosti a v\u00ed\u0165azstva \u017eivota nad smr\u0165ou.<\/p>\n<h4>Hrad Houska<\/h4>\n<p>Temn\u00e9 tajomstv\u00e1 skr\u00fdva <a href=\"http:\/\/www.kudyznudy.cz\/aktivity-a-akce\/aktivity\/hrad-houska.aspx\">hrad Houska<\/a> v\u00a0severn\u00fdch \u010cech\u00e1ch. Pravdepodobne patr\u00ed k najstar\u0161\u00edm hradom na \u010deskom \u00fazem\u00ed. Nevie sa v\u0161ak presne, kedy bol postaven\u00fd, k\u00fdm a s ak\u00fdm z\u00e1merom. Stavba toti\u017e stoj\u00ed na nestrategickom mieste \u2013 v\u00a0okol\u00ed neprech\u00e1dzala zemsk\u00e1 hranica ani obchodn\u00e1 cesta, hrad nemal priamy pr\u00edstup k\u00a0vode. \u010co teda chr\u00e1nil? Pod\u013ea niektor\u00fdch povest\u00ed nebol hrad Houska postaven\u00fd na\u00a0ochranu okolia, ale naopak, aby okolit\u00fd svet chr\u00e1nil pred nie\u010d\u00edm zvn\u00fatra. Pod hradom sa toti\u017e \u00fadajne skr\u00fdva pekeln\u00e1 br\u00e1na! Hoci sa nevie, kde presne m\u00e1 peklo \u00fasti\u0165, v\u00a0hradn\u00fdch priestoroch si m\u00f4\u017eete prezrie\u0165 aspo\u0148 z dreva vyrezan\u00fa \u010dertovsk\u00fa expoz\u00edciu, ktor\u00fa si u\u017eij\u00fa predov\u0161etk\u00fdm deti.<\/p>\n<h4>Jasky\u0148a B\u00fd\u010d\u00ed sk\u00e1la<\/h4>\n<p>Juhomoravsk\u00e1 jasky\u0148a <a href=\"http:\/\/www.kudyznudy.cz\/aktivity-a-akce\/aktivity\/byci-skala---tajuplne-misto-pravekych-ritualnich-v.aspx\">B\u00fd\u010d\u00ed sk\u00e1la<\/a> bola v\u00a0dobe bronzovej a mo\u017eno e\u0161te sk\u00f4r vyu\u017e\u00edvan\u00e1 ako obetn\u00e9 miesto. V\u00a019. storo\u010d\u00ed tam bol objaven\u00fd takzvan\u00fd <strong>Hal\u0161tatsk\u00fd pohreb<\/strong> z\u00a05. storo\u010dia pr. n. l. \u2013 hrob ve\u013emo\u017ea, ktor\u00e9ho do podsvetia nasledovalo 40 diev\u010dat, sluhovia i kone. Zatia\u013e \u010do zosnul\u00fd bol up\u00e1len\u00fd na hranici, \u017eeny boli kruto umu\u010den\u00e9 a kone rozsekan\u00e9 na kusy. K\u00a0B\u00fd\u010dej skale sa, sn\u00e1\u010f ako spomienka na desiv\u00fd ritu\u00e1l, via\u017eu <strong>povesti o tajomnom speve<\/strong> a v\u00fdkrikoch, ktor\u00e9 sa nes\u00fa jasky\u0148ou. Hovor\u00ed sa, \u017ee za tmav\u00fdch noc\u00ed z\u00a0jaskyne vych\u00e1dza temn\u00fd sprievod du\u0161\u00ed, ktor\u00e9 sa zas za svitania vracaj\u00fa na miesto svojho posledn\u00e9ho odpo\u010dinku. Jasky\u0148a je verejnosti pr\u00edstupn\u00e1 len po\u010das ofici\u00e1lnych dn\u00ed otvoren\u00fdch dver\u00ed, jej okolie vr\u00e1tane vysokej skaly, z\u00a0ktorej \u00fadajne pr\u00fadi negat\u00edvna energia, si v\u0161ak m\u00f4\u017eete prezrie\u0165 kedyko\u013evek.<\/p>\n<h4>Petrove kamene<\/h4>\n<p>Pokia\u013e ste milovn\u00edkmi historiek o\u00a0nadprirodzene a z\u00e1rove\u0148 si radi zaly\u017eujete, vydajte sa do Hrub\u00e9ho Jesen\u00edka, ktor\u00fd sa nach\u00e1dza na v\u00fdchode \u010ceskej republiky. Nad ob\u013e\u00faben\u00fdmi zjazdovkami sa t\u00fd\u010di skaln\u00fd \u00fatvar <a href=\"http:\/\/www.kudyznudy.cz\/aktivity-a-akce\/aktivity\/petrovy-kameny.aspx\">Petrove kamene<\/a>, ktor\u00fd m\u00f4\u017eete zhliadnu\u0165 nielen pri jazde na ly\u017eiach, ale aj pri ceste po okolitej hrebe\u0148ovej trase. V\u00a017. storo\u010d\u00ed, v\u00a0dobe \u010darodejn\u00edckych procesov, sa tradovalo, \u017ee pr\u00e1ve na Petrov\u00fdch kame\u0148och sa <strong>\u010darodejnice sch\u00e1dzali pri sabate<\/strong>, vyvol\u00e1vali diabla a\u00a0uskuto\u010d\u0148ovali tu svoju temn\u00fa m\u00e1giu. Skala je v\u0161ak v\u00a0s\u00fa\u010dasnosti predov\u0161etk\u00fdm domovom mnoh\u00fdch vz\u00e1cnych rastlinn\u00fdch druhov.<\/p>\n<h6 style=\"text-align: center;\"><img loading=\"lazy\" decoding=\"async\" class=\"aligncenter\" src=\"http:\/\/slovaklinesmagazin.sk\/cms\/wp-content\/uploads\/2015\/10\/Petrovy-kameny.jpg\" alt=\"\" width=\"764\" height=\"462\" \/><br \/>\nPetrovy kameny<\/h6>\n<h4>Jihlavsk\u00e9 podzemie<\/h4>\n<p>Poves\u0165ami opraden\u00e9 s\u00fa aj <a href=\"http:\/\/www.kudyznudy.cz\/aktivity-a-akce\/aktivity\/jihlavske-podzemi---druhe-nejvetsi-na-uzemi-republ.aspx\"><strong>podzemn\u00e9 chodby<\/strong><\/a> pod b\u00fdval\u00fdm horn\u00fdm mestom Jihlava. Katakomby s rozlohou 50\u00a0000 m2 a d\u013a\u017ekou 25 kilometrov s\u00fa druh\u00e9 najrozsiahlej\u0161ie v\u00a0\u010cesku. Temn\u00e9 chodby \u0165ahaj\u00face sa pod takmer cel\u00fdm mestom a v\u00e4\u010d\u0161inou pamiatok odd\u00e1vna dr\u00e1\u017edili predstavivos\u0165 miestnych obyvate\u013eov. Vznikli tak <strong>legendy o zamurovanej mn\u00ed\u0161ke<\/strong> alebo o tajomnom pr\u00edzraku s\u00a0\u00fazkym krkom a helmou \u010di kr\u00e1tkymi rovno zastrihnut\u00fdmi vlasmi, ktor\u00fd sa dokonca podarilo nafilmova\u0165 report\u00e9rovi istej komer\u010dnej telev\u00edzie. In\u00e9 povesti zas hovoria o skryt\u00fdch priestoroch s\u00a0jazerom, ktor\u00e9ho h\u013abku sa nepodarilo odmera\u0165, \u010di o tajnej miestnosti s\u00a012 rakvami a zlat\u00fdmi kr\u00ed\u017emi. Podzemie je pr\u00edstupn\u00e9 od apr\u00edla do okt\u00f3bra denne, po zvy\u0161ok roku je mo\u017en\u00e9 dohovori\u0165 si n\u00e1v\u0161tevy pre skupiny.<\/p>\n<h4>Stra\u0161ideln\u00e1 Praha<\/h4>\n<p>V\u00a0hlavnom meste sa za stra\u0161idlami vydajte do <a href=\"http:\/\/www.kudyznudy.cz\/aktivity-a-akce\/aktivity\/muzeum-prazskych-povesti-a-strasidel.aspx\"><strong>M\u00fazea pra\u017esk\u00fdch povest\u00ed a stra\u0161idiel<\/strong><\/a>. Dozviete sa, ako to bolo s\u00a0v\u00fdrobou umel\u00e9ho \u010dloveka Golema, ktor\u00fd je \u00fadajne ulo\u017een\u00fd na povale Staronovej synag\u00f3gy. M\u00fazeum vo svojej expoz\u00edcii predstavuje aj pr\u00edbeh Fausta, alchymistu, ktor\u00fd uzavrel zmluvu s\u00a0diablom. S\u00fa\u010das\u0165ou expoz\u00edcie je <strong>Podzemn\u00e1 uli\u010dka duchov<\/strong>, koncipovan\u00e1 tak, aby pripom\u00ednala polno\u010dn\u00fa Prahu. V\u00a0nej stretnete 25 najzn\u00e1mej\u0161\u00edch pra\u017esk\u00fdch stra\u0161idiel. M\u00fazeum je otvoren\u00e9 denne od 10. do 22. hodiny. Dospel\u00ed za vstup zaplatia 5,5 eura, vstupenka pre die\u0165a vyjde na 2,5 eura.<\/p>\n<p style=\"text-align: center;\"><img loading=\"lazy\" decoding=\"async\" class=\"aligncenter\" src=\"http:\/\/slovaklinesmagazin.sk\/cms\/wp-content\/uploads\/2015\/10\/Praha_FOTO-Martin-Ma\u0159\u00e1k_CzechTourism1.jpg\" alt=\"\" width=\"754\" height=\"502\" \/><br \/>\nPraha, foto: Martin Ma\u0159\u00e1k, CzechTourism<\/p>\n<p>&nbsp;<\/p>\n<p><a href=\"http:\/\/www.muzeumpovesti.cz\/\">http:\/\/www.muzeumpovesti.cz\/<\/a><\/p>\n<p>&nbsp;<\/p>\n<p>Fotografia na titulke:<br \/>\nPraha, foto: Michal Vit\u00e1sek, CzechTourism<\/p>\n<p>&nbsp;<\/p>\n<p>&nbsp;<\/p>\n","protected":false},"excerpt":{"rendered":"<p>Pochm\u00farne \u00a0po\u010dasie priam vyz\u00fdva milovn\u00edkov z\u00e1had a stra\u0161ideln\u00fdch historiek na\u00a0v\u00fdlety na z\u00e1hadn\u00e9 miesta. Za desiv\u00fdmi pr\u00edbehmi o up\u00edroch i \u010darodejniciach sa m\u00f4\u017eete vyda\u0165 na cesty do \u010ceskej republiky. Jesen\u00edky, foto: Ladislav Renner, CzechTourism Cintor\u00edn v\u00a0\u017d\u010f\u00e1ri nad S\u00e1zavou Doln\u00fd cintor\u00edn v \u017d\u010f\u00e1ri nad S\u00e1zavou by ste mali nav\u0161t\u00edvi\u0165, ak sa zauj\u00edmate o up\u00edrske legendy. Na konci [&hellip;]<\/p>\n","protected":false},"author":7,"featured_media":69609,"comment_status":"closed","ping_status":"closed","sticky":false,"template":"","format":"standard","meta":{"footnotes":""},"categories":[13,45,56,50],"tags":[],"class_list":["post-69608","post","type-post","status-publish","format-standard","has-post-thumbnail","hentry","category-real-estate","category-nas-tip","category-priroda","category-radim-vam","eq-blocks"],"_links":{"self":[{"href":"https:\/\/www.slovaklinesmagazin.sk\/cms\/wp-json\/wp\/v2\/posts\/69608","targetHints":{"allow":["GET"]}}],"collection":[{"href":"https:\/\/www.slovaklinesmagazin.sk\/cms\/wp-json\/wp\/v2\/posts"}],"about":[{"href":"https:\/\/www.slovaklinesmagazin.sk\/cms\/wp-json\/wp\/v2\/types\/post"}],"author":[{"embeddable":true,"href":"https:\/\/www.slovaklinesmagazin.sk\/cms\/wp-json\/wp\/v2\/users\/7"}],"replies":[{"embeddable":true,"href":"https:\/\/www.slovaklinesmagazin.sk\/cms\/wp-json\/wp\/v2\/comments?post=69608"}],"version-history":[{"count":2,"href":"https:\/\/www.slovaklinesmagazin.sk\/cms\/wp-json\/wp\/v2\/posts\/69608\/revisions"}],"predecessor-version":[{"id":77763,"href":"https:\/\/www.slovaklinesmagazin.sk\/cms\/wp-json\/wp\/v2\/posts\/69608\/revisions\/77763"}],"wp:featuredmedia":[{"embeddable":true,"href":"https:\/\/www.slovaklinesmagazin.sk\/cms\/wp-json\/wp\/v2\/media\/69609"}],"wp:attachment":[{"href":"https:\/\/www.slovaklinesmagazin.sk\/cms\/wp-json\/wp\/v2\/media?parent=69608"}],"wp:term":[{"taxonomy":"category","embeddable":true,"href":"https:\/\/www.slovaklinesmagazin.sk\/cms\/wp-json\/wp\/v2\/categories?post=69608"},{"taxonomy":"post_tag","embeddable":true,"href":"https:\/\/www.slovaklinesmagazin.sk\/cms\/wp-json\/wp\/v2\/tags?post=69608"}],"curies":[{"name":"wp","href":"https:\/\/api.w.org\/{rel}","templated":true}]}}