{"id":69719,"date":"2015-11-04T22:07:15","date_gmt":"2015-11-04T20:07:15","guid":{"rendered":"http:\/\/slovaklinesmagazin.sk\/cms\/?p=69719"},"modified":"2015-11-04T22:07:15","modified_gmt":"2015-11-04T20:07:15","slug":"zive-verzie-diel-secesneho-maliara","status":"publish","type":"post","link":"https:\/\/www.slovaklinesmagazin.sk\/cms\/2015\/11\/zive-verzie-diel-secesneho-maliara\/","title":{"rendered":"\u017div\u00e9 verzie diel secesn\u00e9ho maliara"},"content":{"rendered":"<p>Rak\u00fasky maliar, grafik a\u00a0symfonista Gustav Klimt bol umelcom, ktor\u00fd in\u0161piruje aj takmer sto rokov po svojej smrti. \u013dudia obdivuj\u00fa a\u00a0miluj\u00fa jeho obrazy, najm\u00e4 najzn\u00e1mej\u0161ie dielo Bozk. Predt\u00fdm ako v\u00a0roku 1918 pod\u013eahol mozgovej m\u0155tvici stihol vytvori\u0165 diela, ktor\u00e9 sa objavuj\u00fa aj na r\u00f4znych komer\u010dn\u00fdch produktoch.\u00a0 Klimtove obrazy oslovili aj fotografku Inge Prader, ktor\u00e1 sa rozhodla vytvori\u0165 ich \u017eiv\u00fa podobu s\u00a0pomocou \u00e9terick\u00fdch modeliek. S\u00a0pou\u017eit\u00edm \u0161peci\u00e1lnych efektov a\u00a0rekviz\u00edt vznikli z\u00e1bery, ktor\u00e9 by ur\u010dite ocenil aj samotn\u00fd majster.<\/p>\n<p><a href=\"http:\/\/slovaklinesmagazin.sk\/cms\/wp-content\/uploads\/2015\/11\/11.jpg\"><img decoding=\"async\" class=\"alignnone\" src=\"http:\/\/slovaklinesmagazin.sk\/cms\/wp-content\/uploads\/2015\/11\/11.jpg\" alt=\"1\" \/><\/a> <a href=\"http:\/\/slovaklinesmagazin.sk\/cms\/wp-content\/uploads\/2015\/11\/21.jpg\"><img decoding=\"async\" class=\"alignnone\" src=\"http:\/\/slovaklinesmagazin.sk\/cms\/wp-content\/uploads\/2015\/11\/21.jpg\" alt=\"2\" \/><\/a> <a href=\"http:\/\/slovaklinesmagazin.sk\/cms\/wp-content\/uploads\/2015\/11\/31.jpg\"><img decoding=\"async\" class=\"alignnone\" src=\"http:\/\/slovaklinesmagazin.sk\/cms\/wp-content\/uploads\/2015\/11\/31.jpg\" alt=\"3\" \/><\/a> <a href=\"http:\/\/slovaklinesmagazin.sk\/cms\/wp-content\/uploads\/2015\/11\/41.jpg\"><img decoding=\"async\" class=\"alignnone\" src=\"http:\/\/slovaklinesmagazin.sk\/cms\/wp-content\/uploads\/2015\/11\/41.jpg\" alt=\"4\" \/><\/a> <a href=\"http:\/\/slovaklinesmagazin.sk\/cms\/wp-content\/uploads\/2015\/11\/51.jpg\"><img decoding=\"async\" class=\"alignnone\" src=\"http:\/\/slovaklinesmagazin.sk\/cms\/wp-content\/uploads\/2015\/11\/51.jpg\" alt=\"5\" \/><\/a> <a href=\"http:\/\/slovaklinesmagazin.sk\/cms\/wp-content\/uploads\/2015\/11\/61.jpg\"><img decoding=\"async\" class=\"alignnone\" src=\"http:\/\/slovaklinesmagazin.sk\/cms\/wp-content\/uploads\/2015\/11\/61.jpg\" alt=\"6\" \/><\/a> <a href=\"http:\/\/slovaklinesmagazin.sk\/cms\/wp-content\/uploads\/2015\/11\/71.jpg\"><img decoding=\"async\" class=\"alignnone\" src=\"http:\/\/slovaklinesmagazin.sk\/cms\/wp-content\/uploads\/2015\/11\/71.jpg\" alt=\"7\" \/><\/a> <a href=\"http:\/\/slovaklinesmagazin.sk\/cms\/wp-content\/uploads\/2015\/11\/81.jpg\"><img decoding=\"async\" class=\"alignnone\" src=\"http:\/\/slovaklinesmagazin.sk\/cms\/wp-content\/uploads\/2015\/11\/81.jpg\" alt=\"8\" \/><\/a> <a href=\"http:\/\/slovaklinesmagazin.sk\/cms\/wp-content\/uploads\/2015\/11\/9.jpg\"><img decoding=\"async\" class=\"alignnone\" src=\"http:\/\/slovaklinesmagazin.sk\/cms\/wp-content\/uploads\/2015\/11\/9.jpg\" alt=\"9\" \/><\/a> <a href=\"http:\/\/slovaklinesmagazin.sk\/cms\/wp-content\/uploads\/2015\/11\/10.jpg\"><img decoding=\"async\" class=\"alignnone\" src=\"http:\/\/slovaklinesmagazin.sk\/cms\/wp-content\/uploads\/2015\/11\/10.jpg\" alt=\"10\" \/><\/a><\/p>\n<p>Foto: Inge Prader<\/p>\n","protected":false},"excerpt":{"rendered":"<p>Rak\u00fasky maliar, grafik a\u00a0symfonista Gustav Klimt bol umelcom, ktor\u00fd in\u0161piruje aj takmer sto rokov po svojej smrti. \u013dudia obdivuj\u00fa a\u00a0miluj\u00fa jeho obrazy, najm\u00e4 najzn\u00e1mej\u0161ie dielo Bozk. Predt\u00fdm ako v\u00a0roku 1918 pod\u013eahol mozgovej m\u0155tvici stihol vytvori\u0165 diela, ktor\u00e9 sa objavuj\u00fa aj na r\u00f4znych komer\u010dn\u00fdch produktoch.\u00a0 Klimtove obrazy oslovili aj fotografku Inge Prader, ktor\u00e1 sa rozhodla vytvori\u0165 [&hellip;]<\/p>\n","protected":false},"author":9,"featured_media":69726,"comment_status":"closed","ping_status":"closed","sticky":false,"template":"","format":"standard","meta":{"footnotes":""},"categories":[48],"tags":[],"class_list":["post-69719","post","type-post","status-publish","format-standard","has-post-thumbnail","hentry","category-umenie-a-kultura","eq-blocks"],"_links":{"self":[{"href":"https:\/\/www.slovaklinesmagazin.sk\/cms\/wp-json\/wp\/v2\/posts\/69719","targetHints":{"allow":["GET"]}}],"collection":[{"href":"https:\/\/www.slovaklinesmagazin.sk\/cms\/wp-json\/wp\/v2\/posts"}],"about":[{"href":"https:\/\/www.slovaklinesmagazin.sk\/cms\/wp-json\/wp\/v2\/types\/post"}],"author":[{"embeddable":true,"href":"https:\/\/www.slovaklinesmagazin.sk\/cms\/wp-json\/wp\/v2\/users\/9"}],"replies":[{"embeddable":true,"href":"https:\/\/www.slovaklinesmagazin.sk\/cms\/wp-json\/wp\/v2\/comments?post=69719"}],"version-history":[{"count":1,"href":"https:\/\/www.slovaklinesmagazin.sk\/cms\/wp-json\/wp\/v2\/posts\/69719\/revisions"}],"predecessor-version":[{"id":69730,"href":"https:\/\/www.slovaklinesmagazin.sk\/cms\/wp-json\/wp\/v2\/posts\/69719\/revisions\/69730"}],"wp:featuredmedia":[{"embeddable":true,"href":"https:\/\/www.slovaklinesmagazin.sk\/cms\/wp-json\/wp\/v2\/media\/69726"}],"wp:attachment":[{"href":"https:\/\/www.slovaklinesmagazin.sk\/cms\/wp-json\/wp\/v2\/media?parent=69719"}],"wp:term":[{"taxonomy":"category","embeddable":true,"href":"https:\/\/www.slovaklinesmagazin.sk\/cms\/wp-json\/wp\/v2\/categories?post=69719"},{"taxonomy":"post_tag","embeddable":true,"href":"https:\/\/www.slovaklinesmagazin.sk\/cms\/wp-json\/wp\/v2\/tags?post=69719"}],"curies":[{"name":"wp","href":"https:\/\/api.w.org\/{rel}","templated":true}]}}