{"id":69824,"date":"2015-11-10T09:11:00","date_gmt":"2015-11-10T07:11:00","guid":{"rendered":"http:\/\/slovaklinesmagazin.sk\/cms\/?p=69824"},"modified":"2015-11-10T09:11:00","modified_gmt":"2015-11-10T07:11:00","slug":"nove-bmw-i3-umoznuje-prepravu-hotovosti-bez-emisii","status":"publish","type":"post","link":"https:\/\/www.slovaklinesmagazin.sk\/cms\/2015\/11\/nove-bmw-i3-umoznuje-prepravu-hotovosti-bez-emisii\/","title":{"rendered":"Nov\u00e9 BMW i3 umo\u017e\u0148uje prepravu hotovosti bez emisi\u00ed."},"content":{"rendered":"<p>Plne elektrick\u00e9 BMW i3 sa osved\u010dilo aj ako z\u00e1sahov\u00e9 vozidlo pre policajn\u00e9 zlo\u017eky, z\u00e1chran\u00e1rov a hasi\u010dov.<\/p>\n<p>V\u00fdkonn\u00e9, agiln\u00e9, prepojen\u00e9 a navy\u0161e aj bez miestnych emisi\u00ed \u2013 v\u010faka t\u00fdmto vlastnostiam sa plne elektrick\u00e9 BMW i3 v \u010doraz v\u00e4\u010d\u0161ej miere uplat\u0148uje ako z\u00e1sahov\u00e9 vozidlo pre pol\u00edciu, z\u00e1chran\u00e1rov a hasi\u010dov. BMW pon\u00faka prv\u00e9 pr\u00e9miov\u00e9 vozidlo na svete, ktor\u00e9 bolo od za\u010diatku kon\u0161truovan\u00e9 v\u00fdlu\u010dne s oh\u013eadom na elektrick\u00fa mobilitu a poskytuje viacero volite\u013en\u00fdch doplnkov v\u00fdbavy pre pohotovostn\u00e9 zlo\u017eky, \u010d\u00edm roz\u0161iruje mo\u017enosti elektrickej mobility v mestskom prostred\u00ed. Org\u00e1ny verejnej spr\u00e1vy v Bavorsku, Mil\u00e1ne, Los Angeles a Lond\u00fdne u\u017e zaradili prv\u00e9 BMW i3 medzi svoje z\u00e1sahov\u00e9 vozidl\u00e1. \u010eal\u0161ia \u0161peci\u00e1lna verzia sa pou\u017e\u00edva na prepravu hotovosti bez miestnych emisi\u00ed vo Var\u0161ave, hlavnom meste Po\u013eska.<\/p>\n<p style=\"text-align: center;\"><img decoding=\"async\" class=\"aligncenter\" src=\"http:\/\/slovaklinesmagazin.sk\/cms\/wp-content\/uploads\/2015\/11\/P90194410-lowRes.jpg\" alt=\"\" \/><\/p>\n<p>BMW i3 obsahuje prvky \u0161pecificky vyvinut\u00e9 pre elektrick\u00e9 a plug-in modely. Jeho z\u00e1kladn\u00fdmi \u010drtami s\u00fa kab\u00edna pre cestuj\u00facich vystu\u017een\u00e1 karb\u00f3nov\u00fdmi vl\u00e1knami (CFRP) a hlin\u00edkov\u00fd podvozok ukr\u00fdvaj\u00faci v\u0161etky komponenty hnacieho syst\u00e9mu aj tlmi\u010de. Pou\u017eitie tejto met\u00f3dy viedlo k vzniku \u0161tvormetrov\u00e9ho, p\u00e4\u0165dverov\u00e9ho automobilu s nad\u0161tandardne rozmern\u00fdm a variabiln\u00fdm interi\u00e9rom, mal\u00fdm polomerom ot\u00e1\u010dania, ako aj agiln\u00fdm a bezpe\u010dn\u00fdm riaden\u00edm. Vysok\u00e9 umiestnenie sedadiel a skvel\u00fd rozh\u013ead na v\u0161etky strany ho priam predur\u010duj\u00fa na pou\u017eitie v mestskom prostred\u00ed. Elektromotor s v\u00fdkonom 125\u00a0kW\/170\u00a0k zr\u00fdchli \u0161tandardn\u00e9 BMW i3 (kombinovan\u00e1 spotreba paliva: 0,0 l\/100\u00a0km, kombinovan\u00e1 spotreba elektrickej energie: 12,9 kWh\/100\u00a0km, kombinovan\u00e9 emisie CO2: 0\u00a0g\/km) z 0 na 100 km\/h len za 7,2 sekundy. Vysokonap\u00e4\u0165ov\u00e1 l\u00edtium-i\u00f3nov\u00e1 bat\u00e9ria vozidlu pri ka\u017edodennej prev\u00e1dzke poskytuje opera\u010dn\u00fd r\u00e1dius a\u017e do 160 kilometrov.<\/p>\n<p style=\"text-align: center;\"><img decoding=\"async\" class=\"aligncenter\" src=\"http:\/\/slovaklinesmagazin.sk\/cms\/wp-content\/uploads\/2015\/11\/P90197253-lowRes.jpg\" alt=\"\" \/><\/p>\n<p>\u0160pecifick\u00e9 doplnky BMW i3 s\u00fa v\u00fdsledkom vy\u0161e 50 rokov sk\u00fasenost\u00ed s v\u00fdvojom z\u00e1sahov\u00fdch vozidiel. V\u010faka nim je BMW jedin\u00fdm v\u00fdrobcom automobilov, ktor\u00fd pol\u00edcii, z\u00e1chran\u00e1rom a hasi\u010dom pon\u00faka \u0161irok\u00fa \u0161k\u00e1lu \u0161pecializovan\u00e9ho vybavenia priamo z v\u00fdroby. V z\u00e1vislosti od \u00fa\u010delu pou\u017eitia s\u00fa vozidl\u00e1 vybaven\u00e9 f\u00f3liami s potla\u010dou a stre\u0161n\u00fdm nosi\u010dom. \u0160peci\u00e1lny signaliza\u010dn\u00fd syst\u00e9m, predn\u00e9 i zadn\u00e9 blikaj\u00face v\u00fdstra\u017en\u00e9 svetl\u00e1 a podtlakov\u00e1 sir\u00e9na sa postaraj\u00fa o to, aby si ostatn\u00ed \u00fa\u010dastn\u00edci prem\u00e1vky zasahuj\u00face BMW i3 v\u010das v\u0161imli. K v\u00fdbave patr\u00ed aj predpr\u00edprava pre digit\u00e1lnu vysiela\u010dku.<\/p>\n<p style=\"text-align: center;\"><img decoding=\"async\" class=\"aligncenter\" src=\"http:\/\/slovaklinesmagazin.sk\/cms\/wp-content\/uploads\/2015\/11\/P90199529-lowRes.jpg\" alt=\"\" \/><\/p>\n<p style=\"text-align: center;\">\n<p>Permanentne zabudovan\u00e1 SIM karta umo\u017e\u0148uje vyu\u017e\u00edva\u0165 technol\u00f3giu inteligentn\u00e9ho prepojenia v BMW i3, \u010do z\u00e1chran\u00e1rom u\u013eah\u010duje pr\u00e1cu. Syst\u00e9m ConnectedRescue zalo\u017een\u00fd na BMW Connected Drive pon\u00faka mo\u017enos\u0165 vysiela\u0165 z centr\u00e1ly do vozidla d\u00f4le\u017eit\u00e9 \u00fadaje vr\u00e1tane adresy, d\u00f4vodu z\u00e1sahu a kontaktnej osoby, pri\u010dom tieto inform\u00e1cie s\u00fa jasn\u00e9, \u013eahko pou\u017eite\u013en\u00e9 a \u010ditate\u013en\u00e9. Naviga\u010dn\u00fd syst\u00e9m vozidla dok\u00e1\u017ee prijat\u00e9 s\u00faradnice \u010di adresu priamo spracova\u0165, nie je ich potrebn\u00e9 zad\u00e1va\u0165 manu\u00e1lne, \u010d\u00edm sa zabr\u00e1ni pr\u00edpadn\u00fdm chyb\u00e1m pri prenose \u00fadajov. Zatia\u013e \u010do sa t\u00edm pripravuje na z\u00e1sah, vodi\u010d sa m\u00f4\u017ee plne s\u00fastredi\u0165 na prem\u00e1vku. Zvy\u0161uje sa t\u00fdm bezpe\u010dnos\u0165 aj efekt\u00edvnos\u0165 z\u00e1sahu.<\/p>\n<p style=\"text-align: center;\"><img decoding=\"async\" class=\"aligncenter\" src=\"http:\/\/slovaklinesmagazin.sk\/cms\/wp-content\/uploads\/2015\/11\/P90203780-lowRes.jpg\" alt=\"\" \/><\/p>\n<p>BMW i3 sa okrem toho \u00faspe\u0161ne uplat\u0148uje aj v netradi\u010dn\u00fdch \u00faloh\u00e1ch. Najnov\u0161\u00edm pr\u00edkladom je po\u013esk\u00e1 banka Idea, ktor\u00e1 vo Var\u0161ave vyu\u017e\u00edva BMW i3 na poskytovanie neobvyklej don\u00e1\u0161kovej slu\u017eby. Majitelia obchodov si m\u00f4\u017eu prostredn\u00edctvom aplik\u00e1cie objedna\u0165 z\u00e1sahov\u00e9 vozidlo BMW i3, ktor\u00e9 ich denn\u00fa tr\u017ebu vyzdvihne priamo pred ich obchodom a odvezie ju do banky.<\/p>\n<p>Viac inform\u00e1ci\u00ed o z\u00e1sahov\u00fdch vozidl\u00e1ch BMW n\u00e1jdete na internetovej str\u00e1nke <a href=\"http:\/\/www.bmw-behoerden.de\/\">www.bmw-behoerden.de<\/a><\/p>\n<div id='gallery-1' class='gallery galleryid-69824 gallery-columns-4 gallery-size-medium'><figure class='gallery-item'>\n\t\t\t<div class='gallery-icon landscape'>\n\t\t\t\t<a href='https:\/\/www.slovaklinesmagazin.sk\/cms\/2015\/11\/nove-bmw-i3-umoznuje-prepravu-hotovosti-bez-emisii\/p90194410-lowres-2\/'><img loading=\"lazy\" decoding=\"async\" width=\"300\" height=\"200\" src=\"https:\/\/www.slovaklinesmagazin.sk\/cms\/wp-content\/uploads\/2015\/11\/P90194410-lowRes1-300x200.jpg\" class=\"attachment-medium size-medium\" alt=\"\" srcset=\"https:\/\/www.slovaklinesmagazin.sk\/cms\/wp-content\/uploads\/2015\/11\/P90194410-lowRes1-300x200.jpg 300w, https:\/\/www.slovaklinesmagazin.sk\/cms\/wp-content\/uploads\/2015\/11\/P90194410-lowRes1-304x202.jpg 304w, https:\/\/www.slovaklinesmagazin.sk\/cms\/wp-content\/uploads\/2015\/11\/P90194410-lowRes1-296x197.jpg 296w, https:\/\/www.slovaklinesmagazin.sk\/cms\/wp-content\/uploads\/2015\/11\/P90194410-lowRes1.jpg 600w\" sizes=\"auto, (max-width: 300px) 100vw, 300px\" \/><\/a>\n\t\t\t<\/div><\/figure><figure class='gallery-item'>\n\t\t\t<div class='gallery-icon landscape'>\n\t\t\t\t<a href='https:\/\/www.slovaklinesmagazin.sk\/cms\/2015\/11\/nove-bmw-i3-umoznuje-prepravu-hotovosti-bez-emisii\/p90194412-lowres-2\/'><img loading=\"lazy\" decoding=\"async\" width=\"300\" height=\"200\" src=\"https:\/\/www.slovaklinesmagazin.sk\/cms\/wp-content\/uploads\/2015\/11\/P90194412-lowRes1-300x200.jpg\" class=\"attachment-medium size-medium\" alt=\"\" srcset=\"https:\/\/www.slovaklinesmagazin.sk\/cms\/wp-content\/uploads\/2015\/11\/P90194412-lowRes1-300x200.jpg 300w, https:\/\/www.slovaklinesmagazin.sk\/cms\/wp-content\/uploads\/2015\/11\/P90194412-lowRes1-304x202.jpg 304w, https:\/\/www.slovaklinesmagazin.sk\/cms\/wp-content\/uploads\/2015\/11\/P90194412-lowRes1-296x197.jpg 296w, https:\/\/www.slovaklinesmagazin.sk\/cms\/wp-content\/uploads\/2015\/11\/P90194412-lowRes1.jpg 600w\" sizes=\"auto, (max-width: 300px) 100vw, 300px\" \/><\/a>\n\t\t\t<\/div><\/figure><figure class='gallery-item'>\n\t\t\t<div class='gallery-icon landscape'>\n\t\t\t\t<a href='https:\/\/www.slovaklinesmagazin.sk\/cms\/2015\/11\/nove-bmw-i3-umoznuje-prepravu-hotovosti-bez-emisii\/p90197253-lowres-2\/'><img loading=\"lazy\" decoding=\"async\" width=\"300\" height=\"200\" src=\"https:\/\/www.slovaklinesmagazin.sk\/cms\/wp-content\/uploads\/2015\/11\/P90197253-lowRes1-300x200.jpg\" class=\"attachment-medium size-medium\" alt=\"\" srcset=\"https:\/\/www.slovaklinesmagazin.sk\/cms\/wp-content\/uploads\/2015\/11\/P90197253-lowRes1-300x200.jpg 300w, https:\/\/www.slovaklinesmagazin.sk\/cms\/wp-content\/uploads\/2015\/11\/P90197253-lowRes1-304x203.jpg 304w, https:\/\/www.slovaklinesmagazin.sk\/cms\/wp-content\/uploads\/2015\/11\/P90197253-lowRes1-296x197.jpg 296w, https:\/\/www.slovaklinesmagazin.sk\/cms\/wp-content\/uploads\/2015\/11\/P90197253-lowRes1.jpg 600w\" sizes=\"auto, (max-width: 300px) 100vw, 300px\" \/><\/a>\n\t\t\t<\/div><\/figure><figure class='gallery-item'>\n\t\t\t<div class='gallery-icon landscape'>\n\t\t\t\t<a href='https:\/\/www.slovaklinesmagazin.sk\/cms\/2015\/11\/nove-bmw-i3-umoznuje-prepravu-hotovosti-bez-emisii\/p90199529-lowres-2\/'><img loading=\"lazy\" decoding=\"async\" width=\"300\" height=\"200\" src=\"https:\/\/www.slovaklinesmagazin.sk\/cms\/wp-content\/uploads\/2015\/11\/P90199529-lowRes1-300x200.jpg\" class=\"attachment-medium size-medium\" alt=\"\" srcset=\"https:\/\/www.slovaklinesmagazin.sk\/cms\/wp-content\/uploads\/2015\/11\/P90199529-lowRes1-300x200.jpg 300w, https:\/\/www.slovaklinesmagazin.sk\/cms\/wp-content\/uploads\/2015\/11\/P90199529-lowRes1-304x203.jpg 304w, https:\/\/www.slovaklinesmagazin.sk\/cms\/wp-content\/uploads\/2015\/11\/P90199529-lowRes1-296x197.jpg 296w, https:\/\/www.slovaklinesmagazin.sk\/cms\/wp-content\/uploads\/2015\/11\/P90199529-lowRes1.jpg 600w\" sizes=\"auto, (max-width: 300px) 100vw, 300px\" \/><\/a>\n\t\t\t<\/div><\/figure><figure class='gallery-item'>\n\t\t\t<div class='gallery-icon landscape'>\n\t\t\t\t<a href='https:\/\/www.slovaklinesmagazin.sk\/cms\/2015\/11\/nove-bmw-i3-umoznuje-prepravu-hotovosti-bez-emisii\/p90200060-lowres\/'><img loading=\"lazy\" decoding=\"async\" width=\"300\" height=\"200\" src=\"https:\/\/www.slovaklinesmagazin.sk\/cms\/wp-content\/uploads\/2015\/11\/P90200060-lowRes-300x200.jpg\" class=\"attachment-medium size-medium\" alt=\"\" srcset=\"https:\/\/www.slovaklinesmagazin.sk\/cms\/wp-content\/uploads\/2015\/11\/P90200060-lowRes-300x200.jpg 300w, https:\/\/www.slovaklinesmagazin.sk\/cms\/wp-content\/uploads\/2015\/11\/P90200060-lowRes-304x202.jpg 304w, https:\/\/www.slovaklinesmagazin.sk\/cms\/wp-content\/uploads\/2015\/11\/P90200060-lowRes-296x197.jpg 296w, https:\/\/www.slovaklinesmagazin.sk\/cms\/wp-content\/uploads\/2015\/11\/P90200060-lowRes.jpg 600w\" sizes=\"auto, (max-width: 300px) 100vw, 300px\" \/><\/a>\n\t\t\t<\/div><\/figure><figure class='gallery-item'>\n\t\t\t<div class='gallery-icon landscape'>\n\t\t\t\t<a href='https:\/\/www.slovaklinesmagazin.sk\/cms\/2015\/11\/nove-bmw-i3-umoznuje-prepravu-hotovosti-bez-emisii\/p90203778-lowres\/'><img loading=\"lazy\" decoding=\"async\" width=\"300\" height=\"200\" src=\"https:\/\/www.slovaklinesmagazin.sk\/cms\/wp-content\/uploads\/2015\/11\/P90203778-lowRes-300x200.jpg\" class=\"attachment-medium size-medium\" alt=\"\" srcset=\"https:\/\/www.slovaklinesmagazin.sk\/cms\/wp-content\/uploads\/2015\/11\/P90203778-lowRes-300x200.jpg 300w, https:\/\/www.slovaklinesmagazin.sk\/cms\/wp-content\/uploads\/2015\/11\/P90203778-lowRes-304x202.jpg 304w, https:\/\/www.slovaklinesmagazin.sk\/cms\/wp-content\/uploads\/2015\/11\/P90203778-lowRes-296x197.jpg 296w, https:\/\/www.slovaklinesmagazin.sk\/cms\/wp-content\/uploads\/2015\/11\/P90203778-lowRes.jpg 600w\" sizes=\"auto, (max-width: 300px) 100vw, 300px\" \/><\/a>\n\t\t\t<\/div><\/figure><figure class='gallery-item'>\n\t\t\t<div class='gallery-icon landscape'>\n\t\t\t\t<a href='https:\/\/www.slovaklinesmagazin.sk\/cms\/2015\/11\/nove-bmw-i3-umoznuje-prepravu-hotovosti-bez-emisii\/p90203780-lowres-2\/'><img loading=\"lazy\" decoding=\"async\" width=\"300\" height=\"200\" src=\"https:\/\/www.slovaklinesmagazin.sk\/cms\/wp-content\/uploads\/2015\/11\/P90203780-lowRes1-300x200.jpg\" class=\"attachment-medium size-medium\" alt=\"\" srcset=\"https:\/\/www.slovaklinesmagazin.sk\/cms\/wp-content\/uploads\/2015\/11\/P90203780-lowRes1-300x200.jpg 300w, https:\/\/www.slovaklinesmagazin.sk\/cms\/wp-content\/uploads\/2015\/11\/P90203780-lowRes1-304x202.jpg 304w, https:\/\/www.slovaklinesmagazin.sk\/cms\/wp-content\/uploads\/2015\/11\/P90203780-lowRes1-296x197.jpg 296w, https:\/\/www.slovaklinesmagazin.sk\/cms\/wp-content\/uploads\/2015\/11\/P90203780-lowRes1.jpg 600w\" sizes=\"auto, (max-width: 300px) 100vw, 300px\" \/><\/a>\n\t\t\t<\/div><\/figure><figure class='gallery-item'>\n\t\t\t<div class='gallery-icon landscape'>\n\t\t\t\t<a href='https:\/\/www.slovaklinesmagazin.sk\/cms\/2015\/11\/nove-bmw-i3-umoznuje-prepravu-hotovosti-bez-emisii\/p90203781-lowres\/'><img loading=\"lazy\" decoding=\"async\" width=\"300\" height=\"200\" src=\"https:\/\/www.slovaklinesmagazin.sk\/cms\/wp-content\/uploads\/2015\/11\/P90203781-lowRes-300x200.jpg\" class=\"attachment-medium size-medium\" alt=\"\" srcset=\"https:\/\/www.slovaklinesmagazin.sk\/cms\/wp-content\/uploads\/2015\/11\/P90203781-lowRes-300x200.jpg 300w, https:\/\/www.slovaklinesmagazin.sk\/cms\/wp-content\/uploads\/2015\/11\/P90203781-lowRes-304x202.jpg 304w, https:\/\/www.slovaklinesmagazin.sk\/cms\/wp-content\/uploads\/2015\/11\/P90203781-lowRes-296x197.jpg 296w, https:\/\/www.slovaklinesmagazin.sk\/cms\/wp-content\/uploads\/2015\/11\/P90203781-lowRes.jpg 600w\" sizes=\"auto, (max-width: 300px) 100vw, 300px\" \/><\/a>\n\t\t\t<\/div><\/figure><figure class='gallery-item'>\n\t\t\t<div class='gallery-icon landscape'>\n\t\t\t\t<a href='https:\/\/www.slovaklinesmagazin.sk\/cms\/2015\/11\/nove-bmw-i3-umoznuje-prepravu-hotovosti-bez-emisii\/p90203782-lowres\/'><img loading=\"lazy\" decoding=\"async\" width=\"300\" height=\"200\" src=\"https:\/\/www.slovaklinesmagazin.sk\/cms\/wp-content\/uploads\/2015\/11\/P90203782-lowRes-300x200.jpg\" class=\"attachment-medium size-medium\" alt=\"\" srcset=\"https:\/\/www.slovaklinesmagazin.sk\/cms\/wp-content\/uploads\/2015\/11\/P90203782-lowRes-300x200.jpg 300w, https:\/\/www.slovaklinesmagazin.sk\/cms\/wp-content\/uploads\/2015\/11\/P90203782-lowRes-304x203.jpg 304w, https:\/\/www.slovaklinesmagazin.sk\/cms\/wp-content\/uploads\/2015\/11\/P90203782-lowRes-296x197.jpg 296w, https:\/\/www.slovaklinesmagazin.sk\/cms\/wp-content\/uploads\/2015\/11\/P90203782-lowRes.jpg 600w\" sizes=\"auto, (max-width: 300px) 100vw, 300px\" \/><\/a>\n\t\t\t<\/div><\/figure><figure class='gallery-item'>\n\t\t\t<div class='gallery-icon landscape'>\n\t\t\t\t<a href='https:\/\/www.slovaklinesmagazin.sk\/cms\/2015\/11\/nove-bmw-i3-umoznuje-prepravu-hotovosti-bez-emisii\/p90203784-lowres\/'><img loading=\"lazy\" decoding=\"async\" width=\"300\" height=\"200\" src=\"https:\/\/www.slovaklinesmagazin.sk\/cms\/wp-content\/uploads\/2015\/11\/P90203784-lowRes-300x200.jpg\" class=\"attachment-medium size-medium\" alt=\"\" srcset=\"https:\/\/www.slovaklinesmagazin.sk\/cms\/wp-content\/uploads\/2015\/11\/P90203784-lowRes-300x200.jpg 300w, https:\/\/www.slovaklinesmagazin.sk\/cms\/wp-content\/uploads\/2015\/11\/P90203784-lowRes-304x202.jpg 304w, https:\/\/www.slovaklinesmagazin.sk\/cms\/wp-content\/uploads\/2015\/11\/P90203784-lowRes-296x197.jpg 296w, https:\/\/www.slovaklinesmagazin.sk\/cms\/wp-content\/uploads\/2015\/11\/P90203784-lowRes.jpg 600w\" sizes=\"auto, (max-width: 300px) 100vw, 300px\" \/><\/a>\n\t\t\t<\/div><\/figure><figure class='gallery-item'>\n\t\t\t<div class='gallery-icon landscape'>\n\t\t\t\t<a href='https:\/\/www.slovaklinesmagazin.sk\/cms\/2015\/11\/nove-bmw-i3-umoznuje-prepravu-hotovosti-bez-emisii\/p90203785-lowres\/'><img loading=\"lazy\" decoding=\"async\" width=\"300\" height=\"200\" src=\"https:\/\/www.slovaklinesmagazin.sk\/cms\/wp-content\/uploads\/2015\/11\/P90203785-lowRes-300x200.jpg\" class=\"attachment-medium size-medium\" alt=\"\" srcset=\"https:\/\/www.slovaklinesmagazin.sk\/cms\/wp-content\/uploads\/2015\/11\/P90203785-lowRes-300x200.jpg 300w, https:\/\/www.slovaklinesmagazin.sk\/cms\/wp-content\/uploads\/2015\/11\/P90203785-lowRes-304x203.jpg 304w, https:\/\/www.slovaklinesmagazin.sk\/cms\/wp-content\/uploads\/2015\/11\/P90203785-lowRes-296x197.jpg 296w, https:\/\/www.slovaklinesmagazin.sk\/cms\/wp-content\/uploads\/2015\/11\/P90203785-lowRes.jpg 600w\" sizes=\"auto, (max-width: 300px) 100vw, 300px\" \/><\/a>\n\t\t\t<\/div><\/figure><figure class='gallery-item'>\n\t\t\t<div class='gallery-icon landscape'>\n\t\t\t\t<a href='https:\/\/www.slovaklinesmagazin.sk\/cms\/2015\/11\/nove-bmw-i3-umoznuje-prepravu-hotovosti-bez-emisii\/p90203786-lowres\/'><img loading=\"lazy\" decoding=\"async\" width=\"300\" height=\"200\" src=\"https:\/\/www.slovaklinesmagazin.sk\/cms\/wp-content\/uploads\/2015\/11\/P90203786-lowRes-300x200.jpg\" class=\"attachment-medium size-medium\" alt=\"\" srcset=\"https:\/\/www.slovaklinesmagazin.sk\/cms\/wp-content\/uploads\/2015\/11\/P90203786-lowRes-300x200.jpg 300w, https:\/\/www.slovaklinesmagazin.sk\/cms\/wp-content\/uploads\/2015\/11\/P90203786-lowRes-304x203.jpg 304w, https:\/\/www.slovaklinesmagazin.sk\/cms\/wp-content\/uploads\/2015\/11\/P90203786-lowRes-296x198.jpg 296w, https:\/\/www.slovaklinesmagazin.sk\/cms\/wp-content\/uploads\/2015\/11\/P90203786-lowRes.jpg 599w\" sizes=\"auto, (max-width: 300px) 100vw, 300px\" \/><\/a>\n\t\t\t<\/div><\/figure><figure class='gallery-item'>\n\t\t\t<div class='gallery-icon landscape'>\n\t\t\t\t<a href='https:\/\/www.slovaklinesmagazin.sk\/cms\/2015\/11\/nove-bmw-i3-umoznuje-prepravu-hotovosti-bez-emisii\/p90203787-lowres\/'><img loading=\"lazy\" decoding=\"async\" width=\"300\" height=\"200\" src=\"https:\/\/www.slovaklinesmagazin.sk\/cms\/wp-content\/uploads\/2015\/11\/P90203787-lowRes-300x200.jpg\" class=\"attachment-medium size-medium\" alt=\"\" srcset=\"https:\/\/www.slovaklinesmagazin.sk\/cms\/wp-content\/uploads\/2015\/11\/P90203787-lowRes-300x200.jpg 300w, https:\/\/www.slovaklinesmagazin.sk\/cms\/wp-content\/uploads\/2015\/11\/P90203787-lowRes-304x203.jpg 304w, https:\/\/www.slovaklinesmagazin.sk\/cms\/wp-content\/uploads\/2015\/11\/P90203787-lowRes-296x198.jpg 296w, https:\/\/www.slovaklinesmagazin.sk\/cms\/wp-content\/uploads\/2015\/11\/P90203787-lowRes.jpg 599w\" sizes=\"auto, (max-width: 300px) 100vw, 300px\" \/><\/a>\n\t\t\t<\/div><\/figure><figure class='gallery-item'>\n\t\t\t<div class='gallery-icon landscape'>\n\t\t\t\t<a href='https:\/\/www.slovaklinesmagazin.sk\/cms\/2015\/11\/nove-bmw-i3-umoznuje-prepravu-hotovosti-bez-emisii\/p90203788-lowres\/'><img loading=\"lazy\" decoding=\"async\" width=\"300\" height=\"200\" src=\"https:\/\/www.slovaklinesmagazin.sk\/cms\/wp-content\/uploads\/2015\/11\/P90203788-lowRes-300x200.jpg\" class=\"attachment-medium size-medium\" alt=\"\" srcset=\"https:\/\/www.slovaklinesmagazin.sk\/cms\/wp-content\/uploads\/2015\/11\/P90203788-lowRes-300x200.jpg 300w, https:\/\/www.slovaklinesmagazin.sk\/cms\/wp-content\/uploads\/2015\/11\/P90203788-lowRes-304x203.jpg 304w, https:\/\/www.slovaklinesmagazin.sk\/cms\/wp-content\/uploads\/2015\/11\/P90203788-lowRes-296x198.jpg 296w, https:\/\/www.slovaklinesmagazin.sk\/cms\/wp-content\/uploads\/2015\/11\/P90203788-lowRes.jpg 599w\" sizes=\"auto, (max-width: 300px) 100vw, 300px\" \/><\/a>\n\t\t\t<\/div><\/figure>\n\t\t<\/div>\n\n<p><strong>Bezpe\u010dnostn\u00e9 vozidl\u00e1 BMW:<\/strong><br \/>\nBMW v spolupr\u00e1ci s n\u00e1rodn\u00fdmi i nadn\u00e1rodn\u00fdmi org\u00e1nmi u\u017e viac ne\u017e 50 rokov vyv\u00edja \u0161pi\u010dkov\u00e9 automobily pre pohotovostn\u00e9 slu\u017eby. V\u0161etky modely pon\u00fakaj\u00fa maxim\u00e1lnu bezpe\u010dnos\u0165, \u00fasporn\u00fa jazdu a inovat\u00edvnu technol\u00f3giu v s\u00falade s miestnymi predpismi. Pr\u00edprava pre konkr\u00e9tnu volite\u013en\u00fa v\u00fdbavu je s\u00fa\u010das\u0165ou v\u00fdvoja vozidla a v\u00fdroba prebieha s\u00fabe\u017ene s pr\u00edslu\u0161n\u00fdm modelom. Slu\u017eba ConnectedRescue bola zatia\u013e spusten\u00e1 v Nemecku. <a href=\"http:\/\/www.connectedrescue.de\/\">www.connectedrescue.de<\/a><\/p>\n","protected":false},"excerpt":{"rendered":"<p>Plne elektrick\u00e9 BMW i3 sa osved\u010dilo aj ako z\u00e1sahov\u00e9 vozidlo pre policajn\u00e9 zlo\u017eky, z\u00e1chran\u00e1rov a hasi\u010dov. V\u00fdkonn\u00e9, agiln\u00e9, prepojen\u00e9 a navy\u0161e aj bez miestnych emisi\u00ed \u2013 v\u010faka t\u00fdmto vlastnostiam sa plne elektrick\u00e9 BMW i3 v \u010doraz v\u00e4\u010d\u0161ej miere uplat\u0148uje ako z\u00e1sahov\u00e9 vozidlo pre pol\u00edciu, z\u00e1chran\u00e1rov a hasi\u010dov. BMW pon\u00faka prv\u00e9 pr\u00e9miov\u00e9 vozidlo na svete, ktor\u00e9 [&hellip;]<\/p>\n","protected":false},"author":7,"featured_media":69825,"comment_status":"closed","ping_status":"closed","sticky":false,"template":"","format":"standard","meta":{"footnotes":""},"categories":[4,45,11,42],"tags":[],"class_list":["post-69824","post","type-post","status-publish","format-standard","has-post-thumbnail","hentry","category-automobily","category-nas-tip","category-news","category-tech","eq-blocks"],"_links":{"self":[{"href":"https:\/\/www.slovaklinesmagazin.sk\/cms\/wp-json\/wp\/v2\/posts\/69824","targetHints":{"allow":["GET"]}}],"collection":[{"href":"https:\/\/www.slovaklinesmagazin.sk\/cms\/wp-json\/wp\/v2\/posts"}],"about":[{"href":"https:\/\/www.slovaklinesmagazin.sk\/cms\/wp-json\/wp\/v2\/types\/post"}],"author":[{"embeddable":true,"href":"https:\/\/www.slovaklinesmagazin.sk\/cms\/wp-json\/wp\/v2\/users\/7"}],"replies":[{"embeddable":true,"href":"https:\/\/www.slovaklinesmagazin.sk\/cms\/wp-json\/wp\/v2\/comments?post=69824"}],"version-history":[{"count":1,"href":"https:\/\/www.slovaklinesmagazin.sk\/cms\/wp-json\/wp\/v2\/posts\/69824\/revisions"}],"predecessor-version":[{"id":69845,"href":"https:\/\/www.slovaklinesmagazin.sk\/cms\/wp-json\/wp\/v2\/posts\/69824\/revisions\/69845"}],"wp:featuredmedia":[{"embeddable":true,"href":"https:\/\/www.slovaklinesmagazin.sk\/cms\/wp-json\/wp\/v2\/media\/69825"}],"wp:attachment":[{"href":"https:\/\/www.slovaklinesmagazin.sk\/cms\/wp-json\/wp\/v2\/media?parent=69824"}],"wp:term":[{"taxonomy":"category","embeddable":true,"href":"https:\/\/www.slovaklinesmagazin.sk\/cms\/wp-json\/wp\/v2\/categories?post=69824"},{"taxonomy":"post_tag","embeddable":true,"href":"https:\/\/www.slovaklinesmagazin.sk\/cms\/wp-json\/wp\/v2\/tags?post=69824"}],"curies":[{"name":"wp","href":"https:\/\/api.w.org\/{rel}","templated":true}]}}