{"id":70091,"date":"2015-11-17T20:44:27","date_gmt":"2015-11-17T18:44:27","guid":{"rendered":"http:\/\/slovaklinesmagazin.sk\/cms\/?p=70091"},"modified":"2015-11-17T20:44:27","modified_gmt":"2015-11-17T18:44:27","slug":"kam-sa-stratili-ovecky","status":"publish","type":"post","link":"https:\/\/www.slovaklinesmagazin.sk\/cms\/2015\/11\/kam-sa-stratili-ovecky\/","title":{"rendered":"Kam sa stratili ove\u010dky?"},"content":{"rendered":"<p><span style=\"font-size: medium;\"><span style=\"font-family: Calibri;\">Kanadsk\u00fd farm\u00e1r Liezel Kennedy sa v\u00a0jedno r\u00e1no nemohol presta\u0165 divi\u0165, kam zmizli jeho drah\u00e9 ovce. P\u00e4\u0165stop\u00e4\u0165desiat kusov zvierat sa z\u00a0ni\u010doho ni\u010d akoby prepadlo pod zem. Po dlhom h\u013eadan\u00ed si mohol odf\u00faknu\u0165. Ove\u010dky sa cel\u00fd \u010das nepozorovane p\u00e1sli rovno pred jeho o\u010dami. N\u00e1jdete Kennedyho ove\u010dky aj vy? Nie? Pozrite sa bli\u017e\u0161ie, bli\u017e\u0161ie, bli\u017e\u0161ie&#8230; e\u0161te bli\u017e\u0161ie&#8230; \ud83d\ude09 <\/span><\/span><\/p>\n<p><a href=\"http:\/\/slovaklinesmagazin.sk\/cms\/wp-content\/uploads\/2015\/11\/228.jpg\"><img decoding=\"async\" class=\"alignnone\" src=\"http:\/\/slovaklinesmagazin.sk\/cms\/wp-content\/uploads\/2015\/11\/228.jpg\" alt=\"2\" \/><\/a> <a href=\"http:\/\/slovaklinesmagazin.sk\/cms\/wp-content\/uploads\/2015\/11\/324.jpg\"><img decoding=\"async\" class=\"alignnone\" src=\"http:\/\/slovaklinesmagazin.sk\/cms\/wp-content\/uploads\/2015\/11\/324.jpg\" alt=\"3\" \/><\/a> <a href=\"http:\/\/slovaklinesmagazin.sk\/cms\/wp-content\/uploads\/2015\/11\/423.jpg\"><img decoding=\"async\" class=\"alignnone\" src=\"http:\/\/slovaklinesmagazin.sk\/cms\/wp-content\/uploads\/2015\/11\/423.jpg\" alt=\"4\" \/><\/a><\/p>\n","protected":false},"excerpt":{"rendered":"<p>Kanadsk\u00fd farm\u00e1r Liezel Kennedy sa v\u00a0jedno r\u00e1no nemohol presta\u0165 divi\u0165, kam zmizli jeho drah\u00e9 ovce. P\u00e4\u0165stop\u00e4\u0165desiat kusov zvierat sa z\u00a0ni\u010doho ni\u010d akoby prepadlo pod zem. Po dlhom h\u013eadan\u00ed si mohol odf\u00faknu\u0165. Ove\u010dky sa cel\u00fd \u010das nepozorovane p\u00e1sli rovno pred jeho o\u010dami. N\u00e1jdete Kennedyho ove\u010dky aj vy? Nie? Pozrite sa bli\u017e\u0161ie, bli\u017e\u0161ie, bli\u017e\u0161ie&#8230; e\u0161te bli\u017e\u0161ie&#8230; \ud83d\ude09<\/p>\n","protected":false},"author":9,"featured_media":70092,"comment_status":"closed","ping_status":"closed","sticky":false,"template":"","format":"standard","meta":{"footnotes":""},"categories":[56],"tags":[],"class_list":["post-70091","post","type-post","status-publish","format-standard","has-post-thumbnail","hentry","category-priroda","eq-blocks"],"_links":{"self":[{"href":"https:\/\/www.slovaklinesmagazin.sk\/cms\/wp-json\/wp\/v2\/posts\/70091","targetHints":{"allow":["GET"]}}],"collection":[{"href":"https:\/\/www.slovaklinesmagazin.sk\/cms\/wp-json\/wp\/v2\/posts"}],"about":[{"href":"https:\/\/www.slovaklinesmagazin.sk\/cms\/wp-json\/wp\/v2\/types\/post"}],"author":[{"embeddable":true,"href":"https:\/\/www.slovaklinesmagazin.sk\/cms\/wp-json\/wp\/v2\/users\/9"}],"replies":[{"embeddable":true,"href":"https:\/\/www.slovaklinesmagazin.sk\/cms\/wp-json\/wp\/v2\/comments?post=70091"}],"version-history":[{"count":1,"href":"https:\/\/www.slovaklinesmagazin.sk\/cms\/wp-json\/wp\/v2\/posts\/70091\/revisions"}],"predecessor-version":[{"id":70096,"href":"https:\/\/www.slovaklinesmagazin.sk\/cms\/wp-json\/wp\/v2\/posts\/70091\/revisions\/70096"}],"wp:featuredmedia":[{"embeddable":true,"href":"https:\/\/www.slovaklinesmagazin.sk\/cms\/wp-json\/wp\/v2\/media\/70092"}],"wp:attachment":[{"href":"https:\/\/www.slovaklinesmagazin.sk\/cms\/wp-json\/wp\/v2\/media?parent=70091"}],"wp:term":[{"taxonomy":"category","embeddable":true,"href":"https:\/\/www.slovaklinesmagazin.sk\/cms\/wp-json\/wp\/v2\/categories?post=70091"},{"taxonomy":"post_tag","embeddable":true,"href":"https:\/\/www.slovaklinesmagazin.sk\/cms\/wp-json\/wp\/v2\/tags?post=70091"}],"curies":[{"name":"wp","href":"https:\/\/api.w.org\/{rel}","templated":true}]}}