{"id":70131,"date":"2015-11-21T16:26:42","date_gmt":"2015-11-21T14:26:42","guid":{"rendered":"http:\/\/slovaklinesmagazin.sk\/cms\/?p=70131"},"modified":"2015-11-21T16:26:42","modified_gmt":"2015-11-21T14:26:42","slug":"nove-bmw-225xe","status":"publish","type":"post","link":"https:\/\/www.slovaklinesmagazin.sk\/cms\/2015\/11\/nove-bmw-225xe\/","title":{"rendered":"Nov\u00e9 BMW 225xe."},"content":{"rendered":"<p><strong>BMW za\u010d\u00edna s\u00e9riov\u00fa v\u00fdrobu druh\u00e9ho plug-in hybridu z\u00a0Lipska. BMW radu 2 Active Tourer.<\/strong><\/p>\n<p>Lipsko. Spolo\u010dnos\u0165 BMW Group za\u010dala za\u010diatkom tohto t\u00fd\u017ed\u0148a vo v\u00fdrobnom z\u00e1vode v Lipsku v\u00fdrobu druh\u00e9ho modelu s plug-in hybridn\u00fdm pohonom. Po BMW i8 je n\u00edm BMW 225xe &#8211; BMW radu 2 Active Tourer typu plug-in hybrid s\u00a0pohonom v\u0161etk\u00fdch kolies. Obe vozidl\u00e1 maj\u00fa kombin\u00e1ciu pohonu so spa\u013eovac\u00edm a\u00a0s elektrick\u00fdm motorom.<\/p>\n<p>BMW roz\u0161iruje sortiment modelov BMW radu 2 Active Tourer o\u00a0nov\u00fd automobil typu plug-in hybrid s\u00a0pohonom v\u0161etk\u00fdch kolies. BMW 225xe \u2013 nov\u00fd variant BMW radu 2 Active Tourer s\u00a0technol\u00f3giou eDrive \u2013 pon\u00faka na svoj segment nev\u00eddan\u00fa kombin\u00e1ciu \u0161portov\u00fdch vlastnost\u00ed, hospod\u00e1rnosti a\u00a0\u00fa\u010delnosti na ka\u017edodenn\u00e9 pou\u017e\u00edvanie.<\/p>\n<p style=\"text-align: center;\"><img decoding=\"async\" class=\"aligncenter\" src=\"http:\/\/slovaklinesmagazin.sk\/cms\/wp-content\/uploads\/2015\/11\/P90204867-lowRes.jpg\" alt=\"\" \/><br \/>\n<img decoding=\"async\" class=\"aligncenter\" src=\"http:\/\/slovaklinesmagazin.sk\/cms\/wp-content\/uploads\/2015\/11\/P90204868-lowRes.jpg\" alt=\"\" \/><br \/>\n<img decoding=\"async\" class=\"aligncenter\" src=\"http:\/\/slovaklinesmagazin.sk\/cms\/wp-content\/uploads\/2015\/11\/P90204869-lowRes.jpg\" alt=\"\" \/><\/p>\n<ul>\n<li class=\"first\">Tento koncept predstavuje spojenie v\u00fdnimo\u010dn\u00e9ho vyu\u017eitia priestoru, v\u0161estrann\u00e9ho interi\u00e9ru, kompaktn\u00fdch rozmerov, dlh\u00e9ho dojazdu a\u00a0vynikaj\u00facej spotreby paliva.<\/li>\n<li>Technol\u00f3gia BMW eDrive spolo\u010dne s\u00a0trojvalcov\u00fdm spa\u013eovac\u00edm motorom zabezpe\u010duj\u00fa presved\u010div\u00fd v\u00fdkon a\u00a0efekt\u00edvne vyu\u017eitie energie.<\/li>\n<li>Trojvalcov\u00fd spa\u013eovac\u00ed motor s\u00a0technol\u00f3giou BMW TwinPower Turbo a\u00a0v\u00fdkonom 100\u00a0kW\/136\u00a0k. Elektrick\u00fd motor dosahuje v\u00fdkon 65\u00a0kW\/88\u00a0k, celkov\u00fd v\u00fdkon syst\u00e9mu: 165\u00a0kW\/224\u00a0k, maxim\u00e1lny kr\u00fatiaci moment: 385\u00a0Nm. (Kombinovan\u00e1 spotreba paliva: 2,1 \u2013 2,0\u00a0l\/100\u00a0km; kombinovan\u00e9 emisie CO2: 49 \u2013 46\u00a0g\/km)<a href=\"https:\/\/www.press.bmwgroup.com\/slovak\/text.html#_ftn1\"> [1]<\/a>.<\/li>\n<li>Zr\u00fdchlenie z\u00a00 na 100\u00a0km\/h za 6,7\u00a0sekundy, maxim\u00e1lna r\u00fdchlos\u0165: 202\u00a0km\/h.<\/li>\n<li>Dojazd na elektrick\u00fd pohon: a\u017e 41\u00a0kilometrov.<\/li>\n<li>Maxim\u00e1lna r\u00fdchlos\u0165 na elektrick\u00fd pohon: 125\u00a0km\/h.<\/li>\n<li>Bat\u00e9riu s\u00a0vysok\u00fdm nap\u00e4t\u00edm je mo\u017en\u00e9 nabi\u0165 z\u00a0be\u017enej dom\u00e1cej elektrickej z\u00e1suvky za tri hodiny a\u00a015\u00a0min\u00fat pomocou dod\u00e1van\u00e9ho \u0161tandardn\u00e9ho nab\u00edjacieho k\u00e1bla. Technologick\u00fd bal\u00edk BMW 360\u00b0 ELECTRIC (vr\u00e1tane stanice BMW i Wallbox) umo\u017e\u0148uje r\u00fdchlej\u0161ie a\u00a0pohodlnej\u0161ie nabitie za dve hodiny a\u00a015\u00a0min\u00fat, pri\u010dom slu\u017eba mobility ChargeNow sprostredkuje mimoriadne r\u00fdchle a\u00a0jednoduch\u00e9 vyh\u013ead\u00e1vanie verejn\u00fdch nab\u00edjac\u00edch stan\u00edc. Karta ChargeNow sl\u00fa\u017ei na bezhotovostn\u00e9 pou\u017e\u00edvanie a\u00a0platby.<\/li>\n<li>Kombin\u00e1cia elektrick\u00e9ho pohonu zadn\u00fdch kolies, pohonu predn\u00fdch kolies a\u00a0elektrifikovan\u00e9ho pohonu v\u0161etk\u00fdch kolies umo\u017e\u0148uje efekt\u00edvnu jazdu a\u00a0dlh\u00fd dojazd v\u00a0spojen\u00ed s\u00a0typicky vynikaj\u00facimi dynamick\u00fdmi jazdn\u00fdmi vlastnos\u0165ami.<\/li>\n<li>Bato\u017einov\u00fd priestor s\u00a0variabiln\u00fdm vyu\u017eit\u00edm bez obmedzenia z\u00e1kladnej nosnosti, a\u00a0to aj napriek roz\u0161\u00edreniu o\u00a0syst\u00e9m elektrick\u00e9ho pohonu.<\/li>\n<\/ul>\n<p>&nbsp;<\/p>\n<p><a href=\"https:\/\/www.press.bmwgroup.com\/slovak\/text.html#_ftnref1\">[1]<\/a>Pribli\u017en\u00e9 hodnoty. Hodnoty spotreby paliva pod\u013ea sk\u00fa\u0161obn\u00e9ho cyklu E\u00da pre vozidl\u00e1 typu plug-in hybrid, pri\u010dom sa m\u00f4\u017eu l\u00ed\u0161i\u0165 v\u00a0z\u00e1vislosti od ve\u013ekosti pneumat\u00edk.<\/p>\n<p>&nbsp;<\/p>\n","protected":false},"excerpt":{"rendered":"<p>BMW za\u010d\u00edna s\u00e9riov\u00fa v\u00fdrobu druh\u00e9ho plug-in hybridu z\u00a0Lipska. BMW radu 2 Active Tourer. Lipsko. Spolo\u010dnos\u0165 BMW Group za\u010dala za\u010diatkom tohto t\u00fd\u017ed\u0148a vo v\u00fdrobnom z\u00e1vode v Lipsku v\u00fdrobu druh\u00e9ho modelu s plug-in hybridn\u00fdm pohonom. Po BMW i8 je n\u00edm BMW 225xe &#8211; BMW radu 2 Active Tourer typu plug-in hybrid s\u00a0pohonom v\u0161etk\u00fdch kolies. Obe vozidl\u00e1 maj\u00fa [&hellip;]<\/p>\n","protected":false},"author":7,"featured_media":70132,"comment_status":"closed","ping_status":"closed","sticky":false,"template":"","format":"standard","meta":{"footnotes":""},"categories":[4,11,42,43],"tags":[],"class_list":["post-70131","post","type-post","status-publish","format-standard","has-post-thumbnail","hentry","category-automobily","category-news","category-tech","category-technologie","eq-blocks"],"_links":{"self":[{"href":"https:\/\/www.slovaklinesmagazin.sk\/cms\/wp-json\/wp\/v2\/posts\/70131","targetHints":{"allow":["GET"]}}],"collection":[{"href":"https:\/\/www.slovaklinesmagazin.sk\/cms\/wp-json\/wp\/v2\/posts"}],"about":[{"href":"https:\/\/www.slovaklinesmagazin.sk\/cms\/wp-json\/wp\/v2\/types\/post"}],"author":[{"embeddable":true,"href":"https:\/\/www.slovaklinesmagazin.sk\/cms\/wp-json\/wp\/v2\/users\/7"}],"replies":[{"embeddable":true,"href":"https:\/\/www.slovaklinesmagazin.sk\/cms\/wp-json\/wp\/v2\/comments?post=70131"}],"version-history":[{"count":1,"href":"https:\/\/www.slovaklinesmagazin.sk\/cms\/wp-json\/wp\/v2\/posts\/70131\/revisions"}],"predecessor-version":[{"id":70137,"href":"https:\/\/www.slovaklinesmagazin.sk\/cms\/wp-json\/wp\/v2\/posts\/70131\/revisions\/70137"}],"wp:featuredmedia":[{"embeddable":true,"href":"https:\/\/www.slovaklinesmagazin.sk\/cms\/wp-json\/wp\/v2\/media\/70132"}],"wp:attachment":[{"href":"https:\/\/www.slovaklinesmagazin.sk\/cms\/wp-json\/wp\/v2\/media?parent=70131"}],"wp:term":[{"taxonomy":"category","embeddable":true,"href":"https:\/\/www.slovaklinesmagazin.sk\/cms\/wp-json\/wp\/v2\/categories?post=70131"},{"taxonomy":"post_tag","embeddable":true,"href":"https:\/\/www.slovaklinesmagazin.sk\/cms\/wp-json\/wp\/v2\/tags?post=70131"}],"curies":[{"name":"wp","href":"https:\/\/api.w.org\/{rel}","templated":true}]}}