{"id":71168,"date":"2016-01-05T22:48:50","date_gmt":"2016-01-05T20:48:50","guid":{"rendered":"http:\/\/slovaklinesmagazin.sk\/cms\/?p=71168"},"modified":"2016-01-05T22:48:50","modified_gmt":"2016-01-05T20:48:50","slug":"sen-cyklistov","status":"publish","type":"post","link":"https:\/\/www.slovaklinesmagazin.sk\/cms\/2016\/01\/sen-cyklistov\/","title":{"rendered":"Sen cyklistov"},"content":{"rendered":"<p><span style=\"color: #000000; font-family: Calibri;\">Nemci s\u00fa celosvetovo zn\u00e1mi svojimi kvalitn\u00fdmi cestami. Ale pripravovanou novinkou posun\u00fa svoje meno v\u00a0svetovom mer\u00edtku ciest a\u00a0infra\u0161trukt\u00fary na \u00faplne in\u00fa \u00farove\u0148. Buduj\u00fa toti\u017e dia\u013enicu pre cyklistov! K\u00fdm inde m\u00f4\u017eu by\u0165 v\u010fa\u010dn\u00fd za \u00fazky cyklochodn\u00edk, na z\u00e1pade krajiny rastie sto kilometrov dlh\u00e1 cesta ur\u010den\u00e1 v\u00fdlu\u010dne pre \u0161portovcov na dvoch koles\u00e1ch. Dia\u013enica prepoj\u00ed desa\u0165 z\u00e1padn\u00fdch miest, vr\u00e1tane Duisburgu, Bochumu a Hammu. Bude sa vin\u00fa\u0165 popri opusten\u00fdch \u017eelezni\u010dn\u00fdch tratiach v priemyselnej oblasti Por\u00faria. Pod\u013ea Martina Toennesa, z\u00e1stupcu \u00a0region\u00e1lnych skup\u00edn rozvoja RVR, bude t\u00fato trasu vyu\u017e\u00edva\u0165 asi dva mili\u00f3ny \u013eud\u00ed a\u00a0cesty by mala odbremeni\u0165 o\u00a050-tis\u00edc vozov ka\u017ed\u00fd de\u0148.<\/span><\/p>\n<p><img decoding=\"async\" class=\"alignnone\" src=\"http:\/\/slovaklinesmagazin.sk\/cms\/wp-content\/uploads\/2016\/01\/1-8.jpg\" alt=\"1\" \/> <img decoding=\"async\" class=\"alignnone\" src=\"http:\/\/slovaklinesmagazin.sk\/cms\/wp-content\/uploads\/2016\/01\/2-7.jpg\" alt=\"2\" \/> <img decoding=\"async\" class=\"alignnone\" src=\"http:\/\/slovaklinesmagazin.sk\/cms\/wp-content\/uploads\/2016\/01\/4-8.jpg\" alt=\"4\" \/><\/p>\n","protected":false},"excerpt":{"rendered":"<p>Nemci s\u00fa celosvetovo zn\u00e1mi svojimi kvalitn\u00fdmi cestami. Ale pripravovanou novinkou posun\u00fa svoje meno v\u00a0svetovom mer\u00edtku ciest a\u00a0infra\u0161trukt\u00fary na \u00faplne in\u00fa \u00farove\u0148. Buduj\u00fa toti\u017e dia\u013enicu pre cyklistov! K\u00fdm inde m\u00f4\u017eu by\u0165 v\u010fa\u010dn\u00fd za \u00fazky cyklochodn\u00edk, na z\u00e1pade krajiny rastie sto kilometrov dlh\u00e1 cesta ur\u010den\u00e1 v\u00fdlu\u010dne pre \u0161portovcov na dvoch koles\u00e1ch. Dia\u013enica prepoj\u00ed desa\u0165 z\u00e1padn\u00fdch miest, vr\u00e1tane [&hellip;]<\/p>\n","protected":false},"author":9,"featured_media":71171,"comment_status":"closed","ping_status":"closed","sticky":false,"template":"","format":"standard","meta":{"footnotes":""},"categories":[13,9],"tags":[],"class_list":["post-71168","post","type-post","status-publish","format-standard","has-post-thumbnail","hentry","category-real-estate","category-lifestyle","eq-blocks"],"_links":{"self":[{"href":"https:\/\/www.slovaklinesmagazin.sk\/cms\/wp-json\/wp\/v2\/posts\/71168","targetHints":{"allow":["GET"]}}],"collection":[{"href":"https:\/\/www.slovaklinesmagazin.sk\/cms\/wp-json\/wp\/v2\/posts"}],"about":[{"href":"https:\/\/www.slovaklinesmagazin.sk\/cms\/wp-json\/wp\/v2\/types\/post"}],"author":[{"embeddable":true,"href":"https:\/\/www.slovaklinesmagazin.sk\/cms\/wp-json\/wp\/v2\/users\/9"}],"replies":[{"embeddable":true,"href":"https:\/\/www.slovaklinesmagazin.sk\/cms\/wp-json\/wp\/v2\/comments?post=71168"}],"version-history":[{"count":1,"href":"https:\/\/www.slovaklinesmagazin.sk\/cms\/wp-json\/wp\/v2\/posts\/71168\/revisions"}],"predecessor-version":[{"id":71173,"href":"https:\/\/www.slovaklinesmagazin.sk\/cms\/wp-json\/wp\/v2\/posts\/71168\/revisions\/71173"}],"wp:featuredmedia":[{"embeddable":true,"href":"https:\/\/www.slovaklinesmagazin.sk\/cms\/wp-json\/wp\/v2\/media\/71171"}],"wp:attachment":[{"href":"https:\/\/www.slovaklinesmagazin.sk\/cms\/wp-json\/wp\/v2\/media?parent=71168"}],"wp:term":[{"taxonomy":"category","embeddable":true,"href":"https:\/\/www.slovaklinesmagazin.sk\/cms\/wp-json\/wp\/v2\/categories?post=71168"},{"taxonomy":"post_tag","embeddable":true,"href":"https:\/\/www.slovaklinesmagazin.sk\/cms\/wp-json\/wp\/v2\/tags?post=71168"}],"curies":[{"name":"wp","href":"https:\/\/api.w.org\/{rel}","templated":true}]}}