{"id":71314,"date":"2016-01-13T12:51:41","date_gmt":"2016-01-13T10:51:41","guid":{"rendered":"http:\/\/slovaklinesmagazin.sk\/cms\/?p=71314"},"modified":"2016-01-13T12:51:41","modified_gmt":"2016-01-13T10:51:41","slug":"usetrite-na-lyzovacke-tipy-z-celeho-rakuska","status":"publish","type":"post","link":"https:\/\/www.slovaklinesmagazin.sk\/cms\/2016\/01\/usetrite-na-lyzovacke-tipy-z-celeho-rakuska\/","title":{"rendered":"U\u0161etrite na ly\u017eova\u010dke \u2013 tipy z cel\u00e9ho Rak\u00faska"},"content":{"rendered":"<p>Psssst, celkom d\u00f4vern\u00e9\u2026<\/p>\n<p>\u2026Vysok\u00e9 \u0160tajersko je tajn\u00fd tip pre milovn\u00edkov snehu a ostrie\u013ean\u00fdch zjazdovk\u00e1rov! Viac ako 50 ly\u017eiarsk\u00fdch vlekov a vy\u0161e 120 kilometrov zjazdoviek medzi \u0160tajersk\u00fdm Semmeringom, pohor\u00edm Hochschwab a Eisenerzsk\u00fdmi Alpami pon\u00faka dostatok priestoru pre elegantn\u00e9 carvingov\u00e9 pohyby a \u010dist\u00fa rados\u0165 det\u00ed s ly\u017eami na noh\u00e1ch.<\/p>\n<p>Pre v\u0161etk\u00fdch, ktor\u00ed radi pokojne a uvo\u013enene k\u013eu\u010dkuj\u00fa na zjazdovk\u00e1ch, s\u00fa hitom na\u0161e mal\u00e9 a \u00fatuln\u00e9 ly\u017eiarske stredisk\u00e1 \u2013 ale pre v\u0161etk\u00fdch, ktor\u00ed h\u013eadaj\u00fa rad\u0161ej vzru\u0161uj\u00face v\u00fdzvy, s\u00fa tu na\u0161e skvel\u00e9 udr\u017eiavan\u00e9 ly\u017eiarske are\u00e1ly, napr\u00edklad vrele odpor\u00fa\u010dan\u00fd Stuhleck, Mariazeller B\u00fcrgeralpe alebo Pr\u00e4bichl.<\/p>\n<p><strong>Nech sa rozhodnete pre \u010doko\u013evek \u2013 Vysok\u00e9 \u0160tajersko je na\u0161\u0165astie tak bl\u00edzko!<\/strong><\/p>\n<p style=\"text-align: center;\"><img decoding=\"async\" class=\"aligncenter\" src=\"http:\/\/slovaklinesmagazin.sk\/cms\/wp-content\/uploads\/2016\/01\/TRV-HOCHsteiermark_cc-Harry-Schiffer-1.jpg\" alt=\"Hochsteiermark foto Harry Schiffer \" \/><\/p>\n<p><strong>Roz\u0161\u00edrenie ly\u017eiarskeho strediska Turracher H\u00f6he <\/strong><\/p>\n<p>Turracher H\u00f6he investuje do roz\u0161\u00edrenia ly\u017eiarskeho strediska v najbli\u017e\u0161\u00edch 3 rokoch 16 mil. eur. Na zimu 2015\/16 sa dokon\u010duje lanovka na Schafalm, \u0161tyri nov\u00e9 trasy a celkovo \u0161tyri dodato\u010dn\u00e9 kilometre zjazdoviek. Nov\u00e1 lanovka na Schafalm, ktor\u00e1 by mala by\u0165 uveden\u00e1 do prev\u00e1dzky v novembri, predstavuje 6-seda\u010dkov\u00fa lanovku s krytmi a vyhrievan\u00fdmi sedadlami s prepravnou kapacitou 2 000 os\u00f4b za hodinu. Vrcholov\u00e1 stanica sa nach\u00e1dza vo v\u00fd\u0161ke 2 080 m, bezprostredne ved\u013ea zjazdu z vrchu Kornock. Z\u00e1vere\u010dn\u00e9 roz\u0161\u00edrenie ly\u017eiarskeho strediska Schafalm o \u010fal\u0161iu tra\u0165 (dva kilometre zjazdovky) a o nov\u00fa reten\u010dn\u00fa n\u00e1dr\u017e bude nasledova\u0165 v lete 2016, resp. 2017. <a href=\"http:\/\/www.turracherhoehe.at\">www.turracherhoehe.at<\/a><\/p>\n<p><img decoding=\"async\" class=\"aligncenter\" src=\"http:\/\/slovaklinesmagazin.sk\/cms\/wp-content\/uploads\/2016\/01\/Pr\u00e4bichl-Bergbahnen\u00a9Wassler-Katharina-1.jpg\" alt=\"Pr\u00e4bichl Bergbahnen\u00a9Wassler Katharina \" \/><\/p>\n<h3><span style=\"color: #ff0000;\"><strong>U\u0161etrite na ly\u017eova\u010dke \u2013 tipy z cel\u00e9ho Rak\u00faska<\/strong><\/span><\/h3>\n<ul>\n<li>V stredisku <strong>Joglland-Waldheimat<\/strong> ly\u017euj\u00fa deti do 14 rokov ZADARMO na ly\u017eiarskom vleku Wiesenhofer v Miesenbachu v kombin\u00e1cii s prenocovan\u00edm v hoteli Paunger v Miesenbachu<\/li>\n<li>V <strong>pr\u00edrodnom parku Almenland<\/strong> je ly\u017eovanie a be\u017ekovanie od pondelka do piatka na Teichalme ZADARMO, ak si zarezervujete dovolenku vo Fladnitzi\/Teichalme, Tyrnau, Nechnitzi alebo Tulwitzi.<\/li>\n<li>\u0160peci\u00e1lne podmienky pre rodiny s\u00fa v\u0161ak aj v najv\u00e4\u010d\u0161ej \u0161tajerskej ly\u017eiarskej oblasti \u2013 v regi\u00f3ne Schladming-Dachstein: Ve\u013ekono\u010dn\u00e9 rodinn\u00e9 akcie s bezplatn\u00fdm skipasom pre deti, rodinn\u00fdm bonusom pre tretie a \u010fal\u0161ie die\u0165a, kartou pre mlad\u00e9 rodiny pre v\u0161etk\u00fdch rodi\u010dov s mal\u00fdm die\u0165a\u0165om a z\u013eavou Junior Weekend Discount pre svahy v Ski amad\u00e9.<\/li>\n<li>V \u0161tyroch ly\u017eiarskych stredisk\u00e1ch zdru\u017eenia \u201eSchneeb\u00e4ren\u201c (Riesneralm, Tauplitz, Planneralm a Kaiserau) plat\u00ed ml\u00e1de\u017en\u00edcka tarifa pre v\u0161etk\u00fdch vo veku do 25 rokov.<\/li>\n<li>Po\u010das akcie \u201eFamily-Days\u201c na Kreischbergu (5. a\u017e 18. decembra a 16. marca a\u017e 3. apr\u00edla) ly\u017euj\u00fa deti do 15 rokov ZADARMO, ak si jeden z rodi\u010dov k\u00fapi skipas.<\/li>\n<li>V ly\u017eiarskom stredisku Grebenzen \u2013 St. Lambrecht platia ceny pre ml\u00e1de\u017e pre v\u0161etk\u00fdch vo veku do 28 rokov.<\/li>\n<\/ul>\n<p>&nbsp;<\/p>\n<p><strong>Z\u00e1ruka snehu pre be\u017ek\u00e1rov<\/strong><\/p>\n<p><strong>Do \u0161tajersk\u00fdch be\u017ek\u00e1rskych st\u00f4p sa celoro\u010dne investuj\u00fa desa\u0165tis\u00edce pracovn\u00fdch hod\u00edn. A to e\u0161te dlho predt\u00fdm, ako nimi prejd\u00fa prv\u00ed hostia. Okrem najmodernej\u0161\u00edch zasne\u017eovac\u00edch zariaden\u00ed je na niektor\u00fdch miestach e\u0161te aj sneh z predo\u0161l\u00e9ho roku.<\/strong> Sne\u017en\u00e9 del\u00e1 u\u017e viac nie s\u00fa vyhraden\u00e9 len pre svahy, pou\u017e\u00edvaj\u00fa sa aj na perfektn\u00fa pr\u00edpravu be\u017ek\u00e1rskych st\u00f4p. Popredn\u00e9 be\u017ek\u00e1rske regi\u00f3ny \u0160tajerska tak pom\u00e1haj\u00fa Perinbabe, aby mohli pon\u00faka\u0165 tie najlep\u0161ie podmienky. \u0160peci\u00e1lne nasadenie je mo\u017en\u00e9 sledova\u0165 v Ramsau am Dachstein, najd\u00f4le\u017eitej\u0161ej be\u017ek\u00e1rskej oblasti krajiny. Tu sa od roku 2013 rozhodli pre \u201esnowfarming\u201c, aby mohli sez\u00f3nu za\u010da\u0165 sk\u00f4r. Ako to funguje? V Ramsau sa vo febru\u00e1ri zasne\u017eila, resp. nazbierala, vyrovnala a prikryla obrovsk\u00e1 kopa snehu s objemom okolo 5 000 kubick\u00fdch metrov \u2013 pribli\u017ene 500 n\u00e1kladn\u00fdch \u00e1ut. Na to pri\u0161la vrstva drevenej \u0161tiepky a biela plastov\u00e1 f\u00f3lia, ktor\u00e9 chr\u00e1nia sneh pred vetrom. Najvrchnej\u0161\u00edch desa\u0165 centimetrov snehu nas\u00e1va vlhkos\u0165, odparovan\u00edm vznik\u00e1 chlad, ktor\u00fd kopu udr\u017eiava po\u010das letn\u00fdch mesiacov. V\u010faka tomu ostalo pribli\u017ene 80 percent p\u00f4vodn\u00e9ho mno\u017estva snehu, na ktorom sa d\u00e1 op\u00e4\u0165 jazdi\u0165, a sez\u00f3na m\u00f4\u017ee za\u010da\u0165 sk\u00f4r. T\u00fato v\u00fdhodu vyu\u017e\u00edvaj\u00fa v Ramsau koniec koncov tie\u017e niektor\u00e9 eur\u00f3pske n\u00e1rodn\u00e9 t\u00edmy. \u201eSnowfarming\u201c nie je novinka. \u201eUsklad\u0148ovanie snehu, resp. \u013eadu sa vyu\u017e\u00edvalo u\u017e v 18. storo\u010d\u00ed,\u201c vysvet\u013euje Elias Walser, riadite\u013e spolku Tourismusverband Ramsau am Dachstein. \u201eVtedy sa zria\u010fovali tzv. \u013eadov\u00e9 pivnice na to, aby po\u010das letn\u00fdch mesiacov mohlo fungova\u0165 neust\u00e1le z\u00e1sobovanie \u013eadom. N\u00e1\u0161 cie\u013e je, samozrejme, in\u00fd. Vieme, \u017ee produkcia snehu po\u010das janu\u00e1ra a febru\u00e1ra je omnoho menej energeticky n\u00e1ro\u010dn\u00e1 ako po\u010das novembra a decembra. Tak pre\u010do by sme ho mali necha\u0165 roztopi\u0165?\u201c<\/p>\n<p><strong>Zimn\u00fd tip<\/strong>: V tomto roku maj\u00fa n\u00e1v\u0161tevn\u00edci po prv\u00fdkr\u00e1t mo\u017enos\u0165 by\u0165 pri pr\u00edprave ramsausk\u00fdch be\u017ek\u00e1rskych trat\u00ed priamo pritom v pr\u00edstroji na \u00fapravu stopy.<br \/>\n<a href=\"http:\/\/www.ramsau.com\">www.ramsau.com<\/a><\/p>\n<p>&nbsp;<\/p>\n","protected":false},"excerpt":{"rendered":"<p>Psssst, celkom d\u00f4vern\u00e9\u2026 \u2026Vysok\u00e9 \u0160tajersko je tajn\u00fd tip pre milovn\u00edkov snehu a ostrie\u013ean\u00fdch zjazdovk\u00e1rov! Viac ako 50 ly\u017eiarsk\u00fdch vlekov a vy\u0161e 120 kilometrov zjazdoviek medzi \u0160tajersk\u00fdm Semmeringom, pohor\u00edm Hochschwab a Eisenerzsk\u00fdmi Alpami pon\u00faka dostatok priestoru pre elegantn\u00e9 carvingov\u00e9 pohyby a \u010dist\u00fa rados\u0165 det\u00ed s ly\u017eami na noh\u00e1ch. Pre v\u0161etk\u00fdch, ktor\u00ed radi pokojne a uvo\u013enene k\u013eu\u010dkuj\u00fa [&hellip;]<\/p>\n","protected":false},"author":7,"featured_media":71315,"comment_status":"closed","ping_status":"closed","sticky":false,"template":"","format":"standard","meta":{"footnotes":""},"categories":[13,46,45,52,56,50,14,44],"tags":[],"class_list":["post-71314","post","type-post","status-publish","format-standard","has-post-thumbnail","hentry","category-real-estate","category-gastronomia","category-nas-tip","category-outdoor","category-priroda","category-radim-vam","category-sport","category-zdravie","eq-blocks"],"_links":{"self":[{"href":"https:\/\/www.slovaklinesmagazin.sk\/cms\/wp-json\/wp\/v2\/posts\/71314","targetHints":{"allow":["GET"]}}],"collection":[{"href":"https:\/\/www.slovaklinesmagazin.sk\/cms\/wp-json\/wp\/v2\/posts"}],"about":[{"href":"https:\/\/www.slovaklinesmagazin.sk\/cms\/wp-json\/wp\/v2\/types\/post"}],"author":[{"embeddable":true,"href":"https:\/\/www.slovaklinesmagazin.sk\/cms\/wp-json\/wp\/v2\/users\/7"}],"replies":[{"embeddable":true,"href":"https:\/\/www.slovaklinesmagazin.sk\/cms\/wp-json\/wp\/v2\/comments?post=71314"}],"version-history":[{"count":1,"href":"https:\/\/www.slovaklinesmagazin.sk\/cms\/wp-json\/wp\/v2\/posts\/71314\/revisions"}],"predecessor-version":[{"id":71318,"href":"https:\/\/www.slovaklinesmagazin.sk\/cms\/wp-json\/wp\/v2\/posts\/71314\/revisions\/71318"}],"wp:featuredmedia":[{"embeddable":true,"href":"https:\/\/www.slovaklinesmagazin.sk\/cms\/wp-json\/wp\/v2\/media\/71315"}],"wp:attachment":[{"href":"https:\/\/www.slovaklinesmagazin.sk\/cms\/wp-json\/wp\/v2\/media?parent=71314"}],"wp:term":[{"taxonomy":"category","embeddable":true,"href":"https:\/\/www.slovaklinesmagazin.sk\/cms\/wp-json\/wp\/v2\/categories?post=71314"},{"taxonomy":"post_tag","embeddable":true,"href":"https:\/\/www.slovaklinesmagazin.sk\/cms\/wp-json\/wp\/v2\/tags?post=71314"}],"curies":[{"name":"wp","href":"https:\/\/api.w.org\/{rel}","templated":true}]}}