{"id":71344,"date":"2016-01-14T20:21:36","date_gmt":"2016-01-14T18:21:36","guid":{"rendered":"http:\/\/slovaklinesmagazin.sk\/cms\/?p=71344"},"modified":"2016-01-14T20:21:36","modified_gmt":"2016-01-14T18:21:36","slug":"vintage-berlin","status":"publish","type":"post","link":"https:\/\/www.slovaklinesmagazin.sk\/cms\/2016\/01\/vintage-berlin\/","title":{"rendered":"Vintage Berl\u00edn"},"content":{"rendered":"<p><span style=\"color: #000000; font-family: Calibri; font-size: medium;\">Luxusn\u00e1 m\u00f3dna zna\u010dka Gucci sa rozhodla umiestni\u0165 fotenie kolekcie jar \/ leto 2016 do hlavn\u00e9ho mesta Nemecka. Ulice, stanice a\u00a0strechy Berl\u00edna dostali v\u010faka retro kolekcii n\u00e1dych \u010dasov d\u00e1vno minul\u00fdch. Taliansky m\u00f3dny dom si pod z\u00e1\u0161titou Alessandra Michela zvolil za fotografa novej kampane Glena Luchforda. Preh\u013eadajte \u0161atn\u00edky z mladosti a svojich rodi\u010dov. \u00a0Zd\u00e1 sa, \u017ee deti kvetov a\u00a0ligotav\u00fd disco\u0161t\u00fdl za\u017e\u00edvaj\u00fa ve\u013ekolep\u00fd comeback. <\/span><\/p>\n<p><img decoding=\"async\" class=\"alignnone\" src=\"http:\/\/slovaklinesmagazin.sk\/cms\/wp-content\/uploads\/2016\/01\/7-10.jpg\" alt=\"7\" \/> <img decoding=\"async\" class=\"alignnone\" src=\"http:\/\/slovaklinesmagazin.sk\/cms\/wp-content\/uploads\/2016\/01\/6-11.jpg\" alt=\"6\" \/> <img decoding=\"async\" class=\"alignnone\" src=\"http:\/\/slovaklinesmagazin.sk\/cms\/wp-content\/uploads\/2016\/01\/5-13.jpg\" alt=\"5\" \/> <img decoding=\"async\" class=\"alignnone\" src=\"http:\/\/slovaklinesmagazin.sk\/cms\/wp-content\/uploads\/2016\/01\/4-14.jpg\" alt=\"4\" \/> <img decoding=\"async\" class=\"alignnone\" src=\"http:\/\/slovaklinesmagazin.sk\/cms\/wp-content\/uploads\/2016\/01\/3-14.jpg\" alt=\"3\" \/> <img decoding=\"async\" class=\"alignnone\" src=\"http:\/\/slovaklinesmagazin.sk\/cms\/wp-content\/uploads\/2016\/01\/2-13.jpg\" alt=\"2\" \/><\/p>\n<p>&nbsp;<\/p>\n<p><span style=\"color: #000000; font-family: Calibri; font-size: medium;\">Foto: Glen Luchford<\/span><\/p>\n","protected":false},"excerpt":{"rendered":"<p>Luxusn\u00e1 m\u00f3dna zna\u010dka Gucci sa rozhodla umiestni\u0165 fotenie kolekcie jar \/ leto 2016 do hlavn\u00e9ho mesta Nemecka. Ulice, stanice a\u00a0strechy Berl\u00edna dostali v\u010faka retro kolekcii n\u00e1dych \u010dasov d\u00e1vno minul\u00fdch. Taliansky m\u00f3dny dom si pod z\u00e1\u0161titou Alessandra Michela zvolil za fotografa novej kampane Glena Luchforda. Preh\u013eadajte \u0161atn\u00edky z mladosti a svojich rodi\u010dov. \u00a0Zd\u00e1 sa, \u017ee deti [&hellip;]<\/p>\n","protected":false},"author":9,"featured_media":71345,"comment_status":"closed","ping_status":"closed","sticky":false,"template":"","format":"standard","meta":{"footnotes":""},"categories":[9],"tags":[],"class_list":["post-71344","post","type-post","status-publish","format-standard","has-post-thumbnail","hentry","category-lifestyle","eq-blocks"],"_links":{"self":[{"href":"https:\/\/www.slovaklinesmagazin.sk\/cms\/wp-json\/wp\/v2\/posts\/71344","targetHints":{"allow":["GET"]}}],"collection":[{"href":"https:\/\/www.slovaklinesmagazin.sk\/cms\/wp-json\/wp\/v2\/posts"}],"about":[{"href":"https:\/\/www.slovaklinesmagazin.sk\/cms\/wp-json\/wp\/v2\/types\/post"}],"author":[{"embeddable":true,"href":"https:\/\/www.slovaklinesmagazin.sk\/cms\/wp-json\/wp\/v2\/users\/9"}],"replies":[{"embeddable":true,"href":"https:\/\/www.slovaklinesmagazin.sk\/cms\/wp-json\/wp\/v2\/comments?post=71344"}],"version-history":[{"count":1,"href":"https:\/\/www.slovaklinesmagazin.sk\/cms\/wp-json\/wp\/v2\/posts\/71344\/revisions"}],"predecessor-version":[{"id":71352,"href":"https:\/\/www.slovaklinesmagazin.sk\/cms\/wp-json\/wp\/v2\/posts\/71344\/revisions\/71352"}],"wp:featuredmedia":[{"embeddable":true,"href":"https:\/\/www.slovaklinesmagazin.sk\/cms\/wp-json\/wp\/v2\/media\/71345"}],"wp:attachment":[{"href":"https:\/\/www.slovaklinesmagazin.sk\/cms\/wp-json\/wp\/v2\/media?parent=71344"}],"wp:term":[{"taxonomy":"category","embeddable":true,"href":"https:\/\/www.slovaklinesmagazin.sk\/cms\/wp-json\/wp\/v2\/categories?post=71344"},{"taxonomy":"post_tag","embeddable":true,"href":"https:\/\/www.slovaklinesmagazin.sk\/cms\/wp-json\/wp\/v2\/tags?post=71344"}],"curies":[{"name":"wp","href":"https:\/\/api.w.org\/{rel}","templated":true}]}}