{"id":71575,"date":"2016-01-23T16:27:18","date_gmt":"2016-01-23T14:27:18","guid":{"rendered":"http:\/\/slovaklinesmagazin.sk\/cms\/?p=71575"},"modified":"2016-01-23T16:27:18","modified_gmt":"2016-01-23T14:27:18","slug":"na-horach-u-susedov","status":"publish","type":"post","link":"https:\/\/www.slovaklinesmagazin.sk\/cms\/2016\/01\/na-horach-u-susedov\/","title":{"rendered":"Na hor\u00e1ch u susedov"},"content":{"rendered":"<p><span style=\"font-family: Calibri;\"><span style=\"font-size: medium;\"><span style=\"color: #000000;\">Na\u0161i z\u00e1padn\u00ed susedia si m\u00f4\u017eu pogratulova\u0165. N\u00e1dhern\u00e9 majest\u00e1tne Alpy zaberaj\u00face ve\u013ek\u00fa \u010das\u0165 \u00fazemia, im nehladia len oko a\u00a0du\u0161u, ale aj pril\u00e1kaj\u00fa mno\u017estvo turistov, ktor\u00ed m\u00f4\u017eu \u010das v\u00a0obklopen\u00ed pr\u00edrody tr\u00e1vi\u0165 r\u00f4znymi sp\u00f4sobmi cel\u00fd rok. Preto\u017ee Alpy nie s\u00fa vyh\u013ead\u00e1van\u00fdm horstvom len kv\u00f4li v\u00fdbornej ly\u017eova\u010dke. Dokazuj\u00fa to aj fotografie Vieden\u010dana \u00a0<\/span><\/span><span style=\"color: #000000; font-size: medium;\">Lukas Furlana, ktor\u00ed <\/span><span style=\"color: #000000; font-size: medium;\">\u00a0<\/span><span style=\"color: #000000; font-size: medium;\">zverejnil nov\u00fa s\u00e9riu sn\u00edmok ukazuj\u00facich r\u00f4zne tv\u00e1re Alpy po\u010das leta a\u00a0jesene.<\/span><\/span><\/p>\n<p><img decoding=\"async\" class=\"alignnone\" src=\"http:\/\/slovaklinesmagazin.sk\/cms\/wp-content\/uploads\/2016\/01\/1-27.jpg\" alt=\"1\" \/> <img decoding=\"async\" class=\"alignnone\" src=\"http:\/\/slovaklinesmagazin.sk\/cms\/wp-content\/uploads\/2016\/01\/2-25.jpg\" alt=\"2\" \/> <img decoding=\"async\" class=\"alignnone\" src=\"http:\/\/slovaklinesmagazin.sk\/cms\/wp-content\/uploads\/2016\/01\/3-26.jpg\" alt=\"3\" \/> <img decoding=\"async\" class=\"alignnone\" src=\"http:\/\/slovaklinesmagazin.sk\/cms\/wp-content\/uploads\/2016\/01\/4-26.jpg\" alt=\"4\" \/> <img decoding=\"async\" class=\"alignnone\" src=\"http:\/\/slovaklinesmagazin.sk\/cms\/wp-content\/uploads\/2016\/01\/5-25.jpg\" alt=\"5\" \/> <img decoding=\"async\" class=\"alignnone\" src=\"http:\/\/slovaklinesmagazin.sk\/cms\/wp-content\/uploads\/2016\/01\/6-21.jpg\" alt=\"6\" \/><\/p>\n<p><span style=\"color: #000000; font-family: Calibri; font-size: medium;\">Foto: Lukas Furlan<\/span><\/p>\n","protected":false},"excerpt":{"rendered":"<p>Na\u0161i z\u00e1padn\u00ed susedia si m\u00f4\u017eu pogratulova\u0165. N\u00e1dhern\u00e9 majest\u00e1tne Alpy zaberaj\u00face ve\u013ek\u00fa \u010das\u0165 \u00fazemia, im nehladia len oko a\u00a0du\u0161u, ale aj pril\u00e1kaj\u00fa mno\u017estvo turistov, ktor\u00ed m\u00f4\u017eu \u010das v\u00a0obklopen\u00ed pr\u00edrody tr\u00e1vi\u0165 r\u00f4znymi sp\u00f4sobmi cel\u00fd rok. Preto\u017ee Alpy nie s\u00fa vyh\u013ead\u00e1van\u00fdm horstvom len kv\u00f4li v\u00fdbornej ly\u017eova\u010dke. Dokazuj\u00fa to aj fotografie Vieden\u010dana \u00a0Lukas Furlana, ktor\u00ed \u00a0zverejnil nov\u00fa s\u00e9riu sn\u00edmok [&hellip;]<\/p>\n","protected":false},"author":9,"featured_media":71582,"comment_status":"closed","ping_status":"closed","sticky":false,"template":"","format":"standard","meta":{"footnotes":""},"categories":[13,56],"tags":[],"class_list":["post-71575","post","type-post","status-publish","format-standard","has-post-thumbnail","hentry","category-real-estate","category-priroda","eq-blocks"],"_links":{"self":[{"href":"https:\/\/www.slovaklinesmagazin.sk\/cms\/wp-json\/wp\/v2\/posts\/71575","targetHints":{"allow":["GET"]}}],"collection":[{"href":"https:\/\/www.slovaklinesmagazin.sk\/cms\/wp-json\/wp\/v2\/posts"}],"about":[{"href":"https:\/\/www.slovaklinesmagazin.sk\/cms\/wp-json\/wp\/v2\/types\/post"}],"author":[{"embeddable":true,"href":"https:\/\/www.slovaklinesmagazin.sk\/cms\/wp-json\/wp\/v2\/users\/9"}],"replies":[{"embeddable":true,"href":"https:\/\/www.slovaklinesmagazin.sk\/cms\/wp-json\/wp\/v2\/comments?post=71575"}],"version-history":[{"count":1,"href":"https:\/\/www.slovaklinesmagazin.sk\/cms\/wp-json\/wp\/v2\/posts\/71575\/revisions"}],"predecessor-version":[{"id":71583,"href":"https:\/\/www.slovaklinesmagazin.sk\/cms\/wp-json\/wp\/v2\/posts\/71575\/revisions\/71583"}],"wp:featuredmedia":[{"embeddable":true,"href":"https:\/\/www.slovaklinesmagazin.sk\/cms\/wp-json\/wp\/v2\/media\/71582"}],"wp:attachment":[{"href":"https:\/\/www.slovaklinesmagazin.sk\/cms\/wp-json\/wp\/v2\/media?parent=71575"}],"wp:term":[{"taxonomy":"category","embeddable":true,"href":"https:\/\/www.slovaklinesmagazin.sk\/cms\/wp-json\/wp\/v2\/categories?post=71575"},{"taxonomy":"post_tag","embeddable":true,"href":"https:\/\/www.slovaklinesmagazin.sk\/cms\/wp-json\/wp\/v2\/tags?post=71575"}],"curies":[{"name":"wp","href":"https:\/\/api.w.org\/{rel}","templated":true}]}}