{"id":71677,"date":"2016-01-26T19:42:42","date_gmt":"2016-01-26T17:42:42","guid":{"rendered":"http:\/\/slovaklinesmagazin.sk\/cms\/?p=71677"},"modified":"2016-01-26T19:42:42","modified_gmt":"2016-01-26T17:42:42","slug":"portrety-africkych-nomadov","status":"publish","type":"post","link":"https:\/\/www.slovaklinesmagazin.sk\/cms\/2016\/01\/portrety-africkych-nomadov\/","title":{"rendered":"Portr\u00e9ty africk\u00fdch nom\u00e1dov"},"content":{"rendered":"<p><span style=\"font-family: Calibri;\"><span style=\"font-size: medium;\"><span style=\"color: #000000;\">Nemeck\u00fd dokument\u00e1rny fotograf a report\u00e9r Mario Gerth cestoval naprie\u010d Afrikou, aby zachytil int\u00edmne portr\u00e9ty africk\u00fdch ko\u010dovn\u00edkov. Jeho fotografie vzd\u00e1vaj\u00fa hold kontinentu a\u00a0jeho obyvate\u013eom.\u00a0 <\/span><\/span><span style=\"color: #000000; font-size: medium;\">Gertha oslovili rozmanitos\u0165 a\u00a0prirodzenos\u0165 \u010dierneho kontinentu, ktor\u00e9 pod\u013ea neho ch\u00fdbaj\u00fa v z\u00e1padnej jednotnej a usporiadanej spolo\u010dnosti.<\/span><\/span><\/p>\n<p><img decoding=\"async\" class=\"alignnone\" src=\"http:\/\/slovaklinesmagazin.sk\/cms\/wp-content\/uploads\/2016\/01\/1-34.jpg\" alt=\"1\" \/> <img decoding=\"async\" class=\"alignnone\" src=\"http:\/\/slovaklinesmagazin.sk\/cms\/wp-content\/uploads\/2016\/01\/2-32.jpg\" alt=\"2\" \/> <img decoding=\"async\" class=\"alignnone\" src=\"http:\/\/slovaklinesmagazin.sk\/cms\/wp-content\/uploads\/2016\/01\/3-33.jpg\" alt=\"3\" \/> <img decoding=\"async\" class=\"alignnone\" src=\"http:\/\/slovaklinesmagazin.sk\/cms\/wp-content\/uploads\/2016\/01\/4-33.jpg\" alt=\"4\" \/> <img decoding=\"async\" class=\"alignnone\" src=\"http:\/\/slovaklinesmagazin.sk\/cms\/wp-content\/uploads\/2016\/01\/5-32.jpg\" alt=\"5\" \/> <img decoding=\"async\" class=\"alignnone\" src=\"http:\/\/slovaklinesmagazin.sk\/cms\/wp-content\/uploads\/2016\/01\/6-27.jpg\" alt=\"6\" \/> <img decoding=\"async\" class=\"alignnone\" src=\"http:\/\/slovaklinesmagazin.sk\/cms\/wp-content\/uploads\/2016\/01\/8-23.jpg\" alt=\"8\" \/> <img decoding=\"async\" class=\"alignnone\" src=\"http:\/\/slovaklinesmagazin.sk\/cms\/wp-content\/uploads\/2016\/01\/9-23.jpg\" alt=\"9\" \/> <img decoding=\"async\" class=\"alignnone\" src=\"http:\/\/slovaklinesmagazin.sk\/cms\/wp-content\/uploads\/2016\/01\/10-19.jpg\" alt=\"10\" \/> <img decoding=\"async\" class=\"alignnone\" src=\"http:\/\/slovaklinesmagazin.sk\/cms\/wp-content\/uploads\/2016\/01\/11-16.jpg\" alt=\"11\" \/> <img decoding=\"async\" class=\"alignnone\" src=\"http:\/\/slovaklinesmagazin.sk\/cms\/wp-content\/uploads\/2016\/01\/12-15.jpg\" alt=\"12\" \/> <img decoding=\"async\" class=\"alignnone\" src=\"http:\/\/slovaklinesmagazin.sk\/cms\/wp-content\/uploads\/2016\/01\/13-12.jpg\" alt=\"13\" \/> <img decoding=\"async\" class=\"alignnone\" src=\"http:\/\/slovaklinesmagazin.sk\/cms\/wp-content\/uploads\/2016\/01\/14-12.jpg\" alt=\"14\" \/><\/p>\n<p><span style=\"color: #000000; font-family: Calibri; font-size: medium;\">Foto: Mario Gerth<\/span><\/p>\n","protected":false},"excerpt":{"rendered":"<p>Nemeck\u00fd dokument\u00e1rny fotograf a report\u00e9r Mario Gerth cestoval naprie\u010d Afrikou, aby zachytil int\u00edmne portr\u00e9ty africk\u00fdch ko\u010dovn\u00edkov. Jeho fotografie vzd\u00e1vaj\u00fa hold kontinentu a\u00a0jeho obyvate\u013eom.\u00a0 Gertha oslovili rozmanitos\u0165 a\u00a0prirodzenos\u0165 \u010dierneho kontinentu, ktor\u00e9 pod\u013ea neho ch\u00fdbaj\u00fa v z\u00e1padnej jednotnej a usporiadanej spolo\u010dnosti. Foto: Mario Gerth<\/p>\n","protected":false},"author":9,"featured_media":71684,"comment_status":"closed","ping_status":"closed","sticky":false,"template":"","format":"standard","meta":{"footnotes":""},"categories":[13,9],"tags":[],"class_list":["post-71677","post","type-post","status-publish","format-standard","has-post-thumbnail","hentry","category-real-estate","category-lifestyle","eq-blocks"],"_links":{"self":[{"href":"https:\/\/www.slovaklinesmagazin.sk\/cms\/wp-json\/wp\/v2\/posts\/71677","targetHints":{"allow":["GET"]}}],"collection":[{"href":"https:\/\/www.slovaklinesmagazin.sk\/cms\/wp-json\/wp\/v2\/posts"}],"about":[{"href":"https:\/\/www.slovaklinesmagazin.sk\/cms\/wp-json\/wp\/v2\/types\/post"}],"author":[{"embeddable":true,"href":"https:\/\/www.slovaklinesmagazin.sk\/cms\/wp-json\/wp\/v2\/users\/9"}],"replies":[{"embeddable":true,"href":"https:\/\/www.slovaklinesmagazin.sk\/cms\/wp-json\/wp\/v2\/comments?post=71677"}],"version-history":[{"count":1,"href":"https:\/\/www.slovaklinesmagazin.sk\/cms\/wp-json\/wp\/v2\/posts\/71677\/revisions"}],"predecessor-version":[{"id":71692,"href":"https:\/\/www.slovaklinesmagazin.sk\/cms\/wp-json\/wp\/v2\/posts\/71677\/revisions\/71692"}],"wp:featuredmedia":[{"embeddable":true,"href":"https:\/\/www.slovaklinesmagazin.sk\/cms\/wp-json\/wp\/v2\/media\/71684"}],"wp:attachment":[{"href":"https:\/\/www.slovaklinesmagazin.sk\/cms\/wp-json\/wp\/v2\/media?parent=71677"}],"wp:term":[{"taxonomy":"category","embeddable":true,"href":"https:\/\/www.slovaklinesmagazin.sk\/cms\/wp-json\/wp\/v2\/categories?post=71677"},{"taxonomy":"post_tag","embeddable":true,"href":"https:\/\/www.slovaklinesmagazin.sk\/cms\/wp-json\/wp\/v2\/tags?post=71677"}],"curies":[{"name":"wp","href":"https:\/\/api.w.org\/{rel}","templated":true}]}}