{"id":71703,"date":"2016-01-31T15:10:02","date_gmt":"2016-01-31T13:10:02","guid":{"rendered":"http:\/\/slovaklinesmagazin.sk\/cms\/?p=71703"},"modified":"2016-01-31T15:10:02","modified_gmt":"2016-01-31T13:10:02","slug":"sacr-prinasa-na-itf-slovakiatour-svetovu-vychytavku-oculus-rift","status":"publish","type":"post","link":"https:\/\/www.slovaklinesmagazin.sk\/cms\/2016\/01\/sacr-prinasa-na-itf-slovakiatour-svetovu-vychytavku-oculus-rift\/","title":{"rendered":"SACR prin\u00e1\u0161a na ITF Slovakiatour svetov\u00fa vychyt\u00e1vku Oculus Rift"},"content":{"rendered":"<p><span style=\"color: #000000; font-family: Calibri; font-size: medium;\">Slovensk\u00e1 agent\u00fara pre cestovn\u00fd ruch po \u00faspe\u0161n\u00fdch tohtoro\u010dn\u00fdch prezent\u00e1ci\u00e1ch Slovenska na v\u00fdstav\u00e1ch vo Viedni, Madride a v Helsink\u00e1ch oslov\u00ed aj dom\u00e1cich dovolenk\u00e1rov. SACR predstav\u00ed n\u00e1v\u0161tevn\u00edkom ve\u013etrhu cestovn\u00e9ho ruchu ITF Slovakiatour v Bratislave slovensk\u00e9 turistick\u00e9 destin\u00e1cie aj cez p\u00f4sobiv\u00fa virtu\u00e1lnu realitu.<\/span><\/p>\n<p><span style=\"font-family: Calibri;\"><span style=\"font-size: medium;\"><span style=\"color: #000000;\">\u201eV\u00fdstava ITF Slovakiatour v Bratislave je ide\u00e1lnym miestom, kde sa n\u00e1v\u0161tevn\u00edci zozn\u00e1mia s mo\u017enos\u0165ami dovolenky na Slovensku. Aj tento rok bude v expoz\u00edcii SACR pripraven\u00fd p\u00fatav\u00fd sprievodn\u00fd program. N\u00e1v\u0161tevn\u00edci si preveria svoje znalosti o Slovensku vo vedomostnom kv\u00edze a spoznaj\u00fa pr\u00ed\u0165a\u017eliv\u00e9 miesta Slovenska cez atrakt\u00edvnu virtu\u00e1lnu realitu. Zariadenie Oculus Rift malo obrovsk\u00fd \u00faspech v slovenskom pavil\u00f3ne na Svetovej v\u00fdstave Expo v Mil\u00e1ne a SACR ho po prv\u00fd raz\u00a0 <\/span><\/span><span style=\"color: #000000; font-size: medium;\">predstav\u00ed na svojom st\u00e1nku v bratislavskej Inchebe. Sprostredkuje z\u00e1\u017eitok, akoby \u010dlovek st\u00e1l priamo na vrcholku Lomnick\u00e9ho \u0161t\u00edtu, pozeral sa z Tren\u010dianskeho hradu, sedel na k\u00e1ve v bratislavskom Starom Meste \u010di u\u017e\u00edval si kr\u00e1su Slovensk\u00e9ho raja,\u201c pribl\u00ed\u017eila Marta Ku\u010derov\u00e1, gener\u00e1lna riadite\u013eka SACR.<\/span><\/span><\/p>\n","protected":false},"excerpt":{"rendered":"<p>Slovensk\u00e1 agent\u00fara pre cestovn\u00fd ruch po \u00faspe\u0161n\u00fdch tohtoro\u010dn\u00fdch prezent\u00e1ci\u00e1ch Slovenska na v\u00fdstav\u00e1ch vo Viedni, Madride a v Helsink\u00e1ch oslov\u00ed aj dom\u00e1cich dovolenk\u00e1rov. SACR predstav\u00ed n\u00e1v\u0161tevn\u00edkom ve\u013etrhu cestovn\u00e9ho ruchu ITF Slovakiatour v Bratislave slovensk\u00e9 turistick\u00e9 destin\u00e1cie aj cez p\u00f4sobiv\u00fa virtu\u00e1lnu realitu. \u201eV\u00fdstava ITF Slovakiatour v Bratislave je ide\u00e1lnym miestom, kde sa n\u00e1v\u0161tevn\u00edci zozn\u00e1mia s mo\u017enos\u0165ami dovolenky [&hellip;]<\/p>\n","protected":false},"author":9,"featured_media":0,"comment_status":"closed","ping_status":"closed","sticky":false,"template":"","format":"standard","meta":{"footnotes":""},"categories":[1],"tags":[],"class_list":["post-71703","post","type-post","status-publish","format-standard","hentry","category-nezaradene","eq-blocks"],"_links":{"self":[{"href":"https:\/\/www.slovaklinesmagazin.sk\/cms\/wp-json\/wp\/v2\/posts\/71703","targetHints":{"allow":["GET"]}}],"collection":[{"href":"https:\/\/www.slovaklinesmagazin.sk\/cms\/wp-json\/wp\/v2\/posts"}],"about":[{"href":"https:\/\/www.slovaklinesmagazin.sk\/cms\/wp-json\/wp\/v2\/types\/post"}],"author":[{"embeddable":true,"href":"https:\/\/www.slovaklinesmagazin.sk\/cms\/wp-json\/wp\/v2\/users\/9"}],"replies":[{"embeddable":true,"href":"https:\/\/www.slovaklinesmagazin.sk\/cms\/wp-json\/wp\/v2\/comments?post=71703"}],"version-history":[{"count":1,"href":"https:\/\/www.slovaklinesmagazin.sk\/cms\/wp-json\/wp\/v2\/posts\/71703\/revisions"}],"predecessor-version":[{"id":71704,"href":"https:\/\/www.slovaklinesmagazin.sk\/cms\/wp-json\/wp\/v2\/posts\/71703\/revisions\/71704"}],"wp:attachment":[{"href":"https:\/\/www.slovaklinesmagazin.sk\/cms\/wp-json\/wp\/v2\/media?parent=71703"}],"wp:term":[{"taxonomy":"category","embeddable":true,"href":"https:\/\/www.slovaklinesmagazin.sk\/cms\/wp-json\/wp\/v2\/categories?post=71703"},{"taxonomy":"post_tag","embeddable":true,"href":"https:\/\/www.slovaklinesmagazin.sk\/cms\/wp-json\/wp\/v2\/tags?post=71703"}],"curies":[{"name":"wp","href":"https:\/\/api.w.org\/{rel}","templated":true}]}}