{"id":71824,"date":"2016-01-28T09:49:49","date_gmt":"2016-01-28T07:49:49","guid":{"rendered":"http:\/\/slovaklinesmagazin.sk\/cms\/?p=71824"},"modified":"2016-02-10T10:07:41","modified_gmt":"2016-02-10T08:07:41","slug":"fasiangy-v-cesku-uzite-si-posledne-dni-pred-obdobim-postu","status":"publish","type":"post","link":"https:\/\/www.slovaklinesmagazin.sk\/cms\/2016\/01\/fasiangy-v-cesku-uzite-si-posledne-dni-pred-obdobim-postu\/","title":{"rendered":"Fa\u0161iangy v \u010cesku \u2013 u\u017eite si posledn\u00e9 dni pred obdob\u00edm p\u00f4stu!"},"content":{"rendered":"<p><strong>Tradi\u010dn\u00e9 fa\u0161iangov\u00e9 sprievody i ve\u013ekolep\u00e9 plesy s\u00a0puncom luxusu. \u010ci u\u017e sa rozhodnete priv\u00edta\u0165 obdobie p\u00f4stu tradi\u010dn\u00fdm karnevalom, alebo si oble\u010diete ve\u010dern\u00e9 \u0161aty a smokingy, v\u00a0\u010cesku sa ani v\u00a0zime nebudete nudi\u0165!<\/strong><\/p>\n<p>&nbsp;<\/p>\n<p>Karnevaly pravidelne zaplavuj\u00fa cel\u00e9 \u010cesko koncom janu\u00e1ra, kedy je mo\u017en\u00e9 stretn\u00fa\u0165 sa s\u00a0karnevalov\u00fdmi sprievodmi v\u00a0tradi\u010dn\u00fdch mask\u00e1ch a ochutna\u0165 fa\u0161iangov\u00e9 kol\u00e1\u010de \u010di \u0161i\u0161ky. Obch\u00f4dzky vych\u00e1dzaj\u00fa z\u00a0d\u00e1vnych antick\u00fdch sl\u00e1vnost\u00ed uctievaj\u00facich boha hojnosti Bakchusa. Fa\u0161iangy predstavovali obdobie hodovania a veselia medzi dvoma p\u00f4stnymi obdobiami. Fa\u0161iangov\u00e9 obdobie sa za\u010d\u00edna 6. janu\u00e1ra a kon\u010d\u00ed 46 dn\u00ed pred Ve\u013ekou nocou, kedy nast\u00e1va obdobie p\u00f4stu.<\/p>\n<p style=\"text-align: center;\"><img decoding=\"async\" class=\"aligncenter\" src=\"http:\/\/slovaklinesmagazin.sk\/cms\/wp-content\/uploads\/2016\/02\/Masopust-na-Hlinecku_FOTO-Luk\u00e1\u0161-\u017dentelCzechTourism2-maly.jpg\" alt=\"Masopust na Hlinecku FOTO Luk\u00e1\u0161 \u017dentel, CzechTourism\" \/><br \/>\nMasopust na Hlinecku FOTO Luk\u00e1\u0161 \u017dentel, CzechTourism<\/p>\n<p>&nbsp;<\/p>\n<p>Plesy v\u0161ak b\u00fdvali e\u0161te v\u00a018. storo\u010d\u00ed v\u00fdsadou \u0161\u013eachty. V\u00a019. storo\u010d\u00ed prevzali t\u00fato trad\u00edciu postupne aj obyvatelia miest a organizovania sa chopili z\u00e1ujmov\u00e9 i pracovn\u00e9 spolky. V\u00a0s\u00fa\u010dasnosti sa ples v\u00a0\u010cesku kon\u00e1 takmer v\u00a0ka\u017edej v\u00e4\u010d\u0161ej dedine a plesov\u00e1 sez\u00f3na trv\u00e1 cel\u00fa zimu.<\/p>\n<p>Ktor\u00fa z\u00a0tradi\u010dn\u00fdch zimn\u00fdch radov\u00e1nok si vyberiete vy?<\/p>\n<p>&nbsp;<\/p>\n<p><strong>Fa\u0161iangy v mikroregi\u00f3ne Hlinecko<\/strong><\/p>\n<p>Fa\u0161iangov\u00e9 veselie, zachov\u00e1vaj\u00face trad\u00edcie z\u00a019. storo\u010dia, m\u00f4\u017eete za\u017ei\u0165 150 kilometrov v\u00fdchodne od Prahy v\u00a0oblasti zvanej <a href=\"http:\/\/www.kudyznudy.cz\/kam-pojedete\/vychodni-cechy\/chrudimsko-%E2%80%93-hlinecko.aspx\">Hlinecko<\/a>, ktor\u00e1 sa v\u010faka unik\u00e1tnosti osl\u00e1v dostala a\u017e na zoznam nehmotn\u00e9ho kult\u00farneho dedi\u010dstva UNESCO. V\u00a0tomto regi\u00f3ne m\u00f4\u017eete nav\u0161t\u00edvi\u0165 viacero fa\u0161iangov\u00fdch obch\u00f4dzok. <a href=\"http:\/\/www.kudyznudy.cz\/aktivity-a-akce\/akce\/masopust-na-veselem-kopci.aspx\">Vesel\u00fd kopec<\/a> o\u017eije karnevalom 30. janu\u00e1ra od 10. do 16. hodiny, v\u00a0\u010fal\u0161\u00edch d\u0148och vyrazia do ul\u00edc maskovan\u00e9 sprievody aj v\u00a0obciach Hamry, Hlinsko-Blatno, Studnice a <a href=\"http:\/\/www.kudyznudy.cz\/aktivity-a-akce\/akce\/masopustni-pruvod-vortova.aspx\">Vortov\u00e1<\/a>. V\u00a0hlineckej pamiatkovej rezerv\u00e1cii Betl\u00e9m sa potom m\u00f4\u017eete 9. febru\u00e1ra s\u00a0fa\u0161iangami n\u00e1le\u017eite rozl\u00fa\u010di\u0165.<\/p>\n<p>&nbsp;<\/p>\n<p><strong>Ples ako Brno<\/strong><\/p>\n<p>Ples ako <a href=\"http:\/\/www.kudyznudy.cz\/kam-pojedete\/jizni-morava\/brno-a-okoli\/brno.aspx\">Brno<\/a> sa hl\u00e1si k svojmu mestu a jeho priemyslovej hist\u00f3rii, ktor\u00e1 mu dala tv\u00e1r. Tohto roku sa bude kona\u0165 v niekdaj\u0161ej stroj\u00e1rni Fredricha Wanniecka, ktorej stroh\u00fd industri\u00e1lny interi\u00e9r sa na jeden ve\u010der premen\u00ed pod rukami dizajn\u00e9rov. Ozdobia ho tis\u00edce kvetov a zaplnia stoly s t\u00fdm najlep\u0161\u00edm, \u010do s\u00fa\u010dasn\u00e1 gastron\u00f3mia a food styling dok\u00e1\u017eu. Ples ako Brno sa kon\u00e1 30. janu\u00e1ra a pon\u00fakne spev\u00e1cku, akrobatick\u00fa i beatboxov\u00fa show.<\/p>\n<p>&nbsp;<\/p>\n<p><strong>Carnevale Praha<\/strong><\/p>\n<p>Ak uprednost\u0148ujete vzne\u0161enos\u0165 a kreativitu, nav\u0161t\u00edvte <a href=\"http:\/\/www.kudyznudy.cz\/aktivity-a-akce\/akce\/bohemian-carnevale-praha-2011.aspx\"><strong>Carnevale Praha<\/strong><\/a>, nieko\u013eko dn\u00ed trvaj\u00faci karneval v\u00a0hlavnom meste so\u00a0sprievodmi a ochutn\u00e1vkou tradi\u010dn\u00fdch poch\u00fa\u0165ok. Tohto roku sa najv\u00e4\u010d\u0161ie pra\u017esk\u00e9 fa\u0161iangov\u00e9 sl\u00e1vnosti uskuto\u010dnia v\u00a0term\u00edne od 29. janu\u00e1ra do 9. febru\u00e1ra. Okrem z\u00e1bavy v uliciach pon\u00fakne festival i viacero koncertov a b\u00e1lov v\u00a0aristokratickom duchu, beh zlat\u00fdch prasiatok pra\u017esk\u00fdmi ulicami \u010di prehliadku fa\u0161iangov\u00fdch \u0161pecial\u00edt. Niektor\u00e9 z\u00a0karnevalov\u00fdch akci\u00ed sa bud\u00fa kona\u0165 v\u00a0Clam-Gallasovom pal\u00e1ci, v ktorom vystupovali okrem in\u00e9ho Wolfgang Amadeus Mozart \u010di Ludwig van Beethoven.<\/p>\n<p>&nbsp;<\/p>\n<p><strong>Ples v\u00a0Opere<\/strong><\/p>\n<p>Trin\u00e1sty ro\u010dn\u00edk najv\u00e4\u010d\u0161ej udalosti plesovej sez\u00f3ny v\u00a0\u010ceskej republike sa i\u00a0tohto roku uskuto\u010dn\u00ed na \u0161peci\u00e1lne polo\u017eenom parkete v\u00a0h\u013eadisku neorokokovej\u00a0 \u0160t\u00e1tnej opery Praha, a to 6. febru\u00e1ra 2015 od 20. hodiny. Zatia\u013e \u010do vla\u0148aj\u0161\u00ed sl\u00e1vnostn\u00fd ve\u010der sa niesol v\u00a0duchu franc\u00fazskej noblesy, bude tohtoro\u010dn\u00fd <a href=\"http:\/\/www.kudyznudy.cz\/aktivity-a-akce\/akce\/ples-v-opere-2012.aspx\">Ples v Opere<\/a> odkazova\u0165 na Ve\u013ek\u00fa Brit\u00e1niu, na monarchiu, ako symbol aristokratickej spolo\u010dnosti\u2014 od cateringu, cez dizajnov\u00e9 po\u0148atie a\u017e po umeleck\u00fd program. V\u00fdraznou s\u00fa\u010das\u0165ou programu je ka\u017edoro\u010dn\u00e1 charitat\u00edvna dra\u017eba, ktor\u00e1 prin\u00e1\u0161a na kont\u00e1 pr\u00edspevkov\u00fdch organiz\u00e1ci\u00ed ka\u017ed\u00fd rok st\u00e1tis\u00edce kor\u00fan. Tradi\u010dne je ples prehliadkou toho najlep\u0161ieho v\u00a0oblasti m\u00f3dy i kult\u00fary. Pr\u00edsne sa dodr\u017eiava dress code \u2013 pre p\u00e1nov \u201ewhite\u201c alebo \u201eblack tie\u201c, \u010di\u017ee frak alebo smoking, pre d\u00e1my zas \u201eve\u013ek\u00e9 ve\u010dern\u00e9\u201c.<\/p>\n<p>&nbsp;<\/p>\n<p><strong>Fa\u0161iangy v\u00a0\u010ceskom Krumlove<\/strong><\/p>\n<p>Na \u013eudov\u00e9 fa\u0161iangov\u00e9 sl\u00e1vnosti sa m\u00f4\u017eete vyda\u0165 aj do malebn\u00e9ho <a href=\"http:\/\/www.kudyznudy.cz\/kam-pojedete\/jizni-cechy\/jizni-cechy\/cesky-krumlov.aspx\">\u010cesk\u00e9ho Krumlova<\/a>, mesta zaraden\u00e9ho na zoznam svetov\u00e9ho dedi\u010dstva UNESCO. M\u00f4\u017eete sa te\u0161i\u0165 na typick\u00e9 pestrofarebn\u00e9 procesie masiek, sprev\u00e1dzan\u00e9 pouli\u010dn\u00fdmi divadeln\u00edkmi, kaukliarmi a muzikantmi. A preto\u017ee po veselici nasleduje p\u00f4st, nebude ch\u00fdba\u0165 ani bohat\u00e1 hostina a tancova\u010dka. 5. febru\u00e1ra za\u010dn\u00fa sl\u00e1vnosti najsk\u00f4r Fa\u0161iangovou veselicou, ktor\u00e1 bude zah\u0155\u0148a\u0165 zab\u00edja\u010dkov\u00e9 hody i program pre deti. O\u00a0de\u0148 nesk\u00f4r m\u00f4\u017eete nav\u0161t\u00edvi\u0165 fa\u0161iangov\u00fd koncert a 9. febru\u00e1ra vyraz\u00ed do ul\u00edc\u00a0 <a href=\"http:\/\/www.kudyznudy.cz\/aktivity-a-akce\/akce\/masopust-v-ceskem-krumlove-%281%29.aspx\">fa\u0161iangov\u00fd sprievod<\/a>. Jeho t\u00e9mou bude tohto roku \u201eDotyk exotiky v\u00a0rytme Ria\u201c.<\/p>\n<p>&nbsp;<\/p>\n<p><strong>Fa\u0161iangy vo Vala\u0161skom m\u00fazeu v\u00a0pr\u00edrode<\/strong><\/p>\n<p>\u013dudov\u00e9 z\u00e1bavn\u00e9 podujatia pred za\u010diatkom p\u00f4stu sa uskuto\u010dnia aj na v\u00fdchodnej Morave. Vala\u0161sk\u00e9 m\u00fazeum v\u00a0pr\u00edrode v\u00a0Ro\u017enove pod Radho\u0161tom na 6. febru\u00e1ra pripravilo pre n\u00e1v\u0161tevn\u00edkov fa\u0161iangov\u00e9 obch\u00f4dzky s\u00a0ochutn\u00e1vkou zab\u00edja\u010dkov\u00fdch dobr\u00f4t. Nebude ch\u00fdba\u0165\u00a0 ani hudba \u010di trad\u00edcia pochov\u00e1vania basy. Hudobn\u00fd n\u00e1stroj alebo figur\u00edna sa toti\u017e na konci osl\u00e1v tradi\u010dne sl\u00e1vnostne \u201epochov\u00e1vali\u201c vo forme\u00a0par\u00f3die na pohreb. Tento akt symbolizoval koniec neviazan\u00e9ho veselia a za\u010diatok obdobia p\u00f4stu.<\/p>\n<div id='gallery-1' class='gallery galleryid-71824 gallery-columns-3 gallery-size-large'><figure class='gallery-item'>\n\t\t\t<div class='gallery-icon landscape'>\n\t\t\t\t<a href='https:\/\/www.slovaklinesmagazin.sk\/cms\/2016\/01\/fasiangy-v-cesku-uzite-si-posledne-dni-pred-obdobim-postu\/masopust-na-hlinecku_foto-lukas-zentelczechtourism2-maly-2\/'><img loading=\"lazy\" decoding=\"async\" width=\"640\" height=\"426\" src=\"https:\/\/www.slovaklinesmagazin.sk\/cms\/wp-content\/uploads\/2016\/02\/Masopust-na-Hlinecku_FOTO-Luk\u00e1\u0161-\u017dentelCzechTourism2-maly-1.jpg\" class=\"attachment-large size-large\" alt=\"\" aria-describedby=\"gallery-1-71827\" srcset=\"https:\/\/www.slovaklinesmagazin.sk\/cms\/wp-content\/uploads\/2016\/02\/Masopust-na-Hlinecku_FOTO-Luk\u00e1\u0161-\u017dentelCzechTourism2-maly-1.jpg 850w, https:\/\/www.slovaklinesmagazin.sk\/cms\/wp-content\/uploads\/2016\/02\/Masopust-na-Hlinecku_FOTO-Luk\u00e1\u0161-\u017dentelCzechTourism2-maly-1-300x200.jpg 300w, https:\/\/www.slovaklinesmagazin.sk\/cms\/wp-content\/uploads\/2016\/02\/Masopust-na-Hlinecku_FOTO-Luk\u00e1\u0161-\u017dentelCzechTourism2-maly-1-768x511.jpg 768w, https:\/\/www.slovaklinesmagazin.sk\/cms\/wp-content\/uploads\/2016\/02\/Masopust-na-Hlinecku_FOTO-Luk\u00e1\u0161-\u017dentelCzechTourism2-maly-1-304x202.jpg 304w, https:\/\/www.slovaklinesmagazin.sk\/cms\/wp-content\/uploads\/2016\/02\/Masopust-na-Hlinecku_FOTO-Luk\u00e1\u0161-\u017dentelCzechTourism2-maly-1-296x197.jpg 296w\" sizes=\"auto, (max-width: 640px) 100vw, 640px\" \/><\/a>\n\t\t\t<\/div>\n\t\t\t\t<figcaption class='wp-caption-text gallery-caption' id='gallery-1-71827'>\n\t\t\t\tMasopust na Hlinecku FOTO Luk\u00e1\u0161 \u017dentel, CzechTourism\n\t\t\t\t<\/figcaption><\/figure><figure class='gallery-item'>\n\t\t\t<div class='gallery-icon landscape'>\n\t\t\t\t<a href='https:\/\/www.slovaklinesmagazin.sk\/cms\/2016\/01\/fasiangy-v-cesku-uzite-si-posledne-dni-pred-obdobim-postu\/masopust-na-hlinecku_foto-lukas-zentelczechtourism4maly\/'><img loading=\"lazy\" decoding=\"async\" width=\"640\" height=\"426\" src=\"https:\/\/www.slovaklinesmagazin.sk\/cms\/wp-content\/uploads\/2016\/02\/Masopust-na-Hlinecku_FOTO-Luk\u00e1\u0161-\u017dentelCzechTourism4maly.jpg\" class=\"attachment-large size-large\" alt=\"\" aria-describedby=\"gallery-1-71828\" srcset=\"https:\/\/www.slovaklinesmagazin.sk\/cms\/wp-content\/uploads\/2016\/02\/Masopust-na-Hlinecku_FOTO-Luk\u00e1\u0161-\u017dentelCzechTourism4maly.jpg 850w, https:\/\/www.slovaklinesmagazin.sk\/cms\/wp-content\/uploads\/2016\/02\/Masopust-na-Hlinecku_FOTO-Luk\u00e1\u0161-\u017dentelCzechTourism4maly-300x200.jpg 300w, https:\/\/www.slovaklinesmagazin.sk\/cms\/wp-content\/uploads\/2016\/02\/Masopust-na-Hlinecku_FOTO-Luk\u00e1\u0161-\u017dentelCzechTourism4maly-768x511.jpg 768w, https:\/\/www.slovaklinesmagazin.sk\/cms\/wp-content\/uploads\/2016\/02\/Masopust-na-Hlinecku_FOTO-Luk\u00e1\u0161-\u017dentelCzechTourism4maly-304x202.jpg 304w, https:\/\/www.slovaklinesmagazin.sk\/cms\/wp-content\/uploads\/2016\/02\/Masopust-na-Hlinecku_FOTO-Luk\u00e1\u0161-\u017dentelCzechTourism4maly-296x197.jpg 296w\" sizes=\"auto, (max-width: 640px) 100vw, 640px\" \/><\/a>\n\t\t\t<\/div>\n\t\t\t\t<figcaption class='wp-caption-text gallery-caption' id='gallery-1-71828'>\n\t\t\t\tMasopust na Hlinecku FOTO Luk\u00e1\u0161 \u017dentel, CzechTourism\n\t\t\t\t<\/figcaption><\/figure><figure class='gallery-item'>\n\t\t\t<div class='gallery-icon landscape'>\n\t\t\t\t<a href='https:\/\/www.slovaklinesmagazin.sk\/cms\/2016\/01\/fasiangy-v-cesku-uzite-si-posledne-dni-pred-obdobim-postu\/masopust-na-hlinecku_foto-lukas-zentelczechtourism5maly\/'><img loading=\"lazy\" decoding=\"async\" width=\"640\" height=\"426\" src=\"https:\/\/www.slovaklinesmagazin.sk\/cms\/wp-content\/uploads\/2016\/02\/Masopust-na-Hlinecku_FOTO-Luk\u00e1\u0161-\u017dentelCzechTourism5maly.jpg\" class=\"attachment-large size-large\" alt=\"\" aria-describedby=\"gallery-1-71829\" srcset=\"https:\/\/www.slovaklinesmagazin.sk\/cms\/wp-content\/uploads\/2016\/02\/Masopust-na-Hlinecku_FOTO-Luk\u00e1\u0161-\u017dentelCzechTourism5maly.jpg 850w, https:\/\/www.slovaklinesmagazin.sk\/cms\/wp-content\/uploads\/2016\/02\/Masopust-na-Hlinecku_FOTO-Luk\u00e1\u0161-\u017dentelCzechTourism5maly-300x200.jpg 300w, https:\/\/www.slovaklinesmagazin.sk\/cms\/wp-content\/uploads\/2016\/02\/Masopust-na-Hlinecku_FOTO-Luk\u00e1\u0161-\u017dentelCzechTourism5maly-768x511.jpg 768w, https:\/\/www.slovaklinesmagazin.sk\/cms\/wp-content\/uploads\/2016\/02\/Masopust-na-Hlinecku_FOTO-Luk\u00e1\u0161-\u017dentelCzechTourism5maly-304x202.jpg 304w, https:\/\/www.slovaklinesmagazin.sk\/cms\/wp-content\/uploads\/2016\/02\/Masopust-na-Hlinecku_FOTO-Luk\u00e1\u0161-\u017dentelCzechTourism5maly-296x197.jpg 296w\" sizes=\"auto, (max-width: 640px) 100vw, 640px\" \/><\/a>\n\t\t\t<\/div>\n\t\t\t\t<figcaption class='wp-caption-text gallery-caption' id='gallery-1-71829'>\n\t\t\t\tMasopust na Hlinecku FOTO Luk\u00e1\u0161 \u017dentel, CzechTourism\n\t\t\t\t<\/figcaption><\/figure><figure class='gallery-item'>\n\t\t\t<div class='gallery-icon landscape'>\n\t\t\t\t<a href='https:\/\/www.slovaklinesmagazin.sk\/cms\/2016\/01\/fasiangy-v-cesku-uzite-si-posledne-dni-pred-obdobim-postu\/masopust-na-hlinecku_foto-lukas-zentelczechtourism6maly\/'><img loading=\"lazy\" decoding=\"async\" width=\"640\" height=\"426\" src=\"https:\/\/www.slovaklinesmagazin.sk\/cms\/wp-content\/uploads\/2016\/02\/Masopust-na-Hlinecku_FOTO-Luk\u00e1\u0161-\u017dentelCzechTourism6maly.jpg\" class=\"attachment-large size-large\" alt=\"\" aria-describedby=\"gallery-1-71830\" srcset=\"https:\/\/www.slovaklinesmagazin.sk\/cms\/wp-content\/uploads\/2016\/02\/Masopust-na-Hlinecku_FOTO-Luk\u00e1\u0161-\u017dentelCzechTourism6maly.jpg 850w, https:\/\/www.slovaklinesmagazin.sk\/cms\/wp-content\/uploads\/2016\/02\/Masopust-na-Hlinecku_FOTO-Luk\u00e1\u0161-\u017dentelCzechTourism6maly-300x200.jpg 300w, https:\/\/www.slovaklinesmagazin.sk\/cms\/wp-content\/uploads\/2016\/02\/Masopust-na-Hlinecku_FOTO-Luk\u00e1\u0161-\u017dentelCzechTourism6maly-768x511.jpg 768w, https:\/\/www.slovaklinesmagazin.sk\/cms\/wp-content\/uploads\/2016\/02\/Masopust-na-Hlinecku_FOTO-Luk\u00e1\u0161-\u017dentelCzechTourism6maly-304x202.jpg 304w, https:\/\/www.slovaklinesmagazin.sk\/cms\/wp-content\/uploads\/2016\/02\/Masopust-na-Hlinecku_FOTO-Luk\u00e1\u0161-\u017dentelCzechTourism6maly-296x197.jpg 296w\" sizes=\"auto, (max-width: 640px) 100vw, 640px\" \/><\/a>\n\t\t\t<\/div>\n\t\t\t\t<figcaption class='wp-caption-text gallery-caption' id='gallery-1-71830'>\n\t\t\t\tMasopust na Hlinecku FOTO Luk\u00e1\u0161 \u017dentel, CzechTourism\n\t\t\t\t<\/figcaption><\/figure><figure class='gallery-item'>\n\t\t\t<div class='gallery-icon landscape'>\n\t\t\t\t<a href='https:\/\/www.slovaklinesmagazin.sk\/cms\/2016\/01\/fasiangy-v-cesku-uzite-si-posledne-dni-pred-obdobim-postu\/masopust-na-hlinecku_foto-lukas-zentelczechtourism7maly\/'><img loading=\"lazy\" decoding=\"async\" width=\"640\" height=\"426\" src=\"https:\/\/www.slovaklinesmagazin.sk\/cms\/wp-content\/uploads\/2016\/02\/Masopust-na-Hlinecku_FOTO-Luk\u00e1\u0161-\u017dentelCzechTourism7maly.jpg\" class=\"attachment-large size-large\" alt=\"\" aria-describedby=\"gallery-1-71831\" srcset=\"https:\/\/www.slovaklinesmagazin.sk\/cms\/wp-content\/uploads\/2016\/02\/Masopust-na-Hlinecku_FOTO-Luk\u00e1\u0161-\u017dentelCzechTourism7maly.jpg 850w, https:\/\/www.slovaklinesmagazin.sk\/cms\/wp-content\/uploads\/2016\/02\/Masopust-na-Hlinecku_FOTO-Luk\u00e1\u0161-\u017dentelCzechTourism7maly-300x200.jpg 300w, https:\/\/www.slovaklinesmagazin.sk\/cms\/wp-content\/uploads\/2016\/02\/Masopust-na-Hlinecku_FOTO-Luk\u00e1\u0161-\u017dentelCzechTourism7maly-768x511.jpg 768w, https:\/\/www.slovaklinesmagazin.sk\/cms\/wp-content\/uploads\/2016\/02\/Masopust-na-Hlinecku_FOTO-Luk\u00e1\u0161-\u017dentelCzechTourism7maly-304x202.jpg 304w, https:\/\/www.slovaklinesmagazin.sk\/cms\/wp-content\/uploads\/2016\/02\/Masopust-na-Hlinecku_FOTO-Luk\u00e1\u0161-\u017dentelCzechTourism7maly-296x197.jpg 296w\" sizes=\"auto, (max-width: 640px) 100vw, 640px\" \/><\/a>\n\t\t\t<\/div>\n\t\t\t\t<figcaption class='wp-caption-text gallery-caption' id='gallery-1-71831'>\n\t\t\t\tMasopust na Hlinecku FOTO Luk\u00e1\u0161 \u017dentel, CzechTourism\n\t\t\t\t<\/figcaption><\/figure><figure class='gallery-item'>\n\t\t\t<div class='gallery-icon landscape'>\n\t\t\t\t<a href='https:\/\/www.slovaklinesmagazin.sk\/cms\/2016\/01\/fasiangy-v-cesku-uzite-si-posledne-dni-pred-obdobim-postu\/masopustni-pruvod-praha_foto-lukas-zentelczechtourism1maly\/'><img loading=\"lazy\" decoding=\"async\" width=\"640\" height=\"426\" src=\"https:\/\/www.slovaklinesmagazin.sk\/cms\/wp-content\/uploads\/2016\/02\/Masopustn\u00ed-pruvod-Praha_FOTO-Luk\u00e1\u0161-\u017dentelCzechTourism1maly.jpg\" class=\"attachment-large size-large\" alt=\"\" aria-describedby=\"gallery-1-71832\" srcset=\"https:\/\/www.slovaklinesmagazin.sk\/cms\/wp-content\/uploads\/2016\/02\/Masopustn\u00ed-pruvod-Praha_FOTO-Luk\u00e1\u0161-\u017dentelCzechTourism1maly.jpg 850w, https:\/\/www.slovaklinesmagazin.sk\/cms\/wp-content\/uploads\/2016\/02\/Masopustn\u00ed-pruvod-Praha_FOTO-Luk\u00e1\u0161-\u017dentelCzechTourism1maly-300x200.jpg 300w, https:\/\/www.slovaklinesmagazin.sk\/cms\/wp-content\/uploads\/2016\/02\/Masopustn\u00ed-pruvod-Praha_FOTO-Luk\u00e1\u0161-\u017dentelCzechTourism1maly-768x511.jpg 768w, https:\/\/www.slovaklinesmagazin.sk\/cms\/wp-content\/uploads\/2016\/02\/Masopustn\u00ed-pruvod-Praha_FOTO-Luk\u00e1\u0161-\u017dentelCzechTourism1maly-304x202.jpg 304w, https:\/\/www.slovaklinesmagazin.sk\/cms\/wp-content\/uploads\/2016\/02\/Masopustn\u00ed-pruvod-Praha_FOTO-Luk\u00e1\u0161-\u017dentelCzechTourism1maly-296x197.jpg 296w\" sizes=\"auto, (max-width: 640px) 100vw, 640px\" \/><\/a>\n\t\t\t<\/div>\n\t\t\t\t<figcaption class='wp-caption-text gallery-caption' id='gallery-1-71832'>\n\t\t\t\tMasopust na Hlinecku FOTO Luk\u00e1\u0161 \u017dentel, CzechTourism\n\t\t\t\t<\/figcaption><\/figure><figure class='gallery-item'>\n\t\t\t<div class='gallery-icon landscape'>\n\t\t\t\t<a href='https:\/\/www.slovaklinesmagazin.sk\/cms\/2016\/01\/fasiangy-v-cesku-uzite-si-posledne-dni-pred-obdobim-postu\/masopustni-pruvod-praha_foto-lukas-zentelczechtourism2maly\/'><img loading=\"lazy\" decoding=\"async\" width=\"640\" height=\"426\" src=\"https:\/\/www.slovaklinesmagazin.sk\/cms\/wp-content\/uploads\/2016\/02\/Masopustn\u00ed-pruvod-Praha_FOTO-Luk\u00e1\u0161-\u017dentelCzechTourism2maly.jpg\" class=\"attachment-large size-large\" alt=\"\" aria-describedby=\"gallery-1-71833\" srcset=\"https:\/\/www.slovaklinesmagazin.sk\/cms\/wp-content\/uploads\/2016\/02\/Masopustn\u00ed-pruvod-Praha_FOTO-Luk\u00e1\u0161-\u017dentelCzechTourism2maly.jpg 850w, https:\/\/www.slovaklinesmagazin.sk\/cms\/wp-content\/uploads\/2016\/02\/Masopustn\u00ed-pruvod-Praha_FOTO-Luk\u00e1\u0161-\u017dentelCzechTourism2maly-300x200.jpg 300w, https:\/\/www.slovaklinesmagazin.sk\/cms\/wp-content\/uploads\/2016\/02\/Masopustn\u00ed-pruvod-Praha_FOTO-Luk\u00e1\u0161-\u017dentelCzechTourism2maly-768x511.jpg 768w, https:\/\/www.slovaklinesmagazin.sk\/cms\/wp-content\/uploads\/2016\/02\/Masopustn\u00ed-pruvod-Praha_FOTO-Luk\u00e1\u0161-\u017dentelCzechTourism2maly-304x202.jpg 304w, https:\/\/www.slovaklinesmagazin.sk\/cms\/wp-content\/uploads\/2016\/02\/Masopustn\u00ed-pruvod-Praha_FOTO-Luk\u00e1\u0161-\u017dentelCzechTourism2maly-296x197.jpg 296w\" sizes=\"auto, (max-width: 640px) 100vw, 640px\" \/><\/a>\n\t\t\t<\/div>\n\t\t\t\t<figcaption class='wp-caption-text gallery-caption' id='gallery-1-71833'>\n\t\t\t\tMasopust na Hlinecku FOTO Luk\u00e1\u0161 \u017dentel, CzechTourism\n\t\t\t\t<\/figcaption><\/figure>\n\t\t<\/div>\n\n<p>&nbsp;<\/p>\n<p>&nbsp;<\/p>\n<p>Fotografia na titulke:<\/p>\n<p>Masopust na Hlinecku FOTO Luk\u00e1\u0161 \u017dentel, CzechTourism<\/p>\n","protected":false},"excerpt":{"rendered":"<p>Tradi\u010dn\u00e9 fa\u0161iangov\u00e9 sprievody i ve\u013ekolep\u00e9 plesy s\u00a0puncom luxusu. \u010ci u\u017e sa rozhodnete priv\u00edta\u0165 obdobie p\u00f4stu tradi\u010dn\u00fdm karnevalom, alebo si oble\u010diete ve\u010dern\u00e9 \u0161aty a smokingy, v\u00a0\u010cesku sa ani v\u00a0zime nebudete nudi\u0165! &nbsp; Karnevaly pravidelne zaplavuj\u00fa cel\u00e9 \u010cesko koncom janu\u00e1ra, kedy je mo\u017en\u00e9 stretn\u00fa\u0165 sa s\u00a0karnevalov\u00fdmi sprievodmi v\u00a0tradi\u010dn\u00fdch mask\u00e1ch a ochutna\u0165 fa\u0161iangov\u00e9 kol\u00e1\u010de \u010di \u0161i\u0161ky. Obch\u00f4dzky vych\u00e1dzaj\u00fa [&hellip;]<\/p>\n","protected":false},"author":7,"featured_media":71825,"comment_status":"closed","ping_status":"closed","sticky":false,"template":"","format":"standard","meta":{"footnotes":""},"categories":[13,45,48],"tags":[],"class_list":["post-71824","post","type-post","status-publish","format-standard","has-post-thumbnail","hentry","category-real-estate","category-nas-tip","category-umenie-a-kultura","eq-blocks"],"_links":{"self":[{"href":"https:\/\/www.slovaklinesmagazin.sk\/cms\/wp-json\/wp\/v2\/posts\/71824","targetHints":{"allow":["GET"]}}],"collection":[{"href":"https:\/\/www.slovaklinesmagazin.sk\/cms\/wp-json\/wp\/v2\/posts"}],"about":[{"href":"https:\/\/www.slovaklinesmagazin.sk\/cms\/wp-json\/wp\/v2\/types\/post"}],"author":[{"embeddable":true,"href":"https:\/\/www.slovaklinesmagazin.sk\/cms\/wp-json\/wp\/v2\/users\/7"}],"replies":[{"embeddable":true,"href":"https:\/\/www.slovaklinesmagazin.sk\/cms\/wp-json\/wp\/v2\/comments?post=71824"}],"version-history":[{"count":2,"href":"https:\/\/www.slovaklinesmagazin.sk\/cms\/wp-json\/wp\/v2\/posts\/71824\/revisions"}],"predecessor-version":[{"id":71835,"href":"https:\/\/www.slovaklinesmagazin.sk\/cms\/wp-json\/wp\/v2\/posts\/71824\/revisions\/71835"}],"wp:featuredmedia":[{"embeddable":true,"href":"https:\/\/www.slovaklinesmagazin.sk\/cms\/wp-json\/wp\/v2\/media\/71825"}],"wp:attachment":[{"href":"https:\/\/www.slovaklinesmagazin.sk\/cms\/wp-json\/wp\/v2\/media?parent=71824"}],"wp:term":[{"taxonomy":"category","embeddable":true,"href":"https:\/\/www.slovaklinesmagazin.sk\/cms\/wp-json\/wp\/v2\/categories?post=71824"},{"taxonomy":"post_tag","embeddable":true,"href":"https:\/\/www.slovaklinesmagazin.sk\/cms\/wp-json\/wp\/v2\/tags?post=71824"}],"curies":[{"name":"wp","href":"https:\/\/api.w.org\/{rel}","templated":true}]}}