{"id":71991,"date":"2016-02-18T20:00:22","date_gmt":"2016-02-18T18:00:22","guid":{"rendered":"http:\/\/slovaklinesmagazin.sk\/cms\/?p=71991"},"modified":"2016-02-18T20:00:22","modified_gmt":"2016-02-18T18:00:22","slug":"tam-kde-rastie-chlieb","status":"publish","type":"post","link":"https:\/\/www.slovaklinesmagazin.sk\/cms\/2016\/02\/tam-kde-rastie-chlieb\/","title":{"rendered":"Tam, kde rastie chlieb"},"content":{"rendered":"<p><span style=\"color: #000000; font-family: Calibri; font-size: medium;\">Roz\u013eahl\u00e9 farebn\u00e9 polia s\u00fa zdrojom ve\u013ekej \u010dasti na\u0161ej potravy. Pestuje sa na nich aj to najvz\u00e1cnej\u0161ie, \u010do sa na na\u0161ich stoloch nach\u00e1dza, chlieb. Aj preto pri poh\u013eade na ne c\u00edtime l\u00e1sku a\u00a0re\u0161pekt. R\u00f4zne plodiny, sp\u00f4sob v\u00fdsadby a\u00a0ro\u010dn\u00e9 obdobia robia z\u00a0pol\u00ed pr\u00edrodn\u00e9 umeleck\u00e9 diela. Ich zauj\u00edmav\u00e9mu vzh\u013eadu sa venoval aj po\u013esk\u00fd fotograf Przemys\u0142aw Kruk, ktor\u00fd vytvoril s\u00e9riu fotografi\u00ed po\u013esk\u00fdch a\u00a0eur\u00f3pskych pol\u00ed. A\u017e dvadsa\u0165 rokov fotografoval \u00fazemia r\u00f4znych tvarov a\u00a0farieb. Treba uzna\u0165, \u017ee je sa na \u010do pozera\u0165. <\/span><\/p>\n<p><img decoding=\"async\" class=\"alignnone\" src=\"http:\/\/slovaklinesmagazin.sk\/cms\/wp-content\/uploads\/2016\/02\/13-3.jpg\" alt=\"13\" \/> <img decoding=\"async\" class=\"alignnone\" src=\"http:\/\/slovaklinesmagazin.sk\/cms\/wp-content\/uploads\/2016\/02\/1-14.jpg\" alt=\"1\" \/> <img decoding=\"async\" class=\"alignnone\" src=\"http:\/\/slovaklinesmagazin.sk\/cms\/wp-content\/uploads\/2016\/02\/12-4.jpg\" alt=\"12\" \/> <img decoding=\"async\" class=\"alignnone\" src=\"http:\/\/slovaklinesmagazin.sk\/cms\/wp-content\/uploads\/2016\/02\/11-6.jpg\" alt=\"11\" \/> <img decoding=\"async\" class=\"alignnone\" src=\"http:\/\/slovaklinesmagazin.sk\/cms\/wp-content\/uploads\/2016\/02\/10-8.jpg\" alt=\"10\" \/> <img decoding=\"async\" class=\"alignnone\" src=\"http:\/\/slovaklinesmagazin.sk\/cms\/wp-content\/uploads\/2016\/02\/9-8.jpg\" alt=\"9\" \/> <img decoding=\"async\" class=\"alignnone\" src=\"http:\/\/slovaklinesmagazin.sk\/cms\/wp-content\/uploads\/2016\/02\/8-10.jpg\" alt=\"8\" \/> <img decoding=\"async\" class=\"alignnone\" src=\"http:\/\/slovaklinesmagazin.sk\/cms\/wp-content\/uploads\/2016\/02\/7-10.jpg\" alt=\"7\" \/> <img decoding=\"async\" class=\"alignnone\" src=\"http:\/\/slovaklinesmagazin.sk\/cms\/wp-content\/uploads\/2016\/02\/6-11.jpg\" alt=\"6\" \/> <img decoding=\"async\" class=\"alignnone\" src=\"http:\/\/slovaklinesmagazin.sk\/cms\/wp-content\/uploads\/2016\/02\/5-13.jpg\" alt=\"5\" \/> <img decoding=\"async\" class=\"alignnone\" src=\"http:\/\/slovaklinesmagazin.sk\/cms\/wp-content\/uploads\/2016\/02\/4-13.jpg\" alt=\"4\" \/> <img decoding=\"async\" class=\"alignnone\" src=\"http:\/\/slovaklinesmagazin.sk\/cms\/wp-content\/uploads\/2016\/02\/3-14.jpg\" alt=\"3\" \/> <img decoding=\"async\" class=\"alignnone\" src=\"http:\/\/slovaklinesmagazin.sk\/cms\/wp-content\/uploads\/2016\/02\/2-14.jpg\" alt=\"2\" \/><\/p>\n<p>&nbsp;<\/p>\n<p><span style=\"color: #000000; font-family: Calibri; font-size: medium;\">Foto: Przemys\u0142aw Kruk<\/span><\/p>\n","protected":false},"excerpt":{"rendered":"<p>Roz\u013eahl\u00e9 farebn\u00e9 polia s\u00fa zdrojom ve\u013ekej \u010dasti na\u0161ej potravy. Pestuje sa na nich aj to najvz\u00e1cnej\u0161ie, \u010do sa na na\u0161ich stoloch nach\u00e1dza, chlieb. Aj preto pri poh\u013eade na ne c\u00edtime l\u00e1sku a\u00a0re\u0161pekt. R\u00f4zne plodiny, sp\u00f4sob v\u00fdsadby a\u00a0ro\u010dn\u00e9 obdobia robia z\u00a0pol\u00ed pr\u00edrodn\u00e9 umeleck\u00e9 diela. Ich zauj\u00edmav\u00e9mu vzh\u013eadu sa venoval aj po\u013esk\u00fd fotograf Przemys\u0142aw Kruk, ktor\u00fd vytvoril [&hellip;]<\/p>\n","protected":false},"author":9,"featured_media":71995,"comment_status":"closed","ping_status":"closed","sticky":false,"template":"","format":"standard","meta":{"footnotes":""},"categories":[13,9],"tags":[],"class_list":["post-71991","post","type-post","status-publish","format-standard","has-post-thumbnail","hentry","category-real-estate","category-lifestyle","eq-blocks"],"_links":{"self":[{"href":"https:\/\/www.slovaklinesmagazin.sk\/cms\/wp-json\/wp\/v2\/posts\/71991","targetHints":{"allow":["GET"]}}],"collection":[{"href":"https:\/\/www.slovaklinesmagazin.sk\/cms\/wp-json\/wp\/v2\/posts"}],"about":[{"href":"https:\/\/www.slovaklinesmagazin.sk\/cms\/wp-json\/wp\/v2\/types\/post"}],"author":[{"embeddable":true,"href":"https:\/\/www.slovaklinesmagazin.sk\/cms\/wp-json\/wp\/v2\/users\/9"}],"replies":[{"embeddable":true,"href":"https:\/\/www.slovaklinesmagazin.sk\/cms\/wp-json\/wp\/v2\/comments?post=71991"}],"version-history":[{"count":1,"href":"https:\/\/www.slovaklinesmagazin.sk\/cms\/wp-json\/wp\/v2\/posts\/71991\/revisions"}],"predecessor-version":[{"id":72005,"href":"https:\/\/www.slovaklinesmagazin.sk\/cms\/wp-json\/wp\/v2\/posts\/71991\/revisions\/72005"}],"wp:featuredmedia":[{"embeddable":true,"href":"https:\/\/www.slovaklinesmagazin.sk\/cms\/wp-json\/wp\/v2\/media\/71995"}],"wp:attachment":[{"href":"https:\/\/www.slovaklinesmagazin.sk\/cms\/wp-json\/wp\/v2\/media?parent=71991"}],"wp:term":[{"taxonomy":"category","embeddable":true,"href":"https:\/\/www.slovaklinesmagazin.sk\/cms\/wp-json\/wp\/v2\/categories?post=71991"},{"taxonomy":"post_tag","embeddable":true,"href":"https:\/\/www.slovaklinesmagazin.sk\/cms\/wp-json\/wp\/v2\/tags?post=71991"}],"curies":[{"name":"wp","href":"https:\/\/api.w.org\/{rel}","templated":true}]}}