{"id":72092,"date":"2016-02-18T20:23:19","date_gmt":"2016-02-18T18:23:19","guid":{"rendered":"http:\/\/slovaklinesmagazin.sk\/cms\/?p=72092"},"modified":"2016-02-18T20:23:19","modified_gmt":"2016-02-18T18:23:19","slug":"vlacikom-kanadou","status":"publish","type":"post","link":"https:\/\/www.slovaklinesmagazin.sk\/cms\/2016\/02\/vlacikom-kanadou\/","title":{"rendered":"Vl\u00e1\u010dikom Kanadou"},"content":{"rendered":"<p><del><\/del><span style=\"font-family: Calibri;\"><span style=\"font-size: medium;\"><span style=\"color: #000000;\">Cestujete radi vlakom? Touto ekologickou formou prepravy si m\u00f4\u017eete u\u017e\u00edva\u0165 okolie a\u00a0\u017eiv\u00e9 scen\u00e9rie za oknami vlakov\u00e9ho voz\u0148a. Renomovan\u00fd kanadsk\u00fd fotograf Jeff Friesen chcel dosta\u0165 do povedomia \u013eud\u00ed kr\u00e1su svojej krajiny. Vymyslel, \u017ee zauj\u00edmav\u00e9 miesta \u00a0<\/span><\/span><span style=\"color: #000000; font-size: medium;\">zachyt\u00ed na svoj fotoapar\u00e1t ako \u017eelezni\u010dn\u00fa tra\u0165, po ktorej m\u00f4\u017eu turisti objavova\u0165 pestr\u00fa krajinu. Nenechajte sa v\u0161ak zmias\u0165. Vl\u00e1\u010diky na sn\u00edmkach s\u00fa len hra\u010dk\u00e1rske atrapy.<\/span><\/span><\/p>\n<p><img decoding=\"async\" class=\"alignnone\" src=\"http:\/\/slovaklinesmagazin.sk\/cms\/wp-content\/uploads\/2016\/02\/1-22.jpg\" alt=\"1\" \/> <img decoding=\"async\" class=\"alignnone\" src=\"http:\/\/slovaklinesmagazin.sk\/cms\/wp-content\/uploads\/2016\/02\/2-22.jpg\" alt=\"2\" \/> <img decoding=\"async\" class=\"alignnone\" src=\"http:\/\/slovaklinesmagazin.sk\/cms\/wp-content\/uploads\/2016\/02\/3-22.jpg\" alt=\"3\" \/> <img decoding=\"async\" class=\"alignnone\" src=\"http:\/\/slovaklinesmagazin.sk\/cms\/wp-content\/uploads\/2016\/02\/4-21.jpg\" alt=\"4\" \/> <img decoding=\"async\" class=\"alignnone\" src=\"http:\/\/slovaklinesmagazin.sk\/cms\/wp-content\/uploads\/2016\/02\/5-20.jpg\" alt=\"5\" \/> <img decoding=\"async\" class=\"alignnone\" src=\"http:\/\/slovaklinesmagazin.sk\/cms\/wp-content\/uploads\/2016\/02\/6-18.jpg\" alt=\"6\" \/> <img decoding=\"async\" class=\"alignnone\" src=\"http:\/\/slovaklinesmagazin.sk\/cms\/wp-content\/uploads\/2016\/02\/7-17.jpg\" alt=\"7\" \/> <img decoding=\"async\" class=\"alignnone\" src=\"http:\/\/slovaklinesmagazin.sk\/cms\/wp-content\/uploads\/2016\/02\/8-16.jpg\" alt=\"8\" \/> <img decoding=\"async\" class=\"alignnone\" src=\"http:\/\/slovaklinesmagazin.sk\/cms\/wp-content\/uploads\/2016\/02\/9-14.jpg\" alt=\"9\" \/> <img decoding=\"async\" class=\"alignnone\" src=\"http:\/\/slovaklinesmagazin.sk\/cms\/wp-content\/uploads\/2016\/02\/10-12.jpg\" alt=\"10\" \/> <img decoding=\"async\" class=\"alignnone\" src=\"http:\/\/slovaklinesmagazin.sk\/cms\/wp-content\/uploads\/2016\/02\/11-10.jpg\" alt=\"11\" \/> <img decoding=\"async\" class=\"alignnone\" src=\"http:\/\/slovaklinesmagazin.sk\/cms\/wp-content\/uploads\/2016\/02\/12-8.jpg\" alt=\"12\" \/> <img decoding=\"async\" class=\"alignnone\" src=\"http:\/\/slovaklinesmagazin.sk\/cms\/wp-content\/uploads\/2016\/02\/13-6.jpg\" alt=\"13\" \/> <img decoding=\"async\" class=\"alignnone\" src=\"http:\/\/slovaklinesmagazin.sk\/cms\/wp-content\/uploads\/2016\/02\/14-4.jpg\" alt=\"14\" \/> <img decoding=\"async\" class=\"alignnone\" src=\"http:\/\/slovaklinesmagazin.sk\/cms\/wp-content\/uploads\/2016\/02\/15-3.jpg\" alt=\"15\" \/> <img decoding=\"async\" class=\"alignnone\" src=\"http:\/\/slovaklinesmagazin.sk\/cms\/wp-content\/uploads\/2016\/02\/16-2.jpg\" alt=\"16\" \/> <img decoding=\"async\" class=\"alignnone\" src=\"http:\/\/slovaklinesmagazin.sk\/cms\/wp-content\/uploads\/2016\/02\/17-2.jpg\" alt=\"17\" \/> <img decoding=\"async\" class=\"alignnone\" src=\"http:\/\/slovaklinesmagazin.sk\/cms\/wp-content\/uploads\/2016\/02\/A-Vintage-Train-Trip-2.jpg\" alt=\"A-Vintage-Train-Trip-2\" \/><\/p>\n<p><span style=\"color: #000000; font-family: Calibri; font-size: medium;\">Foto: Jeff Friesen<\/span><\/p>\n","protected":false},"excerpt":{"rendered":"<p>Cestujete radi vlakom? Touto ekologickou formou prepravy si m\u00f4\u017eete u\u017e\u00edva\u0165 okolie a\u00a0\u017eiv\u00e9 scen\u00e9rie za oknami vlakov\u00e9ho voz\u0148a. Renomovan\u00fd kanadsk\u00fd fotograf Jeff Friesen chcel dosta\u0165 do povedomia \u013eud\u00ed kr\u00e1su svojej krajiny. Vymyslel, \u017ee zauj\u00edmav\u00e9 miesta \u00a0zachyt\u00ed na svoj fotoapar\u00e1t ako \u017eelezni\u010dn\u00fa tra\u0165, po ktorej m\u00f4\u017eu turisti objavova\u0165 pestr\u00fa krajinu. Nenechajte sa v\u0161ak zmias\u0165. Vl\u00e1\u010diky na sn\u00edmkach [&hellip;]<\/p>\n","protected":false},"author":9,"featured_media":72110,"comment_status":"closed","ping_status":"closed","sticky":false,"template":"","format":"standard","meta":{"footnotes":""},"categories":[48],"tags":[],"class_list":["post-72092","post","type-post","status-publish","format-standard","has-post-thumbnail","hentry","category-umenie-a-kultura","eq-blocks"],"_links":{"self":[{"href":"https:\/\/www.slovaklinesmagazin.sk\/cms\/wp-json\/wp\/v2\/posts\/72092","targetHints":{"allow":["GET"]}}],"collection":[{"href":"https:\/\/www.slovaklinesmagazin.sk\/cms\/wp-json\/wp\/v2\/posts"}],"about":[{"href":"https:\/\/www.slovaklinesmagazin.sk\/cms\/wp-json\/wp\/v2\/types\/post"}],"author":[{"embeddable":true,"href":"https:\/\/www.slovaklinesmagazin.sk\/cms\/wp-json\/wp\/v2\/users\/9"}],"replies":[{"embeddable":true,"href":"https:\/\/www.slovaklinesmagazin.sk\/cms\/wp-json\/wp\/v2\/comments?post=72092"}],"version-history":[{"count":1,"href":"https:\/\/www.slovaklinesmagazin.sk\/cms\/wp-json\/wp\/v2\/posts\/72092\/revisions"}],"predecessor-version":[{"id":72112,"href":"https:\/\/www.slovaklinesmagazin.sk\/cms\/wp-json\/wp\/v2\/posts\/72092\/revisions\/72112"}],"wp:featuredmedia":[{"embeddable":true,"href":"https:\/\/www.slovaklinesmagazin.sk\/cms\/wp-json\/wp\/v2\/media\/72110"}],"wp:attachment":[{"href":"https:\/\/www.slovaklinesmagazin.sk\/cms\/wp-json\/wp\/v2\/media?parent=72092"}],"wp:term":[{"taxonomy":"category","embeddable":true,"href":"https:\/\/www.slovaklinesmagazin.sk\/cms\/wp-json\/wp\/v2\/categories?post=72092"},{"taxonomy":"post_tag","embeddable":true,"href":"https:\/\/www.slovaklinesmagazin.sk\/cms\/wp-json\/wp\/v2\/tags?post=72092"}],"curies":[{"name":"wp","href":"https:\/\/api.w.org\/{rel}","templated":true}]}}