{"id":72320,"date":"2016-02-29T19:55:15","date_gmt":"2016-02-29T17:55:15","guid":{"rendered":"http:\/\/slovaklinesmagazin.sk\/cms\/?p=72320"},"modified":"2016-02-29T19:55:15","modified_gmt":"2016-02-29T17:55:15","slug":"hor-sa-na-plaz","status":"publish","type":"post","link":"https:\/\/www.slovaklinesmagazin.sk\/cms\/2016\/02\/hor-sa-na-plaz\/","title":{"rendered":"Hor\u00b4 sa na pl\u00e1\u017e"},"content":{"rendered":"<p><span style=\"color: #000000; font-family: Calibri; font-size: medium;\">My stredozemci si vieme naozaj vychutna\u0165 pr\u00edchod na pl\u00e1\u017e. Po mesiacoch, t\u00fd\u017ed\u0148och, d\u0148och \u010dakania, kedy zazrieme nekone\u010dn\u00fa modr\u00fa plochu a\u00a0uc\u00edtime typick\u00fa v\u00f4\u0148u mora je okamih, kedy sa sen stane skuto\u010dnos\u0165ou, \u00fa\u017easn\u00fd. Tento pocit d\u00f4verne pozn\u00e1 aj Alex Becker. Aby si opojn\u00e9 okamihy zapam\u00e4tal \u010do najdlh\u0161ie, vytvoril svoju vlastn\u00fa zbierku fotografi\u00ed s\u00a0n\u00e1zvom Almost There. Prostredn\u00edctvom svojho projektu chce zaznamena\u0165 bl\u00ed\u017eiace sa vzru\u0161enie, vlnu em\u00f3ci\u00ed a uvo\u013e\u0148uj\u00faci pocit, ktor\u00fd sa vzn\u00e1\u0161a vo vzduchu, bezprostredne pred pr\u00edchodom na pl\u00e1\u017e.<\/span><\/p>\n<p><img decoding=\"async\" class=\"alignnone\" src=\"http:\/\/slovaklinesmagazin.sk\/cms\/wp-content\/uploads\/2016\/02\/1-30.jpg\" alt=\"1\" \/> <img decoding=\"async\" class=\"alignnone\" src=\"http:\/\/slovaklinesmagazin.sk\/cms\/wp-content\/uploads\/2016\/02\/2-31.jpg\" alt=\"2\" \/> <img decoding=\"async\" class=\"alignnone\" src=\"http:\/\/slovaklinesmagazin.sk\/cms\/wp-content\/uploads\/2016\/02\/3-31.jpg\" alt=\"3\" \/> <img decoding=\"async\" class=\"alignnone\" src=\"http:\/\/slovaklinesmagazin.sk\/cms\/wp-content\/uploads\/2016\/02\/4-29.jpg\" alt=\"4\" \/> <img decoding=\"async\" class=\"alignnone\" src=\"http:\/\/slovaklinesmagazin.sk\/cms\/wp-content\/uploads\/2016\/02\/5-28.jpg\" alt=\"5\" \/> <img decoding=\"async\" class=\"alignnone\" src=\"http:\/\/slovaklinesmagazin.sk\/cms\/wp-content\/uploads\/2016\/02\/6-25.jpg\" alt=\"6\" \/> <img decoding=\"async\" class=\"alignnone\" src=\"http:\/\/slovaklinesmagazin.sk\/cms\/wp-content\/uploads\/2016\/02\/7-24.jpg\" alt=\"7\" \/> <img decoding=\"async\" class=\"alignnone\" src=\"http:\/\/slovaklinesmagazin.sk\/cms\/wp-content\/uploads\/2016\/02\/8-22.jpg\" alt=\"8\" \/> <img decoding=\"async\" class=\"alignnone\" src=\"http:\/\/slovaklinesmagazin.sk\/cms\/wp-content\/uploads\/2016\/02\/9-19.jpg\" alt=\"9\" \/> <img decoding=\"async\" class=\"alignnone\" src=\"http:\/\/slovaklinesmagazin.sk\/cms\/wp-content\/uploads\/2016\/02\/10-16.jpg\" alt=\"10\" \/> <img decoding=\"async\" class=\"alignnone\" src=\"http:\/\/slovaklinesmagazin.sk\/cms\/wp-content\/uploads\/2016\/02\/11-13.jpg\" alt=\"11\" \/> <img decoding=\"async\" class=\"alignnone\" src=\"http:\/\/slovaklinesmagazin.sk\/cms\/wp-content\/uploads\/2016\/02\/12-11.jpg\" alt=\"12\" \/> <img decoding=\"async\" class=\"alignnone\" src=\"http:\/\/slovaklinesmagazin.sk\/cms\/wp-content\/uploads\/2016\/02\/13-9.jpg\" alt=\"13\" \/> <img decoding=\"async\" class=\"alignnone\" src=\"http:\/\/slovaklinesmagazin.sk\/cms\/wp-content\/uploads\/2016\/02\/14-8.jpg\" alt=\"14\" \/> <img decoding=\"async\" class=\"alignnone\" src=\"http:\/\/slovaklinesmagazin.sk\/cms\/wp-content\/uploads\/2016\/02\/15-5.jpg\" alt=\"15\" \/> <img decoding=\"async\" class=\"alignnone\" src=\"http:\/\/slovaklinesmagazin.sk\/cms\/wp-content\/uploads\/2016\/02\/almost-there-14-900x506.jpg\" alt=\"almost-there-14-900x506\" \/><\/p>\n<p><span style=\"color: #000000; font-family: Calibri; font-size: medium;\">Foto: Alex Becker<\/span><\/p>\n","protected":false},"excerpt":{"rendered":"<p>My stredozemci si vieme naozaj vychutna\u0165 pr\u00edchod na pl\u00e1\u017e. Po mesiacoch, t\u00fd\u017ed\u0148och, d\u0148och \u010dakania, kedy zazrieme nekone\u010dn\u00fa modr\u00fa plochu a\u00a0uc\u00edtime typick\u00fa v\u00f4\u0148u mora je okamih, kedy sa sen stane skuto\u010dnos\u0165ou, \u00fa\u017easn\u00fd. Tento pocit d\u00f4verne pozn\u00e1 aj Alex Becker. Aby si opojn\u00e9 okamihy zapam\u00e4tal \u010do najdlh\u0161ie, vytvoril svoju vlastn\u00fa zbierku fotografi\u00ed s\u00a0n\u00e1zvom Almost There. Prostredn\u00edctvom svojho [&hellip;]<\/p>\n","protected":false},"author":9,"featured_media":72336,"comment_status":"closed","ping_status":"closed","sticky":false,"template":"","format":"standard","meta":{"footnotes":""},"categories":[13],"tags":[],"class_list":["post-72320","post","type-post","status-publish","format-standard","has-post-thumbnail","hentry","category-real-estate","eq-blocks"],"_links":{"self":[{"href":"https:\/\/www.slovaklinesmagazin.sk\/cms\/wp-json\/wp\/v2\/posts\/72320","targetHints":{"allow":["GET"]}}],"collection":[{"href":"https:\/\/www.slovaklinesmagazin.sk\/cms\/wp-json\/wp\/v2\/posts"}],"about":[{"href":"https:\/\/www.slovaklinesmagazin.sk\/cms\/wp-json\/wp\/v2\/types\/post"}],"author":[{"embeddable":true,"href":"https:\/\/www.slovaklinesmagazin.sk\/cms\/wp-json\/wp\/v2\/users\/9"}],"replies":[{"embeddable":true,"href":"https:\/\/www.slovaklinesmagazin.sk\/cms\/wp-json\/wp\/v2\/comments?post=72320"}],"version-history":[{"count":1,"href":"https:\/\/www.slovaklinesmagazin.sk\/cms\/wp-json\/wp\/v2\/posts\/72320\/revisions"}],"predecessor-version":[{"id":72338,"href":"https:\/\/www.slovaklinesmagazin.sk\/cms\/wp-json\/wp\/v2\/posts\/72320\/revisions\/72338"}],"wp:featuredmedia":[{"embeddable":true,"href":"https:\/\/www.slovaklinesmagazin.sk\/cms\/wp-json\/wp\/v2\/media\/72336"}],"wp:attachment":[{"href":"https:\/\/www.slovaklinesmagazin.sk\/cms\/wp-json\/wp\/v2\/media?parent=72320"}],"wp:term":[{"taxonomy":"category","embeddable":true,"href":"https:\/\/www.slovaklinesmagazin.sk\/cms\/wp-json\/wp\/v2\/categories?post=72320"},{"taxonomy":"post_tag","embeddable":true,"href":"https:\/\/www.slovaklinesmagazin.sk\/cms\/wp-json\/wp\/v2\/tags?post=72320"}],"curies":[{"name":"wp","href":"https:\/\/api.w.org\/{rel}","templated":true}]}}