{"id":72387,"date":"2016-02-29T20:06:56","date_gmt":"2016-02-29T18:06:56","guid":{"rendered":"http:\/\/slovaklinesmagazin.sk\/cms\/?p=72387"},"modified":"2016-02-29T20:06:56","modified_gmt":"2016-02-29T18:06:56","slug":"klop-klop","status":"publish","type":"post","link":"https:\/\/www.slovaklinesmagazin.sk\/cms\/2016\/02\/klop-klop\/","title":{"rendered":"Klop-klop"},"content":{"rendered":"<p><em><\/em><span style=\"color: #000000; font-family: Calibri; font-size: medium;\">Portugalsk\u00fd fotograf Andr\u00e9 Vicente Gon\u00e7alves sa dostal do povedomia projektom s n\u00e1zvom Windows of the World (okn\u00e1 sveta), ktor\u00fd v\u00e1m predstavil 8 mesiacmi. Teraz sa vracia s rovnak\u00fdm konceptom aplikovan\u00fdm v\u0161ak na vstupy do domov. V tejto novej s\u00e9rii sa zameriava na architekt\u00faru jednotliv\u00fdch kraj\u00edn s cie\u013eom pop\u00edsa\u0165 prostredn\u00edctvom dver\u00ed na r\u00f4znych budov\u00e1ch ich \u0161pecifik\u00e1: farby, l\u00ednie, materi\u00e1ly a\u00a0\u010fal\u0161ie typick\u00e9 znaky. Aj ke\u010f sa t\u00e1to s\u00e9ria pr\u00e1ve za\u010dala a t\u00fdka len \u0161tyroch eur\u00f3pskych kraj\u00edn, niet poch\u00fdb o tom, \u017ee sa zoznam po\u010das ciest portugalsk\u00e9ho fotografa \u010doskoro roz\u0161\u00edri.<\/span><\/p>\n<p><img decoding=\"async\" class=\"alignnone\" src=\"http:\/\/slovaklinesmagazin.sk\/cms\/wp-content\/uploads\/2016\/02\/1-34.jpg\" alt=\"1\" \/> <img decoding=\"async\" class=\"alignnone\" src=\"http:\/\/slovaklinesmagazin.sk\/cms\/wp-content\/uploads\/2016\/02\/3-35.jpg\" alt=\"3\" \/> <img decoding=\"async\" class=\"alignnone\" src=\"http:\/\/slovaklinesmagazin.sk\/cms\/wp-content\/uploads\/2016\/02\/4-33.jpg\" alt=\"4\" \/><\/p>\n<p><span style=\"color: #000000; font-family: Calibri; font-size: medium;\">Foto: Andr\u00e9 Vicente Gon\u00e7alves<\/span><\/p>\n","protected":false},"excerpt":{"rendered":"<p>Portugalsk\u00fd fotograf Andr\u00e9 Vicente Gon\u00e7alves sa dostal do povedomia projektom s n\u00e1zvom Windows of the World (okn\u00e1 sveta), ktor\u00fd v\u00e1m predstavil 8 mesiacmi. Teraz sa vracia s rovnak\u00fdm konceptom aplikovan\u00fdm v\u0161ak na vstupy do domov. V tejto novej s\u00e9rii sa zameriava na architekt\u00faru jednotliv\u00fdch kraj\u00edn s cie\u013eom pop\u00edsa\u0165 prostredn\u00edctvom dver\u00ed na r\u00f4znych budov\u00e1ch ich \u0161pecifik\u00e1: [&hellip;]<\/p>\n","protected":false},"author":9,"featured_media":72389,"comment_status":"closed","ping_status":"closed","sticky":false,"template":"","format":"standard","meta":{"footnotes":""},"categories":[13],"tags":[],"class_list":["post-72387","post","type-post","status-publish","format-standard","has-post-thumbnail","hentry","category-real-estate","eq-blocks"],"_links":{"self":[{"href":"https:\/\/www.slovaklinesmagazin.sk\/cms\/wp-json\/wp\/v2\/posts\/72387","targetHints":{"allow":["GET"]}}],"collection":[{"href":"https:\/\/www.slovaklinesmagazin.sk\/cms\/wp-json\/wp\/v2\/posts"}],"about":[{"href":"https:\/\/www.slovaklinesmagazin.sk\/cms\/wp-json\/wp\/v2\/types\/post"}],"author":[{"embeddable":true,"href":"https:\/\/www.slovaklinesmagazin.sk\/cms\/wp-json\/wp\/v2\/users\/9"}],"replies":[{"embeddable":true,"href":"https:\/\/www.slovaklinesmagazin.sk\/cms\/wp-json\/wp\/v2\/comments?post=72387"}],"version-history":[{"count":1,"href":"https:\/\/www.slovaklinesmagazin.sk\/cms\/wp-json\/wp\/v2\/posts\/72387\/revisions"}],"predecessor-version":[{"id":72392,"href":"https:\/\/www.slovaklinesmagazin.sk\/cms\/wp-json\/wp\/v2\/posts\/72387\/revisions\/72392"}],"wp:featuredmedia":[{"embeddable":true,"href":"https:\/\/www.slovaklinesmagazin.sk\/cms\/wp-json\/wp\/v2\/media\/72389"}],"wp:attachment":[{"href":"https:\/\/www.slovaklinesmagazin.sk\/cms\/wp-json\/wp\/v2\/media?parent=72387"}],"wp:term":[{"taxonomy":"category","embeddable":true,"href":"https:\/\/www.slovaklinesmagazin.sk\/cms\/wp-json\/wp\/v2\/categories?post=72387"},{"taxonomy":"post_tag","embeddable":true,"href":"https:\/\/www.slovaklinesmagazin.sk\/cms\/wp-json\/wp\/v2\/tags?post=72387"}],"curies":[{"name":"wp","href":"https:\/\/api.w.org\/{rel}","templated":true}]}}