{"id":72503,"date":"2016-03-04T23:47:50","date_gmt":"2016-03-04T21:47:50","guid":{"rendered":"http:\/\/slovaklinesmagazin.sk\/cms\/?p=72503"},"modified":"2016-03-04T23:47:50","modified_gmt":"2016-03-04T21:47:50","slug":"vzacne-tradicie","status":"publish","type":"post","link":"https:\/\/www.slovaklinesmagazin.sk\/cms\/2016\/03\/vzacne-tradicie\/","title":{"rendered":"Vz\u00e1cne trad\u00edcie"},"content":{"rendered":"<p><span style=\"color: #000000; font-family: Calibri; font-size: medium;\">S\u00a0tvrden\u00edm, \u017ee trad\u00edcie si treba cti\u0165 a\u00a0udr\u017eiava\u0165, na sto percent s\u00fahlas\u00ed umelky\u0148a Iwajla Klinke. T\u00e1to fotografka v\u00e1\u0161nivo rada vyh\u013ead\u00e1va a\u00a0zve\u010d\u0148uje tradi\u010dn\u00e9 kroje r\u00f4znych n\u00e1rodov, krajov a\u00a0spolo\u010denstiev. Jej fotografie s\u00fa v\u00fdletom za kult\u00farou, cez jedine\u010dn\u00e9 kost\u00fdmi spozn\u00e1va a\u00a0\u0161\u00edri odkaz n\u00e1rodov z\u00a0cel\u00e9ho sveta. D\u00f4kazom, \u017ee \u013eud\u00ed oslovuje tradi\u010dn\u00fd sp\u00f4sob \u017eivota in\u00fdch kult\u00far s\u00fa celosvetov\u00e9 v\u00fdstavy jej diel. Ned\u00e1vno napr\u00edklad prezentovala svoje diela v D\u00fcsseldorfe alebo v Grand Palais v Par\u00ed\u017ei.<\/span><\/p>\n<p><img decoding=\"async\" class=\"alignnone\" src=\"http:\/\/slovaklinesmagazin.sk\/cms\/wp-content\/uploads\/2016\/03\/1.jpg\" alt=\"1\" \/> <img decoding=\"async\" class=\"alignnone\" src=\"http:\/\/slovaklinesmagazin.sk\/cms\/wp-content\/uploads\/2016\/03\/2.jpg\" alt=\"2\" \/> <img decoding=\"async\" class=\"alignnone\" src=\"http:\/\/slovaklinesmagazin.sk\/cms\/wp-content\/uploads\/2016\/03\/3.jpg\" alt=\"3\" \/> <img decoding=\"async\" class=\"alignnone\" src=\"http:\/\/slovaklinesmagazin.sk\/cms\/wp-content\/uploads\/2016\/03\/4.jpg\" alt=\"4\" \/> <img decoding=\"async\" class=\"alignnone\" src=\"http:\/\/slovaklinesmagazin.sk\/cms\/wp-content\/uploads\/2016\/03\/6.jpg\" alt=\"6\" \/> <img decoding=\"async\" class=\"alignnone\" src=\"http:\/\/slovaklinesmagazin.sk\/cms\/wp-content\/uploads\/2016\/03\/7.jpg\" alt=\"7\" \/> <img decoding=\"async\" class=\"alignnone\" src=\"http:\/\/slovaklinesmagazin.sk\/cms\/wp-content\/uploads\/2016\/03\/8.jpg\" alt=\"8\" \/> <img decoding=\"async\" class=\"alignnone\" src=\"http:\/\/slovaklinesmagazin.sk\/cms\/wp-content\/uploads\/2016\/03\/9.jpg\" alt=\"9\" \/> <img decoding=\"async\" class=\"alignnone\" src=\"http:\/\/slovaklinesmagazin.sk\/cms\/wp-content\/uploads\/2016\/03\/10.jpg\" alt=\"10\" \/><\/p>\n<p><span style=\"color: #000000; font-family: Calibri; font-size: medium;\">Foto: Iwajla Klinke<\/span><\/p>\n","protected":false},"excerpt":{"rendered":"<p>S\u00a0tvrden\u00edm, \u017ee trad\u00edcie si treba cti\u0165 a\u00a0udr\u017eiava\u0165, na sto percent s\u00fahlas\u00ed umelky\u0148a Iwajla Klinke. T\u00e1to fotografka v\u00e1\u0161nivo rada vyh\u013ead\u00e1va a\u00a0zve\u010d\u0148uje tradi\u010dn\u00e9 kroje r\u00f4znych n\u00e1rodov, krajov a\u00a0spolo\u010denstiev. Jej fotografie s\u00fa v\u00fdletom za kult\u00farou, cez jedine\u010dn\u00e9 kost\u00fdmi spozn\u00e1va a\u00a0\u0161\u00edri odkaz n\u00e1rodov z\u00a0cel\u00e9ho sveta. D\u00f4kazom, \u017ee \u013eud\u00ed oslovuje tradi\u010dn\u00fd sp\u00f4sob \u017eivota in\u00fdch kult\u00far s\u00fa celosvetov\u00e9 v\u00fdstavy jej diel. [&hellip;]<\/p>\n","protected":false},"author":9,"featured_media":72508,"comment_status":"closed","ping_status":"closed","sticky":false,"template":"","format":"standard","meta":{"footnotes":""},"categories":[48],"tags":[],"class_list":["post-72503","post","type-post","status-publish","format-standard","has-post-thumbnail","hentry","category-umenie-a-kultura","eq-blocks"],"_links":{"self":[{"href":"https:\/\/www.slovaklinesmagazin.sk\/cms\/wp-json\/wp\/v2\/posts\/72503","targetHints":{"allow":["GET"]}}],"collection":[{"href":"https:\/\/www.slovaklinesmagazin.sk\/cms\/wp-json\/wp\/v2\/posts"}],"about":[{"href":"https:\/\/www.slovaklinesmagazin.sk\/cms\/wp-json\/wp\/v2\/types\/post"}],"author":[{"embeddable":true,"href":"https:\/\/www.slovaklinesmagazin.sk\/cms\/wp-json\/wp\/v2\/users\/9"}],"replies":[{"embeddable":true,"href":"https:\/\/www.slovaklinesmagazin.sk\/cms\/wp-json\/wp\/v2\/comments?post=72503"}],"version-history":[{"count":1,"href":"https:\/\/www.slovaklinesmagazin.sk\/cms\/wp-json\/wp\/v2\/posts\/72503\/revisions"}],"predecessor-version":[{"id":72514,"href":"https:\/\/www.slovaklinesmagazin.sk\/cms\/wp-json\/wp\/v2\/posts\/72503\/revisions\/72514"}],"wp:featuredmedia":[{"embeddable":true,"href":"https:\/\/www.slovaklinesmagazin.sk\/cms\/wp-json\/wp\/v2\/media\/72508"}],"wp:attachment":[{"href":"https:\/\/www.slovaklinesmagazin.sk\/cms\/wp-json\/wp\/v2\/media?parent=72503"}],"wp:term":[{"taxonomy":"category","embeddable":true,"href":"https:\/\/www.slovaklinesmagazin.sk\/cms\/wp-json\/wp\/v2\/categories?post=72503"},{"taxonomy":"post_tag","embeddable":true,"href":"https:\/\/www.slovaklinesmagazin.sk\/cms\/wp-json\/wp\/v2\/tags?post=72503"}],"curies":[{"name":"wp","href":"https:\/\/api.w.org\/{rel}","templated":true}]}}