{"id":72515,"date":"2016-03-04T23:50:08","date_gmt":"2016-03-04T21:50:08","guid":{"rendered":"http:\/\/slovaklinesmagazin.sk\/cms\/?p=72515"},"modified":"2016-03-04T23:50:08","modified_gmt":"2016-03-04T21:50:08","slug":"krasy-svajciarska","status":"publish","type":"post","link":"https:\/\/www.slovaklinesmagazin.sk\/cms\/2016\/03\/krasy-svajciarska\/","title":{"rendered":"Kr\u00e1sy \u0160vaj\u010diarska"},"content":{"rendered":"<p><span style=\"color: #000000; font-family: Calibri; font-size: medium;\">Martina Bisaz je \u0160vaj\u010diarkou telom aj du\u0161ou a\u00a0\u017eiv\u00ed sa ako vedeck\u00e1 ilustr\u00e1torka. S\u00a0fotoapar\u00e1tom spozn\u00e1va a\u00a0zaznamen\u00e1va svoju rodn\u00fa krajinu, po ktorej sa prem\u00e1va svoj\u00edm oldchoolov\u00fdm vanom. Fotografuje n\u00e1dhern\u00e9 hory, lesy,\u00a0vodstvo, \u010di malebn\u00fd vidiek, ktor\u00fdm sa neutr\u00e1lna krajina pr\u00e1vom p\u00fd\u0161i. So svojim dielom sa prezentuje najm\u00e4 na Instagrame. <\/span><\/p>\n<p><img decoding=\"async\" class=\"alignnone\" src=\"http:\/\/slovaklinesmagazin.sk\/cms\/wp-content\/uploads\/2016\/03\/1-1.jpg\" alt=\"1\" \/> <img decoding=\"async\" class=\"alignnone\" src=\"http:\/\/slovaklinesmagazin.sk\/cms\/wp-content\/uploads\/2016\/03\/2-1.jpg\" alt=\"2\" \/> <img decoding=\"async\" class=\"alignnone\" src=\"http:\/\/slovaklinesmagazin.sk\/cms\/wp-content\/uploads\/2016\/03\/3-1.jpg\" alt=\"3\" \/> <img decoding=\"async\" class=\"alignnone\" src=\"http:\/\/slovaklinesmagazin.sk\/cms\/wp-content\/uploads\/2016\/03\/4-1.jpg\" alt=\"4\" \/> <img decoding=\"async\" class=\"alignnone\" src=\"http:\/\/slovaklinesmagazin.sk\/cms\/wp-content\/uploads\/2016\/03\/5-1.jpg\" alt=\"5\" \/> <img decoding=\"async\" class=\"alignnone\" src=\"http:\/\/slovaklinesmagazin.sk\/cms\/wp-content\/uploads\/2016\/03\/6-1.jpg\" alt=\"6\" \/> <img decoding=\"async\" class=\"alignnone\" src=\"http:\/\/slovaklinesmagazin.sk\/cms\/wp-content\/uploads\/2016\/03\/7-1.jpg\" alt=\"7\" \/> <img decoding=\"async\" class=\"alignnone\" src=\"http:\/\/slovaklinesmagazin.sk\/cms\/wp-content\/uploads\/2016\/03\/8-1.jpg\" alt=\"8\" \/> <img decoding=\"async\" class=\"alignnone\" src=\"http:\/\/slovaklinesmagazin.sk\/cms\/wp-content\/uploads\/2016\/03\/9-1.jpg\" alt=\"9\" \/> <img decoding=\"async\" class=\"alignnone\" src=\"http:\/\/slovaklinesmagazin.sk\/cms\/wp-content\/uploads\/2016\/03\/10-1.jpg\" alt=\"10\" \/> <img decoding=\"async\" class=\"alignnone\" src=\"http:\/\/slovaklinesmagazin.sk\/cms\/wp-content\/uploads\/2016\/03\/11.jpg\" alt=\"11\" \/> <img decoding=\"async\" class=\"alignnone\" src=\"http:\/\/slovaklinesmagazin.sk\/cms\/wp-content\/uploads\/2016\/03\/12.jpg\" alt=\"12\" \/> <img decoding=\"async\" class=\"alignnone\" src=\"http:\/\/slovaklinesmagazin.sk\/cms\/wp-content\/uploads\/2016\/03\/13.jpg\" alt=\"13\" \/> <img decoding=\"async\" class=\"alignnone\" src=\"http:\/\/slovaklinesmagazin.sk\/cms\/wp-content\/uploads\/2016\/03\/15.jpg\" alt=\"15\" \/> <img decoding=\"async\" class=\"alignnone\" src=\"http:\/\/slovaklinesmagazin.sk\/cms\/wp-content\/uploads\/2016\/03\/16.jpg\" alt=\"16\" \/> <img decoding=\"async\" class=\"alignnone\" src=\"http:\/\/slovaklinesmagazin.sk\/cms\/wp-content\/uploads\/2016\/03\/17.jpg\" alt=\"17\" \/> <img decoding=\"async\" class=\"alignnone\" src=\"http:\/\/slovaklinesmagazin.sk\/cms\/wp-content\/uploads\/2016\/03\/18.jpg\" alt=\"18\" \/> <img decoding=\"async\" class=\"alignnone\" src=\"http:\/\/slovaklinesmagazin.sk\/cms\/wp-content\/uploads\/2016\/03\/19.jpg\" alt=\"19\" \/> <img decoding=\"async\" class=\"alignnone\" src=\"http:\/\/slovaklinesmagazin.sk\/cms\/wp-content\/uploads\/2016\/03\/20.jpg\" alt=\"20\" \/> <img decoding=\"async\" class=\"alignnone\" src=\"http:\/\/slovaklinesmagazin.sk\/cms\/wp-content\/uploads\/2016\/03\/21.jpg\" alt=\"21\" \/> <img decoding=\"async\" class=\"alignnone\" src=\"http:\/\/slovaklinesmagazin.sk\/cms\/wp-content\/uploads\/2016\/03\/22.jpg\" alt=\"22\" \/><\/p>\n<p><span style=\"color: #000000; font-family: Calibri; font-size: medium;\">Foto: Martina Bisaz<\/span><\/p>\n","protected":false},"excerpt":{"rendered":"<p>Martina Bisaz je \u0160vaj\u010diarkou telom aj du\u0161ou a\u00a0\u017eiv\u00ed sa ako vedeck\u00e1 ilustr\u00e1torka. S\u00a0fotoapar\u00e1tom spozn\u00e1va a\u00a0zaznamen\u00e1va svoju rodn\u00fa krajinu, po ktorej sa prem\u00e1va svoj\u00edm oldchoolov\u00fdm vanom. Fotografuje n\u00e1dhern\u00e9 hory, lesy,\u00a0vodstvo, \u010di malebn\u00fd vidiek, ktor\u00fdm sa neutr\u00e1lna krajina pr\u00e1vom p\u00fd\u0161i. So svojim dielom sa prezentuje najm\u00e4 na Instagrame. Foto: Martina Bisaz<\/p>\n","protected":false},"author":9,"featured_media":72529,"comment_status":"closed","ping_status":"closed","sticky":false,"template":"","format":"standard","meta":{"footnotes":""},"categories":[13],"tags":[],"class_list":["post-72515","post","type-post","status-publish","format-standard","has-post-thumbnail","hentry","category-real-estate","eq-blocks"],"_links":{"self":[{"href":"https:\/\/www.slovaklinesmagazin.sk\/cms\/wp-json\/wp\/v2\/posts\/72515","targetHints":{"allow":["GET"]}}],"collection":[{"href":"https:\/\/www.slovaklinesmagazin.sk\/cms\/wp-json\/wp\/v2\/posts"}],"about":[{"href":"https:\/\/www.slovaklinesmagazin.sk\/cms\/wp-json\/wp\/v2\/types\/post"}],"author":[{"embeddable":true,"href":"https:\/\/www.slovaklinesmagazin.sk\/cms\/wp-json\/wp\/v2\/users\/9"}],"replies":[{"embeddable":true,"href":"https:\/\/www.slovaklinesmagazin.sk\/cms\/wp-json\/wp\/v2\/comments?post=72515"}],"version-history":[{"count":1,"href":"https:\/\/www.slovaklinesmagazin.sk\/cms\/wp-json\/wp\/v2\/posts\/72515\/revisions"}],"predecessor-version":[{"id":72538,"href":"https:\/\/www.slovaklinesmagazin.sk\/cms\/wp-json\/wp\/v2\/posts\/72515\/revisions\/72538"}],"wp:featuredmedia":[{"embeddable":true,"href":"https:\/\/www.slovaklinesmagazin.sk\/cms\/wp-json\/wp\/v2\/media\/72529"}],"wp:attachment":[{"href":"https:\/\/www.slovaklinesmagazin.sk\/cms\/wp-json\/wp\/v2\/media?parent=72515"}],"wp:term":[{"taxonomy":"category","embeddable":true,"href":"https:\/\/www.slovaklinesmagazin.sk\/cms\/wp-json\/wp\/v2\/categories?post=72515"},{"taxonomy":"post_tag","embeddable":true,"href":"https:\/\/www.slovaklinesmagazin.sk\/cms\/wp-json\/wp\/v2\/tags?post=72515"}],"curies":[{"name":"wp","href":"https:\/\/api.w.org\/{rel}","templated":true}]}}