{"id":72571,"date":"2016-03-04T23:57:36","date_gmt":"2016-03-04T21:57:36","guid":{"rendered":"http:\/\/slovaklinesmagazin.sk\/cms\/?p=72571"},"modified":"2016-03-04T23:57:36","modified_gmt":"2016-03-04T21:57:36","slug":"mala-frida","status":"publish","type":"post","link":"https:\/\/www.slovaklinesmagazin.sk\/cms\/2016\/03\/mala-frida\/","title":{"rendered":"Mal\u00e1 Frida"},"content":{"rendered":"<p><span style=\"color: #000000; font-family: Calibri;\">Uzn\u00e1van\u00fa a\u00a0svojsk\u00fa svetov\u00fa umelky\u0148u Fridu Kahlo pozn\u00e1 h\u00e1dam ka\u017ed\u00fd. Jej jedine\u010dn\u00e1 tv\u00e1r s\u00a0hisp\u00e1nskymi \u010drtami a v\u00fdrazn\u00fdm obo\u010d\u00edm, ktor\u00e9 ju symbolizuje, je zn\u00e1ma po celkom svete nielen milovn\u00edkom umenia. Je to aj preto, \u017ee Frida vytvorila aj nieko\u013eko zn\u00e1mych autoportr\u00e9tov. Ned\u00e1vno v\u0161ak boli na webe odhalen\u00e9 sn\u00edmky jej detstva, kde je \u013eahko rozpoznate\u013en\u00e1 najm\u00e4 v\u010faka hrub\u00e9mu obo\u010diu. Na sn\u00edmkach je mal\u00e1 Frida vo svojom rodnom meste Casa Azul, kde sa hr\u00e1 so svojimi b\u00e1bikami a sestrami, predt\u00fdm, ne\u017e z\u00a0nej vyr\u00e1stla v\u00fdznamn\u00e1 osobnos\u0165 vo svete umenia. Autorom fotografi\u00ed nie je nik in\u00fd ako jej otec Guillermo Kahlo. <\/span><\/p>\n<p><img decoding=\"async\" class=\"alignnone\" src=\"http:\/\/slovaklinesmagazin.sk\/cms\/wp-content\/uploads\/2016\/03\/1-4.jpg\" alt=\"1\" \/> <img decoding=\"async\" class=\"alignnone\" src=\"http:\/\/slovaklinesmagazin.sk\/cms\/wp-content\/uploads\/2016\/03\/2-4.jpg\" alt=\"2\" \/> <img decoding=\"async\" class=\"alignnone\" src=\"http:\/\/slovaklinesmagazin.sk\/cms\/wp-content\/uploads\/2016\/03\/3-4.jpg\" alt=\"3\" \/> <img decoding=\"async\" class=\"alignnone\" src=\"http:\/\/slovaklinesmagazin.sk\/cms\/wp-content\/uploads\/2016\/03\/5-4.jpg\" alt=\"5\" \/> <img decoding=\"async\" class=\"alignnone\" src=\"http:\/\/slovaklinesmagazin.sk\/cms\/wp-content\/uploads\/2016\/03\/6-4.jpg\" alt=\"6\" \/> <img decoding=\"async\" class=\"alignnone\" src=\"http:\/\/slovaklinesmagazin.sk\/cms\/wp-content\/uploads\/2016\/03\/7-4.jpg\" alt=\"7\" \/> <img decoding=\"async\" class=\"alignnone\" src=\"http:\/\/slovaklinesmagazin.sk\/cms\/wp-content\/uploads\/2016\/03\/8-4.jpg\" alt=\"8\" \/> <img decoding=\"async\" class=\"alignnone\" src=\"http:\/\/slovaklinesmagazin.sk\/cms\/wp-content\/uploads\/2016\/03\/9-4.jpg\" alt=\"9\" \/> <img decoding=\"async\" class=\"alignnone\" src=\"http:\/\/slovaklinesmagazin.sk\/cms\/wp-content\/uploads\/2016\/03\/10-4.jpg\" alt=\"10\" \/><\/p>\n","protected":false},"excerpt":{"rendered":"<p>Uzn\u00e1van\u00fa a\u00a0svojsk\u00fa svetov\u00fa umelky\u0148u Fridu Kahlo pozn\u00e1 h\u00e1dam ka\u017ed\u00fd. Jej jedine\u010dn\u00e1 tv\u00e1r s\u00a0hisp\u00e1nskymi \u010drtami a v\u00fdrazn\u00fdm obo\u010d\u00edm, ktor\u00e9 ju symbolizuje, je zn\u00e1ma po celkom svete nielen milovn\u00edkom umenia. Je to aj preto, \u017ee Frida vytvorila aj nieko\u013eko zn\u00e1mych autoportr\u00e9tov. Ned\u00e1vno v\u0161ak boli na webe odhalen\u00e9 sn\u00edmky jej detstva, kde je \u013eahko rozpoznate\u013en\u00e1 najm\u00e4 v\u010faka hrub\u00e9mu [&hellip;]<\/p>\n","protected":false},"author":9,"featured_media":72575,"comment_status":"closed","ping_status":"closed","sticky":false,"template":"","format":"standard","meta":{"footnotes":""},"categories":[9,48],"tags":[],"class_list":["post-72571","post","type-post","status-publish","format-standard","has-post-thumbnail","hentry","category-lifestyle","category-umenie-a-kultura","eq-blocks"],"_links":{"self":[{"href":"https:\/\/www.slovaklinesmagazin.sk\/cms\/wp-json\/wp\/v2\/posts\/72571","targetHints":{"allow":["GET"]}}],"collection":[{"href":"https:\/\/www.slovaklinesmagazin.sk\/cms\/wp-json\/wp\/v2\/posts"}],"about":[{"href":"https:\/\/www.slovaklinesmagazin.sk\/cms\/wp-json\/wp\/v2\/types\/post"}],"author":[{"embeddable":true,"href":"https:\/\/www.slovaklinesmagazin.sk\/cms\/wp-json\/wp\/v2\/users\/9"}],"replies":[{"embeddable":true,"href":"https:\/\/www.slovaklinesmagazin.sk\/cms\/wp-json\/wp\/v2\/comments?post=72571"}],"version-history":[{"count":1,"href":"https:\/\/www.slovaklinesmagazin.sk\/cms\/wp-json\/wp\/v2\/posts\/72571\/revisions"}],"predecessor-version":[{"id":72582,"href":"https:\/\/www.slovaklinesmagazin.sk\/cms\/wp-json\/wp\/v2\/posts\/72571\/revisions\/72582"}],"wp:featuredmedia":[{"embeddable":true,"href":"https:\/\/www.slovaklinesmagazin.sk\/cms\/wp-json\/wp\/v2\/media\/72575"}],"wp:attachment":[{"href":"https:\/\/www.slovaklinesmagazin.sk\/cms\/wp-json\/wp\/v2\/media?parent=72571"}],"wp:term":[{"taxonomy":"category","embeddable":true,"href":"https:\/\/www.slovaklinesmagazin.sk\/cms\/wp-json\/wp\/v2\/categories?post=72571"},{"taxonomy":"post_tag","embeddable":true,"href":"https:\/\/www.slovaklinesmagazin.sk\/cms\/wp-json\/wp\/v2\/tags?post=72571"}],"curies":[{"name":"wp","href":"https:\/\/api.w.org\/{rel}","templated":true}]}}