{"id":72615,"date":"2016-03-09T17:03:37","date_gmt":"2016-03-09T15:03:37","guid":{"rendered":"http:\/\/slovaklinesmagazin.sk\/cms\/?p=72615"},"modified":"2016-03-09T17:05:23","modified_gmt":"2016-03-09T15:05:23","slug":"bratislavsky-region-cestuje-do-berlina","status":"publish","type":"post","link":"https:\/\/www.slovaklinesmagazin.sk\/cms\/2016\/03\/bratislavsky-region-cestuje-do-berlina\/","title":{"rendered":"Bratislavsk\u00fd regi\u00f3n cestuje do Berl\u00edna!"},"content":{"rendered":"<p>Krajsk\u00e1 organiz\u00e1cia cestovn\u00e9ho ruchu Bratislava Region Tourism bude v d\u0148och <strong>9. \u2013 13. marca 2016<\/strong> prezentova\u0165 bohat\u00fa turistick\u00fa ponuku bratislavsk\u00e9ho regi\u00f3nu na jednom z\u00a0najv\u00e4\u010d\u0161\u00edch podujat\u00ed cestovn\u00e9ho ruchu svojho druhu na svete \u2013 ITB Berl\u00edn.<\/p>\n<p><strong><em>\u201eNemeck\u00ed turisti s\u00fa pre bratislavsk\u00fd regi\u00f3n ve\u013emi cenn\u00ed. Pod\u013ea \u0161tatist\u00edk z\u00a01.-3. \u0161tvr\u0165roku 2015 sa Nemecko v\u00a0bratislavskom regi\u00f3ne umiestnilo na 3. mieste v\u00a0po\u010dte n\u00e1v\u0161tevn\u00edkov v\u00a0ubytovac\u00edch zariadeniach. Po\u010det nemeck\u00fdch n\u00e1v\u0161tevn\u00edkov sa tak oproti 1.-3. \u0161tvr\u0165roku 2014 zv\u00fd\u0161il takmer o\u00a025 %. Tento z\u00e1ujem o\u00a0na\u0161u destin\u00e1ciu n\u00e1s ve\u013emi te\u0161\u00ed. Je to pre n\u00e1s z\u00e1v\u00e4zok, aby sme slu\u017eby a\u00a0povedomie o\u00a0bratislavskom regi\u00f3ne neust\u00e1le zvy\u0161ovali,\u201c<\/em><\/strong> poznamenal v\u00fdkonn\u00fd riadite\u013e\u00a0 krajskej organiz\u00e1cie cestovn\u00e9ho ruchu Bratislava Region Tourism Luk\u00e1\u0161 Dobrock\u00fd.<\/p>\n<p style=\"text-align: center;\"><img loading=\"lazy\" decoding=\"async\" class=\"aligncenter\" src=\"http:\/\/slovaklinesmagazin.sk\/cms\/wp-content\/uploads\/2016\/03\/ITB-Berlin-2.jpg\" alt=\"\" width=\"644\" height=\"483\" \/><\/p>\n<p>&nbsp;<\/p>\n<p><strong>V\u010faka podpore Krajskej organiz\u00e1cie cestovn\u00e9ho ruchu Bratislava Region Tourism <\/strong>sa ve\u013etrhu ITB Berl\u00edn <strong>z\u00fa\u010dastnia aj \u0161tudenti Ekonomickej univerzity v\u00a0Bratislave<\/strong>. Cie\u013eom \u00fa\u010dasti \u0161tudentov je obozn\u00e1mi\u0165 bud\u00facich potenci\u00e1lnych zamestnancov v oblasti cestovn\u00e9ho ruchu o fungovan\u00ed prezent\u00e1cie destin\u00e1cie v zahrani\u010d\u00ed.<\/p>\n<p>Medzin\u00e1rodn\u00fd ve\u013etrh cestovn\u00e9ho ruchu ITB Berl\u00edn otv\u00e1ra svoje br\u00e1ny u\u017e od roku 1966, tento ro\u010dn\u00edk je teda u\u017e p\u00e4\u0165desiaty. Ve\u013etrh predstavuje f\u00f3rum pre efekt\u00edvne B2B stretnutia odborn\u00edkov zo v\u0161etk\u00fdch oblast\u00ed turizmu a\u00a0cestovania. Na ITB je mo\u017en\u00e9 z\u00edska\u0165 kvalitn\u00e9 obchodn\u00e9 kontakty a\u00a0aktu\u00e1lne inform\u00e1cie v\u00a0kr\u00e1tkom \u010dase a \u201epod jednou strechou\u201c. V\u00a0r\u00e1mci odborn\u00e9ho sprievodn\u00e9ho programu sa organizuje mno\u017estvo podujat\u00ed, prezent\u00e1ci\u00ed, predn\u00e1\u0161ok a semin\u00e1rov \u0161pecializovan\u00fdch na vybran\u00e9 segmenty medzin\u00e1rodn\u00e9ho cestovn\u00e9ho ruchu.<\/p>\n<p>V\u00a0minulom roku pril\u00e1kal ITB Berl\u00edn okolo <strong>175 tis. n\u00e1v\u0161tevn\u00edkov z\u00a0cel\u00e9ho sveta<\/strong>. V\u00a026-tich hal\u00e1ch na ploche 160.000 m<sup>2 <\/sup>\u00a0mali n\u00e1v\u0161tevn\u00edci mo\u017enos\u0165 nav\u0161t\u00edvi\u0165 prezent\u00e1cie 10.096 vystavovate\u013eov zo <strong>186 kraj\u00edn. <\/strong><\/p>\n<p><strong>Bratislavsk\u00fd regi\u00f3n<\/strong> predstav\u00ed svoje kr\u00e1sy a\u00a0mo\u017enosti pre tr\u00e1venie vo\u013en\u00e9ho \u010dasu na spolo\u010dnej<strong> expoz\u00edci\u00ed Slovenskej agent\u00fary pre cestovn\u00fd ruch,<\/strong> ktor\u00e1 zdru\u017euje komplexn\u00fa ponuku cestovn\u00e9ho ruchu na Slovensku. Expoz\u00edciu n\u00e1jdete v\u00a0<strong>hale 7.2b, st\u00e1nok 103<\/strong>.<\/p>\n<p>&nbsp;<\/p>\n<p style=\"text-align: center;\"><strong><u><img decoding=\"async\" class=\"aligncenter\" src=\"http:\/\/slovaklinesmagazin.sk\/cms\/wp-content\/uploads\/2016\/03\/ITB-Berlin-3.jpg\" alt=\"\" \/><\/u><\/strong><\/p>\n<p style=\"text-align: center;\"><img loading=\"lazy\" decoding=\"async\" class=\"aligncenter\" src=\"http:\/\/slovaklinesmagazin.sk\/cms\/wp-content\/uploads\/2016\/03\/ITB-Berlin-4-1024x768.jpg\" alt=\"ITB Berlin 4\" width=\"569\" height=\"426\" \/><\/p>\n<p>&nbsp;<\/p>\n<p><strong><u>Inform\u00e1cie o\u00a0ve\u013etrhu ITB Berl\u00edn:<\/u><\/strong><\/p>\n<p><strong>Miesto konania:<\/strong> V\u00fdstavisko \u2013 Messe Berl\u00edn, Messedamm 22, 14055 Berl\u00edn<\/p>\n<p><strong>Otv\u00e1racie hodiny: <\/strong>10:00 \u2013 18:00<\/p>\n<p><strong>Odborn\u00e1 verejnos\u0165:<\/strong> 9.3. \u2013 11.3.2016<\/p>\n<p><strong>\u0160irok\u00e1 verejnos\u0165:<\/strong> 12.3. \u2013 13.3.2016<\/p>\n<p>&nbsp;<\/p>\n","protected":false},"excerpt":{"rendered":"<p>Krajsk\u00e1 organiz\u00e1cia cestovn\u00e9ho ruchu Bratislava Region Tourism bude v d\u0148och 9. \u2013 13. marca 2016 prezentova\u0165 bohat\u00fa turistick\u00fa ponuku bratislavsk\u00e9ho regi\u00f3nu na jednom z\u00a0najv\u00e4\u010d\u0161\u00edch podujat\u00ed cestovn\u00e9ho ruchu svojho druhu na svete \u2013 ITB Berl\u00edn. \u201eNemeck\u00ed turisti s\u00fa pre bratislavsk\u00fd regi\u00f3n ve\u013emi cenn\u00ed. Pod\u013ea \u0161tatist\u00edk z\u00a01.-3. \u0161tvr\u0165roku 2015 sa Nemecko v\u00a0bratislavskom regi\u00f3ne umiestnilo na 3. mieste [&hellip;]<\/p>\n","protected":false},"author":7,"featured_media":72616,"comment_status":"closed","ping_status":"closed","sticky":false,"template":"","format":"standard","meta":{"footnotes":""},"categories":[3,13,46,45,11],"tags":[],"class_list":["post-72615","post","type-post","status-publish","format-standard","has-post-thumbnail","hentry","category-bussiness","category-real-estate","category-gastronomia","category-nas-tip","category-news","eq-blocks"],"_links":{"self":[{"href":"https:\/\/www.slovaklinesmagazin.sk\/cms\/wp-json\/wp\/v2\/posts\/72615","targetHints":{"allow":["GET"]}}],"collection":[{"href":"https:\/\/www.slovaklinesmagazin.sk\/cms\/wp-json\/wp\/v2\/posts"}],"about":[{"href":"https:\/\/www.slovaklinesmagazin.sk\/cms\/wp-json\/wp\/v2\/types\/post"}],"author":[{"embeddable":true,"href":"https:\/\/www.slovaklinesmagazin.sk\/cms\/wp-json\/wp\/v2\/users\/7"}],"replies":[{"embeddable":true,"href":"https:\/\/www.slovaklinesmagazin.sk\/cms\/wp-json\/wp\/v2\/comments?post=72615"}],"version-history":[{"count":1,"href":"https:\/\/www.slovaklinesmagazin.sk\/cms\/wp-json\/wp\/v2\/posts\/72615\/revisions"}],"predecessor-version":[{"id":72620,"href":"https:\/\/www.slovaklinesmagazin.sk\/cms\/wp-json\/wp\/v2\/posts\/72615\/revisions\/72620"}],"wp:featuredmedia":[{"embeddable":true,"href":"https:\/\/www.slovaklinesmagazin.sk\/cms\/wp-json\/wp\/v2\/media\/72616"}],"wp:attachment":[{"href":"https:\/\/www.slovaklinesmagazin.sk\/cms\/wp-json\/wp\/v2\/media?parent=72615"}],"wp:term":[{"taxonomy":"category","embeddable":true,"href":"https:\/\/www.slovaklinesmagazin.sk\/cms\/wp-json\/wp\/v2\/categories?post=72615"},{"taxonomy":"post_tag","embeddable":true,"href":"https:\/\/www.slovaklinesmagazin.sk\/cms\/wp-json\/wp\/v2\/tags?post=72615"}],"curies":[{"name":"wp","href":"https:\/\/api.w.org\/{rel}","templated":true}]}}