{"id":73214,"date":"2016-04-01T11:58:13","date_gmt":"2016-04-01T09:58:13","guid":{"rendered":"http:\/\/slovaklinesmagazin.sk\/cms\/?p=73214"},"modified":"2016-04-01T11:58:13","modified_gmt":"2016-04-01T09:58:13","slug":"zacina-sa-prihlasovanie-timov-do-sutaze-do-prace-na-bicykli-2016","status":"publish","type":"post","link":"https:\/\/www.slovaklinesmagazin.sk\/cms\/2016\/04\/zacina-sa-prihlasovanie-timov-do-sutaze-do-prace-na-bicykli-2016\/","title":{"rendered":"Za\u010d\u00edna sa prihlasovanie t\u00edmov do s\u00fa\u0165a\u017ee Do pr\u00e1ce na bicykli 2016"},"content":{"rendered":"<p><strong>Bratislava (1. apr\u00edla 2016) \u2013 Jarn\u00e9 po\u010dasie l\u00e1ka do ul\u00edc nielen viac \u013eud\u00ed, ale aj cyklistov. Ministerstvo dopravy v\u00a0r\u00e1mci tohtoro\u010dnej kampane Do pr\u00e1ce na bicykli oddnes sp\u00fa\u0161\u0165a prihlasovanie t\u00edmov. S\u00fa\u0165a\u017ei\u0165 m\u00f4\u017eu dvoj a\u017e \u0161tvor\u010dlenn\u00e9 t\u00edmy zamestnancov firiem, in\u0161tit\u00faci\u00ed \u010di organiz\u00e1ci\u00ed v t\u00fdch\u00a0mest\u00e1ch, ktor\u00e9 sa do s\u00fa\u0165a\u017ee u\u017e zaregistrovali. <\/strong><\/p>\n<p><!--more--><\/p>\n<p><strong>K\u00a0dne\u0161n\u00e9mu d\u0148u je to celkom 44 slovensk\u00fdch miest.\u00a0 \u010eal\u0161ie tak m\u00f4\u017eu urobi\u0165 do 15. apr\u00edla na str\u00e1nke <\/strong><a href=\"http:\/\/www.dopracenabicykli.eu\"><strong>www.dopracenabicykli.eu<\/strong><\/a><strong>. Tv\u00e1rou tohtoro\u010dnej kampane je herec a\u00a0re\u017eis\u00e9r Juraj Nvota.<\/strong><\/p>\n<p><em>\u201eVer\u00edm, \u017ee st\u00e1le viac \u013eud\u00ed \u010doskoro objav\u00ed ten radostn\u00fd pocit slobody a\u00a0nez\u00e1vislosti,\u201c <\/em>odkazuje herec a\u00a0re\u017eis\u00e9r Juraj Nvota v\u0161etk\u00fdm, ktor\u00ed v m\u00e1ji vysk\u00fa\u0161aj\u00fa presadn\u00fa\u0165 na bicykel. Do s\u00fa\u0165a\u017ee sa m\u00f4\u017ee zapoji\u0165 ka\u017ed\u00fd, kto bude v\u00a0m\u00e1ji do pr\u00e1ce cestova\u0165 pe\u0161o, na kolobe\u017eke, kor\u010duliach \u010di MHD. Jednoducho inak, ne\u017e autom. Z\u00e1merom kampane je podpori\u0165 udr\u017eate\u013en\u00e9 formy dopravy v\u00a0na\u0161ich mest\u00e1ch a\u00a0upozorni\u0165 samospr\u00e1vy na potrebu rozvoja pe\u0161ej a cyklistickej infra\u0161trukt\u00fary a zamestn\u00e1vate\u013eov na potrebu vytv\u00e1rania vhodn\u00fdch podmienok pre cyklistov na pracovisk\u00e1ch.<\/p>\n<p>Dvoj a\u017e \u0161tvor\u010dlenn\u00e9 t\u00edmy zamestnancov z\u00a0registrovan\u00fdch slovensk\u00fdch miest maj\u00fa mo\u017enos\u0165 prihl\u00e1si\u0165 sa do s\u00fa\u0165a\u017ee do 26. apr\u00edla. <em>\u201ePrinc\u00edpom s\u00fa\u0165a\u017ee nie je dosiahnu\u0165 najvy\u0161\u0161ie \u010d\u00edsla najazden\u00fdch kilometrov, ale predov\u0161etk\u00fdm zapoji\u0165 do aktiv\u00edt \u010do najviac zamestnancov a uk\u00e1za\u0165 im, \u017ee cesta do pr\u00e1ce bicyklom m\u00f4\u017ee by\u0165 ve\u013emi pr\u00edjemn\u00fdm \u0161tartom, ale aj z\u00e1verom pracovn\u00e9ho d\u0148a,\u201c<\/em> vysvet\u013euje n\u00e1rodn\u00fd cyklokoordin\u00e1tor Peter Klu\u010dka.<\/p>\n<p>S\u00fa\u0165a\u017e podporuje vyu\u017eitie bicyklov na pravideln\u00e9 doch\u00e1dzanie do pr\u00e1ce u\u017e nieko\u013eko rokov. V\u00a0minulom roku sa do kampane zapojilo 2870 s\u00fa\u0165a\u017eiacich v\u00a0916-tich t\u00edmoch z\u00a0celkovo 55-tich slovensk\u00fdch miest. Kampa\u0148 vyhlasuje n\u00e1rodn\u00fd cyklokoordin\u00e1tor z Ministerstva dopravy, v\u00fdstavby a region\u00e1lneho rozvoja SR v spolupr\u00e1ci s ob\u010dianskym zdru\u017een\u00edm OCI BB z Banskej Bystrice.<\/p>\n<p><strong>\u00a0<\/strong><\/p>\n<p><strong>Odbor komunik\u00e1cie <\/strong><\/p>\n<p><strong>Ministerstvo dopravy, v\u00fdstavby a\u00a0region\u00e1lneho rozvoja SR<\/strong><\/p>\n<p><strong><em>\u017del\u00e1te si by\u0165 informovan\u00ed o\u00a0aktu\u00e1lnom dian\u00ed v\u00a0rezorte? Sledujte n\u00e1s na soci\u00e1lnych sie\u0165ach <\/em><\/strong><a href=\"https:\/\/www.facebook.com\/ministerstvo.dopravy#!\/ministerstvo.dopravy\"><strong><em>Facebook<\/em><\/strong><\/a><strong><em> a <\/em><\/strong><a href=\"https:\/\/twitter.com\/mindop_sk\"><strong><em>Twitter<\/em><\/strong><\/a><strong><em>.<\/em><\/strong><\/p>\n<p><strong>\u00a0<\/strong><\/p>\n","protected":false},"excerpt":{"rendered":"<p>Bratislava (1. apr\u00edla 2016) \u2013 Jarn\u00e9 po\u010dasie l\u00e1ka do ul\u00edc nielen viac \u013eud\u00ed, ale aj cyklistov. Ministerstvo dopravy v\u00a0r\u00e1mci tohtoro\u010dnej kampane Do pr\u00e1ce na bicykli oddnes sp\u00fa\u0161\u0165a prihlasovanie t\u00edmov. S\u00fa\u0165a\u017ei\u0165 m\u00f4\u017eu dvoj a\u017e \u0161tvor\u010dlenn\u00e9 t\u00edmy zamestnancov firiem, in\u0161tit\u00faci\u00ed \u010di organiz\u00e1ci\u00ed v t\u00fdch\u00a0mest\u00e1ch, ktor\u00e9 sa do s\u00fa\u0165a\u017ee u\u017e zaregistrovali.<\/p>\n","protected":false},"author":7,"featured_media":0,"comment_status":"closed","ping_status":"closed","sticky":false,"template":"","format":"standard","meta":{"footnotes":""},"categories":[11,52,14],"tags":[],"class_list":["post-73214","post","type-post","status-publish","format-standard","hentry","category-news","category-outdoor","category-sport","eq-blocks"],"_links":{"self":[{"href":"https:\/\/www.slovaklinesmagazin.sk\/cms\/wp-json\/wp\/v2\/posts\/73214","targetHints":{"allow":["GET"]}}],"collection":[{"href":"https:\/\/www.slovaklinesmagazin.sk\/cms\/wp-json\/wp\/v2\/posts"}],"about":[{"href":"https:\/\/www.slovaklinesmagazin.sk\/cms\/wp-json\/wp\/v2\/types\/post"}],"author":[{"embeddable":true,"href":"https:\/\/www.slovaklinesmagazin.sk\/cms\/wp-json\/wp\/v2\/users\/7"}],"replies":[{"embeddable":true,"href":"https:\/\/www.slovaklinesmagazin.sk\/cms\/wp-json\/wp\/v2\/comments?post=73214"}],"version-history":[{"count":1,"href":"https:\/\/www.slovaklinesmagazin.sk\/cms\/wp-json\/wp\/v2\/posts\/73214\/revisions"}],"predecessor-version":[{"id":73215,"href":"https:\/\/www.slovaklinesmagazin.sk\/cms\/wp-json\/wp\/v2\/posts\/73214\/revisions\/73215"}],"wp:attachment":[{"href":"https:\/\/www.slovaklinesmagazin.sk\/cms\/wp-json\/wp\/v2\/media?parent=73214"}],"wp:term":[{"taxonomy":"category","embeddable":true,"href":"https:\/\/www.slovaklinesmagazin.sk\/cms\/wp-json\/wp\/v2\/categories?post=73214"},{"taxonomy":"post_tag","embeddable":true,"href":"https:\/\/www.slovaklinesmagazin.sk\/cms\/wp-json\/wp\/v2\/tags?post=73214"}],"curies":[{"name":"wp","href":"https:\/\/api.w.org\/{rel}","templated":true}]}}