{"id":73216,"date":"2016-04-04T10:19:59","date_gmt":"2016-04-04T08:19:59","guid":{"rendered":"http:\/\/slovaklinesmagazin.sk\/cms\/?p=73216"},"modified":"2016-04-04T10:19:59","modified_gmt":"2016-04-04T08:19:59","slug":"stranik-turisticka-lavka-a-pristresok-pre-skvele-vyhlady","status":"publish","type":"post","link":"https:\/\/www.slovaklinesmagazin.sk\/cms\/2016\/04\/stranik-turisticka-lavka-a-pristresok-pre-skvele-vyhlady\/","title":{"rendered":"Stran\u00edk \u2013 turistick\u00e1 l\u00e1vka a pr\u00edstre\u0161ok pre skvel\u00e9 v\u00fdh\u013eady"},"content":{"rendered":"<p>Dod\u00e1vate\u013e v\u00a0t\u00fdchto d\u0148och dokon\u010duje najv\u00e4\u010d\u0161iu invest\u00edciu oblastnej organiz\u00e1cie cestovn\u00e9ho ruchu Mal\u00e1 Fatra v\u00a0tomto roku \u2013 turistick\u00fa l\u00e1vku s\u00a0pr\u00edstre\u0161kom na Stran\u00edku.<\/p>\n<p>Na po\u010diatku bola my\u0161lienka mesta \u017dilina vytvorenia turistickej vyhliadky na Stran\u00edku. Ke\u010f\u017ee je tento priestor s\u00fa\u010das\u0165ou N\u00e1rodnej kult\u00farnej pamiatky (okolo 10.-12. st. pred na\u0161im letopo\u010dtom tu vzniklo hradisko V\u00fd\u0161inn\u00e9), bolo prirodzen\u00e9 rozhodnutie prist\u00fapi\u0165 k\u00a0celej my\u0161lienke mimoriadne zodpovedne. Organiz\u00e1cia cestovn\u00e9ho ruchu Mal\u00e1 Fatra, ktorej je mesto \u017dilina v\u00fdznamn\u00fdm \u010dlenom, tak zorganizovala workshop na t\u00e9mu Stran\u00edk &#8211; turistick\u00e1 vyhliadka, ktor\u00e9ho sa z\u00fa\u010dastnili mlad\u00ed architekti, pamiatkari, dizajn\u00e9ri i\u00a0pracovn\u00edci mestsk\u00e9ho \u00faradu. Na z\u00e1klade workshopu vznikol n\u00e1vrh vytvorenia l\u00e1vky a\u00a0pr\u00edstre\u0161ku na Stran\u00edku, ktor\u00e1 bude re\u0161pektova\u0165 v\u00fdznam NKP, po\u017eiadavky vlastn\u00edkov pozemkov i\u00a0paraglidistov v\u00a0tomto \u00fazem\u00ed.<\/p>\n<p>&nbsp;<\/p>\n<p style=\"text-align: center;\"><img loading=\"lazy\" decoding=\"async\" class=\"aligncenter\" src=\"http:\/\/slovaklinesmagazin.sk\/cms\/wp-content\/uploads\/2016\/04\/Foto-lavka-01-1024x768.jpg\" alt=\"\" width=\"845\" height=\"634\" \/><\/p>\n<p>V\u00a0rokoch 2014 a\u00a02015 prebehlo vypracovanie projektovej dokument\u00e1cie (Ing. Michal Marcinov, Andrej Badin, Zuzana Demovi\u010dov\u00e1, Ing. arch. Peter L\u00e9nyi, Ing. arch. Ondrej Marko, Ing. arch. Mari\u00e1n Luck\u00fd) a realizoval sa archeologick\u00fd v\u00fdskum (VIA MAGNA, s.r.o.), z\u00a0ktor\u00e9ho sa n\u00e1m uk\u00e1zali nov\u00e9 mo\u017enosti turistick\u00e9ho vyu\u017eitia lokality Stran\u00edk do bud\u00facna.<\/p>\n<p>Na jese\u0148 roku 2015 na z\u00e1klade verejn\u00e9ho obstar\u00e1vania za\u010dala spolo\u010dnos\u0165 SOAR spol. s r.o. s\u00a0realiz\u00e1ciou l\u00e1vky a\u00a0pr\u00edstre\u0161ku na Stran\u00edku.<\/p>\n<p style=\"text-align: center;\"><img decoding=\"async\" class=\"aligncenter\" src=\"http:\/\/slovaklinesmagazin.sk\/cms\/wp-content\/uploads\/2016\/04\/Foto-lavka-02.jpg\" alt=\"\" \/><\/p>\n<p>&nbsp;<\/p>\n<p>Peter \u0160im\u010d\u00e1k, v\u00fdkonn\u00fd riadite\u013e OOCR Mal\u00e1 Fatra: \u201eOd invest\u00edcie o\u010dak\u00e1vame v\u00fdrazn\u00e9 zatrakt\u00edvnenie turistick\u00e9ho potenci\u00e1lu na\u0161ich \u010dlenov mesta \u017dilina a\u00a0obce Tepli\u010dka nad V\u00e1hom. Na Stran\u00edk bude mo\u017en\u00e1 pr\u00edjemn\u00e1 prech\u00e1dzka aj pre rodiny s\u00a0de\u0165mi, \u010di star\u0161\u00edch \u013eud\u00ed, ktor\u00ed sa bud\u00fa m\u00f4c\u0165 bezpe\u010dne a\u00a0komfortne dosta\u0165 na kopec s\u00a0najkraj\u0161\u00edm v\u00fdh\u013eadom na hrebe\u0148 Malej Fatry, Terchovsk\u00fa dolinu, \u017dilinu a\u017e po Javorn\u00edky.\u201c<\/p>\n<p>Celkov\u00e1 invest\u00edcia od workshopu, cez projektovanie a\u00a0archeologick\u00fd v\u00fdskum, a\u017e po realiz\u00e1ciu l\u00e1vky je financovan\u00e1 z\u00a0rozpo\u010dtu oblastnej organiz\u00e1cie cestovn\u00e9ho ruchu Mal\u00e1 Fatra a\u00a0dosiahne 71.590Eur.<\/p>\n<p>Sl\u00e1vnostn\u00e9 otvorenie l\u00e1vky na Stran\u00edku sa bude kona\u0165 9.4.2016 o\u00a014:00 hod. priamo na Stran\u00edku po\u010das podujatia \u017dilinsk\u00e1 1000ka.<\/p>\n<p style=\"text-align: center;\"><img loading=\"lazy\" decoding=\"async\" class=\"aligncenter\" src=\"http:\/\/slovaklinesmagazin.sk\/cms\/wp-content\/uploads\/2016\/04\/Stranik-projekt-nakres.jpg\" alt=\"\" width=\"693\" height=\"554\" \/><\/p>\n<p style=\"text-align: center;\"><img loading=\"lazy\" decoding=\"async\" class=\"aligncenter\" src=\"http:\/\/slovaklinesmagazin.sk\/cms\/wp-content\/uploads\/2016\/04\/MF-logo-3_CMYK-black-300.jpg\" alt=\"\" width=\"225\" height=\"140\" \/><\/p>\n","protected":false},"excerpt":{"rendered":"<p>Dod\u00e1vate\u013e v\u00a0t\u00fdchto d\u0148och dokon\u010duje najv\u00e4\u010d\u0161iu invest\u00edciu oblastnej organiz\u00e1cie cestovn\u00e9ho ruchu Mal\u00e1 Fatra v\u00a0tomto roku \u2013 turistick\u00fa l\u00e1vku s\u00a0pr\u00edstre\u0161kom na Stran\u00edku. Na po\u010diatku bola my\u0161lienka mesta \u017dilina vytvorenia turistickej vyhliadky na Stran\u00edku. Ke\u010f\u017ee je tento priestor s\u00fa\u010das\u0165ou N\u00e1rodnej kult\u00farnej pamiatky (okolo 10.-12. st. pred na\u0161im letopo\u010dtom tu vzniklo hradisko V\u00fd\u0161inn\u00e9), bolo prirodzen\u00e9 rozhodnutie prist\u00fapi\u0165 k\u00a0celej my\u0161lienke [&hellip;]<\/p>\n","protected":false},"author":7,"featured_media":73217,"comment_status":"closed","ping_status":"closed","sticky":false,"template":"","format":"standard","meta":{"footnotes":""},"categories":[13,52,56],"tags":[],"class_list":["post-73216","post","type-post","status-publish","format-standard","has-post-thumbnail","hentry","category-real-estate","category-outdoor","category-priroda","eq-blocks"],"_links":{"self":[{"href":"https:\/\/www.slovaklinesmagazin.sk\/cms\/wp-json\/wp\/v2\/posts\/73216","targetHints":{"allow":["GET"]}}],"collection":[{"href":"https:\/\/www.slovaklinesmagazin.sk\/cms\/wp-json\/wp\/v2\/posts"}],"about":[{"href":"https:\/\/www.slovaklinesmagazin.sk\/cms\/wp-json\/wp\/v2\/types\/post"}],"author":[{"embeddable":true,"href":"https:\/\/www.slovaklinesmagazin.sk\/cms\/wp-json\/wp\/v2\/users\/7"}],"replies":[{"embeddable":true,"href":"https:\/\/www.slovaklinesmagazin.sk\/cms\/wp-json\/wp\/v2\/comments?post=73216"}],"version-history":[{"count":1,"href":"https:\/\/www.slovaklinesmagazin.sk\/cms\/wp-json\/wp\/v2\/posts\/73216\/revisions"}],"predecessor-version":[{"id":73222,"href":"https:\/\/www.slovaklinesmagazin.sk\/cms\/wp-json\/wp\/v2\/posts\/73216\/revisions\/73222"}],"wp:featuredmedia":[{"embeddable":true,"href":"https:\/\/www.slovaklinesmagazin.sk\/cms\/wp-json\/wp\/v2\/media\/73217"}],"wp:attachment":[{"href":"https:\/\/www.slovaklinesmagazin.sk\/cms\/wp-json\/wp\/v2\/media?parent=73216"}],"wp:term":[{"taxonomy":"category","embeddable":true,"href":"https:\/\/www.slovaklinesmagazin.sk\/cms\/wp-json\/wp\/v2\/categories?post=73216"},{"taxonomy":"post_tag","embeddable":true,"href":"https:\/\/www.slovaklinesmagazin.sk\/cms\/wp-json\/wp\/v2\/tags?post=73216"}],"curies":[{"name":"wp","href":"https:\/\/api.w.org\/{rel}","templated":true}]}}