{"id":73238,"date":"2016-04-05T08:56:07","date_gmt":"2016-04-05T06:56:07","guid":{"rendered":"http:\/\/slovaklinesmagazin.sk\/cms\/?p=73238"},"modified":"2016-04-05T08:56:07","modified_gmt":"2016-04-05T06:56:07","slug":"zajtra-sa-zacina-festival-hory-a-mesto","status":"publish","type":"post","link":"https:\/\/www.slovaklinesmagazin.sk\/cms\/2016\/04\/zajtra-sa-zacina-festival-hory-a-mesto\/","title":{"rendered":"Zajtra sa za\u010d\u00edna festival Hory a mesto"},"content":{"rendered":"<p><strong>\u2013 na programe s\u00fa aj najnov\u0161ie v\u00fdkony na\u0161ej horolezeckej a\u00a0vod\u00e1ckej \u0161pi\u010dky<\/strong><\/p>\n<p><strong><em>Sedemn\u00e1sty ro\u010dn\u00edk Medzin\u00e1rodn\u00e9ho festivalu horsk\u00e9ho filmu a\u00a0dobrodru\u017estva HORY A\u00a0MESTO sa za\u010dne u\u017e zajtra, 6. apr\u00edla 2016. Pon\u00fakne vy\u0161e 40 filmov, z\u00a0toho osem slovensk\u00fdch, predstav\u00ed sa 29 host\u00ed a\u00a0o\u00a0\u201ecestovan\u00ed inak\u201c porozpr\u00e1va 30 dobrodruhov. Festival otvor\u00ed len trin\u00e1s\u0165ro\u010dn\u00e1 lezky\u0148a Vanda <\/em><\/strong><strong><em>Michalkov\u00e1, dr\u017eite\u013eka n\u00e1\u0161ho najlep\u0161ieho \u017eensk\u00e9ho v\u00fdkonu na skal\u00e1ch<\/em><\/strong><strong><em> a blok slovensk\u00fdch filmov<\/em><\/strong><strong><em>, vod\u00e1ci <\/em><\/strong><strong><em>Zuzana Balejov\u00e1 a\u00a0Pavel Andr\u00e1ssy a\u00a0filmy zo sekcie Voda. V\u00a0stredu pricestuje aj <\/em><\/strong><strong><em>rak\u00fasky himal\u00e1jista, film\u00e1r a\u00a0publicista, dr\u017eite\u013e filmovej ceny EMMY Kurt Diemberger. <\/em><\/strong><strong><em>Najstar\u0161\u00ed hos\u0165 a\u00a0najmlad\u0161ia hostka -dvojica, ktor\u00e1 symbolicky potvrdzuje genera\u010dn\u00fa bezhrani\u010dnos\u0165 festivalu. Ten <\/em><\/strong><strong><em>sa tradi\u010dne uzavrie v\u00a0nede\u013eu ve\u010der prehliadkou v\u00ed\u0165azn\u00fdch filmov. Vstupenky na festival s\u00fa u\u017e v\u00a0predaji.<\/em><\/strong><\/p>\n<p>&nbsp;<\/p>\n<p style=\"text-align: center;\"><img decoding=\"async\" class=\"aligncenter\" src=\"http:\/\/slovaklinesmagazin.sk\/cms\/wp-content\/uploads\/2016\/04\/Miro_Langer_Pamir.jpg\" alt=\"Miro_Langer_Pamir\" \/><br \/>\nMiro Langer Pamir<\/p>\n<p>\u201e<em>Festival Hory a mesto pru\u017ene reaguje na<\/em><em> svetov\u00e9 v\u00fdkony slovensk\u00fdch lezcov a in\u00fdch dobrodruhov a d\u00e1va im priestor za hor\u00faca predstavi\u0165 z\u00e1\u017eitky z r\u00f4znych oblast\u00ed sveta. Tak sme vytvorili priestor pre Vandu, ktor\u00e1 len pred p\u00e1r d\u0148ami op\u00e4\u0165 potvrdila svoj najlep\u0161\u00ed v\u00fdkon, 8b+, ktor\u00fd je z\u00e1rove\u0148 najlep\u0161\u00edm \u017eensk\u00fdm v\u00fdkonom u\u00a0n\u00e1s, \u010di pre dve partie na\u0161ich horolezcov, ktor\u00e9 za\u010diatkom tohto roka urobili nov\u00e9 cesty v\u00a0Patag\u00f3nii a\u00a0tie\u017e prostredn\u00edctvom Katky Lincz\u00e9nyiovej predstav\u00edme n\u00e1\u0161mu publiku nielen jej \u00faspechy na svetovej \u00farovni, ale aj freediving ako u\u00a0n\u00e1s menej zn\u00e1mu \u0161portov\u00fa discipl\u00ednu,<\/em>\u201c povedal programov\u00fd riadite\u013e festivalu Alan Form\u00e1nek.<\/p>\n<p>Hory a\u00a0mesto 2016 bude aj tohto roku trva\u0165 <strong>p\u00e4\u0165 dn\u00ed<\/strong> \u2013 od stredy do nedele, <strong>v multiplexe\u00a0Cinema City v\u00a0bratislavskom Auparku<\/strong>. Vstupenky s\u00fa u\u017e v\u00a0predaji \u2013 online na cinemacity.sk aj priamo na mieste, v\u00a0pokladniciach kina. Prv\u00fdm bodom programu bude <strong>vyhl\u00e1senie fotos\u00fa\u0165a\u017ee<\/strong>, ktor\u00e9 sa za \u00fa\u010dasti odbornej poroty uskuto\u010dn\u00ed 6. apr\u00edla 2016 o\u00a017.00 hod. na p\u00f3diu, takzvanom \u201eBase Campe\u201c, vo foyer Auparku.<\/p>\n<p style=\"text-align: center;\"><img loading=\"lazy\" decoding=\"async\" class=\"aligncenter\" src=\"http:\/\/slovaklinesmagazin.sk\/cms\/wp-content\/uploads\/2016\/04\/Griger_Tomas_Norsko-1024x767.jpg\" alt=\"Norway Lofoten\" width=\"995\" height=\"745\" \/><br \/>\nTomas Griger &#8211; Norsko<\/p>\n<p>Ofici\u00e1lne sa festival za\u010dne premi\u00e9rovou prezent\u00e1ciou <strong>Vandy Michalkovej, <\/strong>najmlad\u0161ej hostky v hist\u00f3rii festivalu. Len trin\u00e1s\u0165ro\u010dn\u00e1 lezky\u0148a z\u00a0Bratislavy vlani vyrovnala najlep\u0161\u00ed slovensk\u00fd \u017eensk\u00fd v\u00fdkon na skal\u00e1ch obtia\u017enosti 8b+, a aktu\u00e1lne ho aj potvrdila, ke\u010f po\u010das Ve\u013ekej noci vyliezla v\u00a0Ospe v\u00a0Slovinsku Marjeticu, \u010do je v\u00a0porad\u00ed jej druh\u00e9 8b+. Prezent\u00e1cia s\u00a0n\u00e1zvom <strong><em>Sonce v\u00a0Missing Linku <\/em><\/strong>sa za\u010dne o\u00a019.00 hod., v\u00a0kinos\u00e1le 1. V\u00a0h\u013eadisku bude aj jeden z\u00a0hlavn\u00fdch host\u00ed &#8211; osemdesiattriro\u010dn\u00fd rak\u00fasky himal\u00e1jista, film\u00e1r a\u00a0publicista <strong>Kurt Diemberger. <\/strong>Priekopn\u00edk lezenia bez kysl\u00edkov\u00e9ho pr\u00edstroja v Himal\u00e1jach m\u00e1 za sebou sedem v\u00fdstupov na \u0161es\u0165 osemtis\u00edcoviek, so svojou multimedi\u00e1lnou prezent\u00e1ciou sa slovensk\u00e9mu publiku po prv\u00fd raz predstav\u00ed v\u00a0piatok, 8. apr\u00edla 2016. Najstar\u0161\u00ed hos\u0165 a\u00a0najmlad\u0161ia hostka Hory a\u00a0mesto spolu symbolicky vytv\u00e1raj\u00fa dvojicu, ktor\u00e1 potvrdzuje genera\u010dn\u00fa bezhrani\u010dnos\u0165 festivalu. Po \u00favodnej prezent\u00e1cii bude nasledova\u0165 <strong>prv\u00fd blok slovensk\u00fdch filmov<\/strong>. \u010cerstvo dokon\u010den\u00e9 sn\u00edmky <strong><em>Zimn\u00e9 kr\u00e1sy Malej Fatry z\u00a0Terchovej <\/em><\/strong>(r. Jozef Dovi\u010din) a\u00a0<strong><em>Ka\u013eam\u00e1rka <\/em><\/strong>(r. Martin Grajciar) uved\u00fa re\u017eis\u00e9ri, dokument <strong><em>Nevidite\u013en\u00e1 hora<\/em><\/strong> (r. Petra Geletov\u00e1) uvedie zase protagonista filmu.<\/p>\n<p>S\u00fa\u010dasne s\u00a0prvou kinos\u00e1lou bude program prebieha\u0165 aj v\u00a0\u010fal\u0161ej kinos\u00e1le; t\u00e1 pril\u00e1ka n\u00e1v\u0161tevn\u00edkov festivalu, ktor\u00ed pred horami a\u00a0skalami uprednost\u0148uj\u00fa vodu. Dvaja vod\u00e1ci &#8211; <strong>Zuzana Balejov\u00e1<\/strong> a\u00a0<strong>Pavel Andrassy<\/strong> \u2013 tentokr\u00e1t prin\u00e1\u0161aj\u00fa prezent\u00e1ciu fotiek a filmov o ro\u010dnom vod\u00e1ckom dobrodru\u017estve v Kanade, \u010cile a\u00a0Argent\u00edne s\u00a0n\u00e1zvom <strong><em>Sever proti juhu \u2013 kajakovanie v\u00a0Kanade a\u00a0\u010cile<\/em><\/strong>, ich prezent\u00e1cia za za\u010dne o\u00a019.30 hod. Po nej pr\u00eddu na rad <strong>filmy zo sekcie Voda<\/strong>.<\/p>\n<p>S\u00e9ria <strong>Cestoklubov Kino Svet<\/strong> sa do programu pripoj\u00ed vo \u0161tvrtok 7. apr\u00edla 2016 o\u00a018.00 hod. a\u00a0bude jej po cel\u00fd \u010das patri\u0165 samostatn\u00e1 kinos\u00e1la. <strong>Piatkov\u00e9 festivalov\u00e9 r\u00e1no<\/strong> bude tradi\u010dne patri\u0165 premietaniam <strong>pre \u0161koly<\/strong>, a to so za\u010diatkom o\u00a09.00, 9.30., 10.00 a\u00a011.00 hod. vo v\u0161etk\u00fdch troch vyhraden\u00fdch kinos\u00e1lach. Po filmoch si \u017eiaci z\u00e1kladn\u00fdch \u0161k\u00f4l bud\u00fa m\u00f4c\u0165 prejs\u0165 Festivalov\u00fd n\u00e1u\u010dn\u00fd chodn\u00edk.<\/p>\n<p>Piatim festivalov\u00fdm d\u0148om bude dominova\u0165 <strong>filmov\u00e1 prehliadka<\/strong> rozdelen\u00e1 do sekci\u00ed: Zem, Skala, Voda, Vzduch, Sneh a Horsk\u00e9 bicykle. Filmov\u00e1 prehliadka m\u00e1 s\u00fa\u0165a\u017en\u00fd charakter, <strong>\u010dlenmi tohtoro\u010dnej poroty s\u00fa<\/strong>: filmov\u00fd re\u017eis\u00e9r <strong>Rastislav Hatiar<\/strong>, filmov\u00e1 teoreti\u010dka <strong>Zuzana Oravcov\u00e1<\/strong>, \u017eurnalistka <strong>Silvia Krpe\u013eanov\u00e1<\/strong>, filmov\u00fd re\u017eis\u00e9r <strong>Michal Pusztay<\/strong>, fotograf <strong>Robo Ko\u010dan<\/strong>.<\/p>\n<p>Okrem spom\u00ednan\u00e9ho <strong>Kurta Diemberga <\/strong>pozvanie festivalu prijali aj \u010fal\u0161\u00ed v\u00fdznamn\u00ed zahrani\u010dn\u00ed hostia, ktor\u00ed predstavia svoje multimedi\u00e1lne prezent\u00e1cie a\u00a0rozpr\u00e1vania: mlad\u00e1 \u0161panielska lezky\u0148a <strong>DAILA OJEDA<\/strong>, americk\u00fd ranger <strong>GREGG LOSINSKI<\/strong>, taliansky paraglajdista <strong>ALBERTO RIZZI<\/strong> a \u010desk\u00fd alpsk\u00fd lezec <strong>PAVEL VRT\u00cdK.<\/strong><\/p>\n<p>V\u00fdber festivalov\u00e9ho programu poputuje aj <strong>do \u010fal\u0161\u00edch slovensk\u00fdch miest<\/strong>: do Doln\u00e9ho Kub\u00edna, \u017diliny, Trstenej, Zvolena, Pre\u0161ova, Starej \u013dubovne a\u00a0Star\u00e9ho Smokovca.<\/p>\n<p>&nbsp;<\/p>\n<p>Fotografia na titulke:<\/p>\n<p>Mikul\u00e1\u0161 Sliacky &#8211;\u00a0Rwanda<\/p>\n<p><img loading=\"lazy\" decoding=\"async\" class=\"aligncenter\" src=\"http:\/\/slovaklinesmagazin.sk\/cms\/wp-content\/uploads\/2016\/04\/vizual_Hory_a_mesto_2016_sirka-1024x532.jpg\" alt=\"\" width=\"878\" height=\"456\" \/><\/p>\n<p style=\"text-align: center;\">\n","protected":false},"excerpt":{"rendered":"<p>\u2013 na programe s\u00fa aj najnov\u0161ie v\u00fdkony na\u0161ej horolezeckej a\u00a0vod\u00e1ckej \u0161pi\u010dky Sedemn\u00e1sty ro\u010dn\u00edk Medzin\u00e1rodn\u00e9ho festivalu horsk\u00e9ho filmu a\u00a0dobrodru\u017estva HORY A\u00a0MESTO sa za\u010dne u\u017e zajtra, 6. apr\u00edla 2016. Pon\u00fakne vy\u0161e 40 filmov, z\u00a0toho osem slovensk\u00fdch, predstav\u00ed sa 29 host\u00ed a\u00a0o\u00a0\u201ecestovan\u00ed inak\u201c porozpr\u00e1va 30 dobrodruhov. Festival otvor\u00ed len trin\u00e1s\u0165ro\u010dn\u00e1 lezky\u0148a Vanda Michalkov\u00e1, dr\u017eite\u013eka n\u00e1\u0161ho najlep\u0161ieho \u017eensk\u00e9ho v\u00fdkonu [&hellip;]<\/p>\n","protected":false},"author":7,"featured_media":73239,"comment_status":"closed","ping_status":"closed","sticky":false,"template":"","format":"standard","meta":{"footnotes":""},"categories":[13,47,52,56],"tags":[],"class_list":["post-73238","post","type-post","status-publish","format-standard","has-post-thumbnail","hentry","category-real-estate","category-film","category-outdoor","category-priroda","eq-blocks"],"_links":{"self":[{"href":"https:\/\/www.slovaklinesmagazin.sk\/cms\/wp-json\/wp\/v2\/posts\/73238","targetHints":{"allow":["GET"]}}],"collection":[{"href":"https:\/\/www.slovaklinesmagazin.sk\/cms\/wp-json\/wp\/v2\/posts"}],"about":[{"href":"https:\/\/www.slovaklinesmagazin.sk\/cms\/wp-json\/wp\/v2\/types\/post"}],"author":[{"embeddable":true,"href":"https:\/\/www.slovaklinesmagazin.sk\/cms\/wp-json\/wp\/v2\/users\/7"}],"replies":[{"embeddable":true,"href":"https:\/\/www.slovaklinesmagazin.sk\/cms\/wp-json\/wp\/v2\/comments?post=73238"}],"version-history":[{"count":1,"href":"https:\/\/www.slovaklinesmagazin.sk\/cms\/wp-json\/wp\/v2\/posts\/73238\/revisions"}],"predecessor-version":[{"id":73243,"href":"https:\/\/www.slovaklinesmagazin.sk\/cms\/wp-json\/wp\/v2\/posts\/73238\/revisions\/73243"}],"wp:featuredmedia":[{"embeddable":true,"href":"https:\/\/www.slovaklinesmagazin.sk\/cms\/wp-json\/wp\/v2\/media\/73239"}],"wp:attachment":[{"href":"https:\/\/www.slovaklinesmagazin.sk\/cms\/wp-json\/wp\/v2\/media?parent=73238"}],"wp:term":[{"taxonomy":"category","embeddable":true,"href":"https:\/\/www.slovaklinesmagazin.sk\/cms\/wp-json\/wp\/v2\/categories?post=73238"},{"taxonomy":"post_tag","embeddable":true,"href":"https:\/\/www.slovaklinesmagazin.sk\/cms\/wp-json\/wp\/v2\/tags?post=73238"}],"curies":[{"name":"wp","href":"https:\/\/api.w.org\/{rel}","templated":true}]}}