{"id":73284,"date":"2016-04-07T14:03:57","date_gmt":"2016-04-07T12:03:57","guid":{"rendered":"http:\/\/slovaklinesmagazin.sk\/cms\/?p=73284"},"modified":"2016-04-07T14:31:18","modified_gmt":"2016-04-07T12:31:18","slug":"andrea-zimanyiova-pre-sansoniera-je-najdolezitejsie-zit","status":"publish","type":"post","link":"https:\/\/www.slovaklinesmagazin.sk\/cms\/2016\/04\/andrea-zimanyiova-pre-sansoniera-je-najdolezitejsie-zit\/","title":{"rendered":"ANDREA ZIM\u00c1NYIOV\u00c1: Pre \u0161ansoniera je najd\u00f4le\u017eitej\u0161ie \u017ei\u0165."},"content":{"rendered":"<p>Andrea Zim\u00e1nyiov\u00e1 m\u00e1 talent, o ktorom u\u017e azda nikto nepochybuje. Aj napriek skromn\u00e9mu prejavu pri rozhovore je na p\u00f3diu \u017eiveln\u00e1, nabit\u00e1 em\u00f3ciami, m\u00e1 nepopierate\u013en\u00fd v\u00fdrazn\u00fd sexep\u00edl a \u2013 to najd\u00f4le\u017eitej\u0161ie \u2013 pod\u00e1va neuverite\u013en\u00e9 spev\u00e1cke v\u00fdkony. Andreu pozn\u00e1me v prvom rade ako \u0161ansonierku, jej hlasov\u00fd rozsah ju v\u0161ak predur\u010duje na spievanie ak\u00e9hoko\u013evek in\u00e9ho \u017e\u00e1nra.<\/p>\n<p>&nbsp;<\/p>\n<p style=\"text-align: center;\"><img decoding=\"async\" class=\"aligncenter\" src=\"http:\/\/slovaklinesmagazin.sk\/cms\/wp-content\/uploads\/2016\/04\/zimaniyova-1024x575.jpg\" alt=\"\" \/><\/p>\n<p>&nbsp;<\/p>\n<p><strong>Ako by ste sa predstavili niekomu, kto v\u00e1s v\u00f4bec nepozn\u00e1?<\/strong><\/p>\n<p>Asi tak, \u017ee som spev\u00e1\u010dka, hoci som tomu dlho nevedela uveri\u0165. Ke\u010f sa p\u00fdtate mal\u00fdch diev\u010dat, \u010d\u00edm by chceli by\u0165 v dospelosti, v\u017edy chc\u00fa by\u0165 here\u010dkami, spev\u00e1\u010dkami alebo tane\u010dn\u00ed\u010dkami. Mne sa tento detsk\u00fd sen splnil a zodpovedne m\u00f4\u017eem o sebe vyhl\u00e1si\u0165, \u017ee tou spev\u00e1\u010dkou som. \u017d\u00e1nrovo nie som vyhranen\u00e1, vyrastala som v\u00a0diev\u010denskej kapele Margot, a teda prvotn\u00fd \u0161t\u00fdl bola rockov\u00e1 muzika. Potom v\u0161ak pri\u0161iel \u0161ans\u00f3n\u2026<\/p>\n<p><strong>Nie ste zaraden\u00e1 do jedn\u00e9ho \u0161t\u00fdlu, ale prevl\u00e1da u v\u00e1s \u0161ans\u00f3n. Pre\u010do pr\u00e1ve on?<\/strong><\/p>\n<p>\u0160ans\u00f3n pova\u017eujem za mimoriadne \u0161pecifick\u00fd, vo franc\u00faz\u0161tine toto slovo znamen\u00e1 piese\u0148. \u0160ans\u00f3n je teda tak trochu v\u0161etka hudba, ale ja v\u00a0tomto \u017e\u00e1nri c\u00edtim hlavne ve\u013ek\u00fa slobodu, mo\u017enosti v\u00fdrazov\u00fdch prostriedkov, m\u00f4\u017eem pou\u017e\u00edva\u0165 r\u00f4zne hlasov\u00e9 polohy, ktor\u00e9 v rockovej muzike nie s\u00fa be\u017en\u00e9. A, samozrejme, \u0161ans\u00f3n je postaven\u00fd na dobrom pr\u00edbehu, na kvalitnom texte, hovor\u00ed sa mu aj divadlo v desiatich min\u00fatach. Vznik\u00e1 tu priestor aj na ur\u010dit\u00fd hereck\u00fd prejav, ktor\u00fd v\u0161ak nevie predvies\u0165 ka\u017ed\u00fd. \u010clovek mus\u00ed \u0161ans\u00f3n robi\u0165 s l\u00e1skou, milova\u0165 ho a by\u0165 \u00faprimn\u00fd. Div\u00e1ci a\u00a0posluch\u00e1\u010di to vedia rozpozna\u0165.<\/p>\n<p style=\"text-align: center;\"><img decoding=\"async\" class=\"aligncenter\" src=\"http:\/\/slovaklinesmagazin.sk\/cms\/wp-content\/uploads\/2016\/04\/zimaniyova2maly.jpg\" alt=\"\" \/><\/p>\n<p>&nbsp;<\/p>\n<p><strong>Pam\u00e4t\u00e1te si svoju prv\u00fa \u0161ans\u00f3nov\u00fa piese\u0148?<\/strong><\/p>\n<p>Prv\u00fdkr\u00e1t som sa so \u0161ans\u00f3nom zozn\u00e1mila na strednej \u0161kole, ke\u010f som u\u017e hrala v kapele Margot. Neboli sme profesion\u00e1li, ale hrali sme na v\u00fdchovn\u00fdch koncertoch, vedeli o mne \u013eudia v\u00a0okol\u00ed a pr\u00e1ve vtedy pri\u0161la ponuka z Franc\u00fazskeho in\u0161tit\u00fatu, kde pr\u00e1ve pripravovali prv\u00fd ro\u010dn\u00edk s\u00fa\u0165a\u017ee franc\u00fazskej piesne. Pod z\u00e1mienkou, \u017ee v\u010faka \u00fa\u010dasti dostanem jednotku z franc\u00faz\u0161tiny, som sa prihl\u00e1sila \u2013 alebo sk\u00f4r trieda ma prihl\u00e1sila. Moja celkom prv\u00e1 piese\u0148, ktor\u00fa som spievala, bola v roku 1999 od Francisa Cabrela \u2013 Je l&#8217;aime a mourir. Vo fin\u00e1le som u\u017e potom spievala piese\u0148 od Edith Piaf.<\/p>\n<p><strong>V s\u00favislosti so \u0161ans\u00f3nom \u010d\u00edtame o\u00a0Janke Hubinskej, Szidi Tobias, Michaele Merklovej\u2026 Existuje v slovenskom a\u00a0\u010deskom \u0161ans\u00f3ne nie\u010do ako konkuren\u010dn\u00e9 prostredie, rivalita?<\/strong><\/p>\n<p>Rivalitu ve\u013emi nec\u00edtim. Ja som sa stretla s\u00a0ve\u013emi mil\u00fdmi \u013eu\u010fmi, najm\u00e4 v \u0161ans\u00f3novom klube Jozefa<\/p>\n<p>Bedn\u00e1rika, ktor\u00fd sk\u013abil v\u0161etk\u00fdch zn\u00e1mych \u0161ansonierov do jedn\u00e9ho projektu. Spravil aj tak\u00fa vec, \u017ee skladby in\u00fdch \u017e\u00e1nrov prerobil na \u0161ans\u00f3ny, \u010do v jeho r\u00e9\u017eii vy\u0161lo skvele. Tu som mala mo\u017enos\u0165 stretn\u00fa\u0165 sa s Katkou Hasprovou, Nelou Pociskovou, s Milkou V\u00e1\u0161\u00e1ryovou, Zuzanou Kronerovou, Marcelou Laiferovou a \u010fal\u0161\u00edmi. Dalo mi to ve\u013ea a mohla som sa pribl\u00ed\u017ei\u0165 aj k\u00a0hereck\u00e9mu \u0161ans\u00f3nu. Konkurenciu ve\u013emi nec\u00edtim. Spom\u00ednali ste Janku Hubinsk\u00fa, t\u00e1 v\u0161ak napr\u00edklad rob\u00ed sk\u00f4r hereck\u00fd \u0161ans\u00f3n, zatia\u013e \u010do ja sa venujem v prvom rade spevu a herectvu a\u017e potom.<\/p>\n<p>&nbsp;<\/p>\n<p style=\"text-align: center;\"><img decoding=\"async\" class=\"aligncenter\" src=\"http:\/\/slovaklinesmagazin.sk\/cms\/wp-content\/uploads\/2016\/04\/zimaniyova6-1024x683.jpg\" alt=\"\" \/><\/p>\n<p><strong>\u00a0<\/strong><\/p>\n<p><strong>\u010cia tvorba v\u00e1s najviac ovplyvnila? Je to sl\u00e1vna Edith Piaf?<\/strong><\/p>\n<p>\u00c1no, Edith Piaf je z\u00e1klad. Je to v podstate hlavn\u00fd zdroj in\u0161pir\u00e1cie pre v\u0161etk\u00fdch \u0161ansonierov, preto\u017ee pr\u00e1ve ona polo\u017eila z\u00e1klady aj popul\u00e1rneho \u0161ans\u00f3nu ve\u013emi vysoko. M\u0148a ako spev\u00e1\u010dku ovplyvnilo ve\u013emi ve\u013ea umelcov, ale v\u00fdrazne som sa neuprela na \u017eiadneho z nich, preto\u017ee \u010dlovek m\u00e1 potom sklon napodob\u0148ova\u0165. Ja som po\u010d\u00favala ve\u013emi ve\u013ea muziky, nielen \u0161ans\u00f3n, aj rock, americk\u00e9 country je super. M\u00e1m pocit, \u017ee spev\u00e1k sa potom buduje komplexne, \u010do m\u00e1 v\u00fdznam, v dne\u0161nej dobe mus\u00ed by\u0165 spev\u00e1k ve\u013emi flexibiln\u00fd. Mus\u00edm sa ale prizna\u0165, \u017ee vo svojich trin\u00e1stich rokoch som objavila kapelu Beatles. Vtedy boli op\u00e4\u0165 popul\u00e1rni, pri\u0161li antol\u00f3gie a vlna ak\u00e9hosi napodob\u0148ovania, reed\u00edcie albumov, nevydan\u00fdch skladieb. Ich tvorbu a\u017e dodnes pova\u017eujem za ak\u00fdsi z\u00e1klad popovej muziky.<\/p>\n<p><strong>Vraveli ste, \u017ee ani \u0161ansonier by nemal by\u0165 zameran\u00fd iba na tento \u017e\u00e1ner. Znamen\u00e1 to, \u017ee sa dnes ne\u017eiv\u00edte iba \u0161ans\u00f3nom?<\/strong><\/p>\n<p>\u00c1no, ne\u017eiv\u00edm a som celkom rada, \u017ee to m\u00e1m pestrej\u0161ie. S Jurajom Burianom m\u00e1me duo, kde je iba gitara a spev, \u010dosi ve\u013emi int\u00edmne a\u00a0\u017eiveln\u00e9 z\u00e1rove\u0148. On ako gitarov\u00fd virtu\u00f3z ma dok\u00e1\u017ee ve\u013emi in\u0161pirova\u0165. Potom m\u00e1me duo s\u00a0klaviristom Erikom Dimitrovom, s n\u00edm hr\u00e1vam predov\u0161etk\u00fdm \u0161ans\u00f3ny a koncertnej\u0161ie veci, \u010falej m\u00e1m kapelu Margot s gitaristkou Katkou Se\u010dk\u00e1rovou, ktor\u00e1 ako jedin\u00e1 ostala z p\u00f4vodnej diev\u010denskej kapely, a s \u0148ou hr\u00e1vame aj s\u00fakromn\u00e9 akcie. Tam hr\u00e1vame r\u00f4zne veci, aj Michaela Jacksona a\u00a0Tinu Turner.<\/p>\n<p>Takisto som st\u00e1lou s\u00f3listkou v\u00a0orchestri u Gust\u00e1va Broma, s n\u00edm hr\u00e1vame na plesoch. Je to ve\u013ek\u00e9 zlo\u017eenie, ke\u010f\u017ee plesy si vy\u017eaduj\u00fa aj ve\u013ek\u00e9 p\u00f3dium a po\u010das plesov\u00fdch sez\u00f3n sme ve\u013emi vy\u0165a\u017een\u00ed. Je toho dos\u0165 a teraz, v\u00a0produkt\u00edvnom veku, sa skuto\u010dne \u017eiv\u00edm v\u00fdhradne iba spevom. Umelcom je ob\u010das \u013e\u00fato, \u017ee v\u00e4\u010d\u0161inou musia hr\u00e1va\u0165 na s\u00fakromn\u00fdch eventoch, tie verejn\u00e9 koncerty s\u00fa predsa len osobnej\u0161ie.<\/p>\n<p style=\"text-align: center;\"><img decoding=\"async\" class=\"aligncenter\" src=\"http:\/\/slovaklinesmagazin.sk\/cms\/wp-content\/uploads\/2016\/04\/zimaniyova8maly.jpg\" alt=\"\" \/><\/p>\n<p><strong>Ste pova\u017eovan\u00e1 za ve\u013ek\u00fd talent, a\u00a0pritom nie ste absolventom vysokej \u0161koly. Je pod\u013ea v\u00e1s form\u00e1lne vysoko\u0161kolsk\u00e9 vzdelanie pre umelca potrebn\u00e9?<\/strong><\/p>\n<p>O tom by ste sa mohli porozpr\u00e1va\u0165 s mojou rodinou.:-) Oni ma ve\u013emi tla\u010dili do \u0161t\u00fadia, ale v\u00a0tom obdob\u00ed som u\u017e bola presved\u010den\u00e1, \u017ee viem, \u010do chcem robi\u0165. Po gymn\u00e1ziu som pol roka str\u00e1vila\u00a0na konzervat\u00f3riu, kde som bola \u201emimoriadny \u017eiak\u201c a mohla som si vybera\u0165 predmety, ale hudobno- dramatick\u00e9 oddelenie bolo e\u0161te iba v\u00a0za\u010diatkoch a pedag\u00f3govia celkom nevedeli, ako\u00a0u\u010di\u0165 popov\u00fdch spev\u00e1kov. Ani dnes t\u00e1to situ\u00e1cia nie je najlep\u0161ia, aj na V\u0160MU je s\u00edce predmet popul\u00e1rny spev, ale st\u00e1le je sk\u00f4r pre hercov. A ja som nechcela by\u0165 here\u010dka, vznikala tak ot\u00e1zka \u0161t\u00fadia v zahrani\u010d\u00ed, napr\u00edklad u\u017e aj v Prahe je to trocha in\u00e9. Je to diskutabiln\u00e9, \u010di je pre umelca form\u00e1lne vzdelanie prospe\u0161n\u00e9 alebo nie, \u010do by bolo, keby bolo keby&#8230; Raz mi dokonca jeden vy\u0161tudovan\u00fd muzikant povedal, \u017ee je iba dobr\u00e9, \u017ee som spev ne\u0161tudovala na \u0161kole, lebo pr\u00e1ve preto m\u00e1m tak\u00fdto hlasov\u00fd prejav a\u00a0prirodzen\u00fa techniku. Aby spev\u00e1k vedel publiku odovzda\u0165 em\u00f3ciu, z\u00e1\u017eitok a\u00a0rozplaka\u0165 ho, na to \u0161t\u00fadium nepotrebuje. Ale za\u010d\u00ednam pr\u00e1ve ja robi\u0165 \u0161ans\u00f3nov\u00e9 workshopy, \u010do je paradoxn\u00e9, lebo rozpr\u00e1vanie pred skupinou \u013eud\u00ed pre m\u0148a znamen\u00e1 stres a\u00a0no\u010dn\u00fa moru. Ale m\u00e1m pozit\u00edvne ohlasy, aj pedag\u00f3govia ma prijali ve\u013emi dobre a dokonca so mnou v mnoh\u00fdch veciach s\u00fahlasili. Ur\u010dite nezazn\u00e1vam na\u0161e \u0161kolstvo a vzdelanie, ale pre \u0161ansoniera je najd\u00f4le\u017eitej\u0161ie \u017ei\u0165.<\/p>\n<p><strong>Moment\u00e1lne spolupracujete s agent\u00farouArt Music. Predt\u00fdm ste sa mana\u017eovali sama?<\/strong><\/p>\n<p>Ke\u010f som ako p\u00e4tn\u00e1s\u0165ro\u010dn\u00e1 \u00fa\u010dinkovala v\u00a0na\u0161ej kapele Margot, viedol n\u00e1s Jaro \u017digo a jeho man\u017eelka n\u00e1m ve\u013emi dlho robila mana\u017e\u00e9rku. S\u00a0Art Music sme sa stretli ako muzikanti, s\u00a0akordeonistom Viliamom Majerom som pracovala na svojich \u0161ans\u00f3nov\u00fdch koncertoch. Vn\u00edma muziku nielen z akademick\u00e9ho, ale aj ak\u00e9hosi natur\u00e1lneho h\u013eadiska, a \u010dasto vie dobre poradi\u0165. Zalo\u017eil teda agent\u00faru s t\u00fdm, \u017ee bude zastupova\u0165 vybran\u00fdch umelcov, a hoci nie je m\u00f4j exkluz\u00edvny mana\u017e\u00e9r, m\u00e1 ve\u013ea kontaktov a sk\u00fasenost\u00ed a aj v\u010faka nemu za\u010d\u00ednam kone\u010dne \u017ei\u0165 aj koncertne.<\/p>\n<p><strong>\u010co pova\u017eujete za svoj najv\u00e4\u010d\u0161\u00ed doteraj\u0161\u00ed \u00faspech a ak\u00e9 m\u00e1te o\u010dak\u00e1vanie do bud\u00facnosti?<\/strong><\/p>\n<p>Ned\u00e1vno som mala n\u00e1dhern\u00fd spolo\u010dn\u00fd koncert v pra\u017eskej Lucerne, bol to pre m\u0148a ve\u013ek\u00fd z\u00e1\u017eitok a pova\u017eujem to za v\u00fdznamn\u00fd bod vo svojej umeleckej kari\u00e9re. \u013dudia ma tam nepoznali, pri\u0161la som s \u010dist\u00fdm \u0161t\u00edtom a skoro bez o\u010dak\u00e1van\u00ed so \u0161ans\u00f3nom od Vladimira Vysock\u00e9ho, ktor\u00fd vybral Jo\u017eko Bedn\u00e1rik, a s talianskou pies\u0148ou Caruso. A \u013eudia ma prijali, bol to pre m\u0148a obrovsk\u00fd z\u00e1\u017eitok. Mysl\u00edm, \u017ee si tam \u013eudia ove\u013ea viac v\u00e1\u017eia umelcov, chodia dokonca s podpisov\u00fdmi kartami, \u010do u\u017e tu na Slovensku ve\u013emi nevidie\u0165, najm\u00e4 nie tu v Bratislave. A, samozrejme, z medi\u00e1lneho h\u013eadiska mi ve\u013emi pomohlo Let\u2019s Dance, v\u010faka nemu ma \u013eudia spozn\u00e1vaj\u00fa aj na ulici. Telev\u00edzia a m\u00e9di\u00e1 s\u00fa ve\u013emi<\/p>\n<p>d\u00f4le\u017eit\u00e9, umelec mus\u00ed by\u0165 na o\u010diach, a hoci sa nechcem zaradi\u0165 medzi t\u00fdch, ktor\u00ed sa do m\u00e9di\u00ed vyslovene tla\u010dia, m\u00e1m rada to publikum. Medi\u00e1lna strat\u00e9gia je pre m\u0148a skoro nezn\u00e1me slovo, ale viem, \u017ee ke\u010f dokon\u010d\u00edm nov\u00e9 CD-\u010dko, budem ho musie\u0165 aj spropagova\u0165. Chcem vyu\u017ei\u0165 ten \u201eaktualiza\u010dn\u00fd moment\u201c, da\u0165 na zn\u00e1mos\u0165 toto nov\u00e9 CD.<\/p>\n<p>&nbsp;<\/p>\n<p style=\"text-align: center;\"><img decoding=\"async\" class=\"aligncenter\" src=\"http:\/\/slovaklinesmagazin.sk\/cms\/wp-content\/uploads\/2016\/04\/zimaniyova9maly.jpg\" alt=\"\" \/><\/p>\n<p>&nbsp;<\/p>\n<p><strong>U\u017e pozn\u00e1me aj n\u00e1zov tohto CD?<\/strong><\/p>\n<p>Zatia\u013e nie. M\u00e1me nahrat\u00fdch sedem skladieb (koniec febru\u00e1ra 2016, pozn. red.) a e\u0161te nejak\u00fdch p\u00e4\u0165 chcem doplni\u0165. Asi ho nazvem pod\u013ea niektorej skladby, ktor\u00fa bude obsahova\u0165. Ned\u00e1vno som sa p\u00fdtala zn\u00e1meho soch\u00e1ra, ako by som mala nazva\u0165 tento album. Povedal mi, \u017ee si m\u00e1m zatvori\u0165 o\u010di, predstavi\u0165 si nie\u010do pr\u00edjemn\u00e9 a to, \u010do mi napadne ako prv\u00e9, by mal by\u0165 n\u00e1zov. Zatvorila som o\u010di a zatia\u013e mi nenapadlo ni\u010d. \ud83d\ude42 Ale ver\u00edm, \u017ee ke\u010f to v\u0161etko dokon\u010d\u00edme, nie\u010do u\u017e vymysl\u00edm.<\/p>\n<p><strong>Rozumiem spr\u00e1vne, \u017ee to bude \u0161t\u00fadiov\u00fd album?<\/strong><\/p>\n<p>\u00c1no, \u0161t\u00fadiov\u00fd a akustick\u00fd. Bude na \u0148om minimum n\u00e1strojov a ve\u013ea dobr\u00fdch kvalitn\u00fdch textov. U\u017e z\u00edskal tie kont\u00fary, s ktor\u00fdmi som spokojn\u00e1, a aj ke\u010f to nebude vyslovene \u0161ans\u00f3nov\u00fd album, hoci niektor\u00e9 dramatick\u00e9 tam n\u00e1jdete, bude to sk\u00f4r vzdu\u0161n\u00e1 dynamick\u00e1 muzika s\u00a0kvalitn\u00fdmi muzikantmi. T\u00e1 pohoda by tam mala by\u0165 cite\u013en\u00e1 aj preto, \u017ee sa cel\u00fd album nahr\u00e1va v\u00a0pr\u00edjemnom dom\u00e1com prostred\u00ed.<\/p>\n<p>D\u00fafam, \u017ee album vyjde do mojich naroden\u00edn v apr\u00edli.<\/p>\n<p><strong>Ak\u00e9 s\u00fa va\u0161e dlhodob\u00e9 ciele?<\/strong><\/p>\n<p>Asi ka\u017ed\u00fd by mal ma\u0165 aj ve\u013ek\u00e9 dlhodob\u00e9 ciele, ale ja som v tomto sk\u00f4r skromn\u00e1 a realistick\u00e1. Ke\u010f\u00a0vyd\u00e1m CD, chcem to vyu\u017ei\u0165 a spravi\u0165 turn\u00e9 po kluboch a s\u00e1lach. D\u00fafam, \u017ee sa mi koncertom v Lucerne podarilo otvori\u0165 dvere aj do \u010ciech, vraj sa tam e\u0161te d\u00e1 na \u0161ans\u00f3novej sc\u00e9ne n\u00e1js\u0165 miesto.<\/p>\n<p>&nbsp;<\/p>\n<p style=\"text-align: center;\"><img decoding=\"async\" class=\"aligncenter\" src=\"http:\/\/slovaklinesmagazin.sk\/cms\/wp-content\/uploads\/2016\/04\/zimaniyova1maly.jpg\" alt=\"\" \/><\/p>\n<p>&nbsp;<\/p>\n<p><strong>Vraveli ste, \u017ee ste skromn\u00e1, ale aj tak ma zauj\u00edma va\u0161a profesion\u00e1lna pokora. Ke\u010f niekto u n\u00e1s povie \u0161ans\u00f3n, \u013eudia si spomen\u00fa na Zim\u00e1nyiov\u00fa. Nach\u00e1dzate e\u0161te st\u00e1le z\u00e1ujem u\u010di\u0165 sa nov\u00e9 veci, vzdel\u00e1va\u0165 sa a\u00a0tr\u00e1vi\u0165 hodiny na sk\u00fa\u0161kach?<\/strong><\/p>\n<p>Samozrejme, v\u017edy sa treba zdokona\u013eova\u0165. A\u00a0plat\u00ed to nielen pre umelcov, ale pre v\u0161etky profesie, \u017ee by sa \u010dlovek nemal zastavi\u0165 a nezlep\u0161ova\u0165. Ani by to nebolo v poriadku, preto\u017ee doba sa r\u00fdchlo men\u00ed a\u00a0v speve je mno\u017estvo priestoru pre zdokona\u013eovanie. Je potrebn\u00e9 na sebe pracova\u0165, meni\u0165 cestu, po\u010d\u00fava\u0165 ve\u013ea r\u00f4znej hudby a ob\u010das aj trocha experimentova\u0165. A tie\u017e ve\u013ea cestova\u0165, preto\u017ee pr\u00e1ve pri tom pr\u00eddete na celkom nov\u00e9 veci, na nov\u00fd uhol poh\u013eadu na \u017eivot a svet. Ke\u010f \u017eijete st\u00e1le na jednom mieste, vid\u00edte iba jeden tento uhol a pri cestovan\u00ed sa v\u0161etko men\u00ed. A samozrejme, \u017ee svoju techniku konzultujem so svojou hlasovou pedagogi\u010dkou.<\/p>\n<p><strong>Som r\u00e1d, \u017ee spom\u00ednate pr\u00e1ve cestovanie, preto\u017ee Slovak Lines Magaz\u00edn je cestovate\u013esk\u00fd \u010dasopis. Ned\u00e1vno ste niekde povedali, \u017ee sa v\u00e1m v\u010faka cestovaniu zmenil \u017eivot. St\u00e1le to tak vid\u00edte?<\/strong><\/p>\n<p>Cestovala som aj predt\u00fdm, ale nevysk\u00fa\u0161ala som si tak\u00e9 to b\u00e1date\u013esk\u00e9 objavn\u00e9 cestovanie. Pred tromi rokmi som mala to \u0161\u0165astie spieva\u0165 na v\u00fdletnej lodi pre asi 300 pasa\u017eierov a \u010fal\u0161\u00edch 250 \u013eud\u00ed z person\u00e1lu. Bola to tak\u00e1 luxusn\u00e1 jachta so star\u0161\u00edmi Nemcami a pre m\u0148a \u00fa\u017easn\u00e1 sk\u00fasenos\u0165. Za\u010dali sme na Novom Z\u00e9lande, pokra\u010dovali cez Austr\u00e1liu a Indon\u00e9ziu, Bali, Filip\u00edny a r\u00f4zne \u010fal\u0161ie ostrovy a skon\u010dili sme v Hongkongu. Pre m\u0148a to bola plavba snov a vtedy som si uvedomila, \u017ee objavova\u0165 svet je naozaj potrebn\u00e9. Boli sme v Larantuke na ostrove Oka, o ktorej som nikdy predt\u00fdm nepo\u010dula. To je u\u017e celkom in\u00fd svet, na hladine mora tam pl\u00e1va hromada odpadu z\u00a0celej Indon\u00e9zie. Deti tam chodili bos\u00e9, jazdili na star\u00fdch bicykloch, ale boli \u0161\u0165astn\u00e9. Vznikali tu tie najkraj\u0161ie fotografie a komick\u00e9 bolo, \u017ee viac ako my ich si ony fotili n\u00e1s. Boli sme pre ne tak\u00fd exotick\u00fd \u00fakaz.<\/p>\n<p>Tu sme si my muzikanti povedali, \u017ee hodnotn\u00fd z\u00e1\u017eitok nemus\u00ed by\u0165 v\u017edy pekn\u00fd, ale siln\u00fd. V\u010faka muzike ale ve\u013ea cestujem aj po Slovensku a\u00a0objavujem mest\u00e1, ktor\u00e9 som dovtedy v\u00f4bec nepoznala.<\/p>\n<p><em>Text: Erik Str\u00ed\u017e<\/em><br \/>\n<em>Foto: arch\u00edv Andrei Zim\u00e1nyiovej<\/em><\/p>\n<p>&nbsp;<\/p>\n<p><img decoding=\"async\" class=\"alignleft\" src=\"http:\/\/slovaklinesmagazin.sk\/cms\/wp-content\/uploads\/2016\/04\/zimaniyova5maly-683x1024.jpg\" alt=\"\" \/><\/p>\n<p><strong>Andrea Zim\u00e1nyiov\u00e1<\/strong> sa narodila\u00a0v apr\u00edli roku 1983 a poch\u00e1dza\u00a0z Bratislavy. Aj ke\u010f nepoch\u00e1dza\u00a0z muzikantskej rodiny, odmali\u010dka\u00a0sa zauj\u00edmala o r\u00f4zne formy umenia,\u00a0ako je spievanie, tanec \u010di recitovanie.<\/p>\n<p>&nbsp;<\/p>\n<p>Akt\u00edvne za\u010dala spieva\u0165 v roku\u00a01999 po n\u00e1stupe do s\u00fakromnej hudobnej\u00a0\u0161koly, kde sa zrodila vtedy\u00a0\u010disto diev\u010densk\u00e1 kapela Margot,\u00a0s ktorou \u00fa\u010dinkuje dodnes. V\u010faka\u00a0Andreinej \u017e\u00e1nrovej r\u00f4znorodosti m\u00e1\u00a0aj kapela \u0161irok\u00fd z\u00e1ber: \u201eod \u0161ans\u00f3nu\u00a0po hardrock\u201c. So skupinou Margot\u00a0vydali pod hlavi\u010dkou Slovensk\u00e9ho\u00a0rozhlasu dva profilov\u00e9 albumy \u2013\u00a0\u201eBez obalu\u201c a \u201eMa\u0165 tak kr\u00eddla\u201c. O franc\u00fazsky\u00a0\u0161ans\u00f3n sa Andrea za\u010dala\u00a0zauj\u00edma\u0165 po\u010das st\u00fadia na gymn\u00e1ziu\u00a0Metodova v Bratislave, kde \u0161tudovala\u00a0aj franc\u00fazsky jazyk. V roku 1999\u00a0vyhrala prv\u00fd ro\u010dn\u00edk Franc\u00fazskej\u00a0piesne na Slovensku so skladbou\u00a0od Edith Piaf. V roku 2002 pocestovala\u00a0so skupinou Margot do mekky\u00a0\u0161ans\u00f3nu \u2013 franc\u00fazskeho meste\u010dka\u00a0Villefranche de Rouergue, kde z\u00edskala\u00a0\u201eCenu mesta\u201c a \u201eObjav festivalu\u201c.<\/p>\n<p>&nbsp;<\/p>\n<p>V roku 2012 dostala ponuku od re\u017eis\u00e9ra\u00a0Jozefa Bedn\u00e1rika \u00fa\u010dinkova\u0165\u00a0v jeho \u0161ans\u00f3novom klube a stala\u00a0sa jeho ob\u013e\u00fabenky\u0148ou. V jeho r\u00e9\u017eii\u00a0naspievala Andrea nieko\u013eko kr\u00e1snych\u00a0\u0161ans\u00f3nov\u00fdch verzi\u00ed. V t\u00fdchto\u00a0d\u0148och Andrea pripravuje materi\u00e1ly\u00a0na svoje prv\u00e9 s\u00f3lov\u00e9 CD, ktor\u00e9 by\u00a0sa malo nies\u0165 v duchu akustick\u00e9ho\u00a0\u0161ans\u00f3nu.<\/p>\n","protected":false},"excerpt":{"rendered":"<p>Andrea Zim\u00e1nyiov\u00e1 m\u00e1 talent, o ktorom u\u017e azda nikto nepochybuje. Aj napriek skromn\u00e9mu prejavu pri rozhovore je na p\u00f3diu \u017eiveln\u00e1, nabit\u00e1 em\u00f3ciami, m\u00e1 nepopierate\u013en\u00fd v\u00fdrazn\u00fd sexep\u00edl a \u2013 to najd\u00f4le\u017eitej\u0161ie \u2013 pod\u00e1va neuverite\u013en\u00e9 spev\u00e1cke v\u00fdkony. Andreu pozn\u00e1me v prvom rade ako \u0161ansonierku, jej hlasov\u00fd rozsah ju v\u0161ak predur\u010duje na spievanie ak\u00e9hoko\u013evek in\u00e9ho \u017e\u00e1nra. &nbsp; &nbsp; [&hellip;]<\/p>\n","protected":false},"author":7,"featured_media":73294,"comment_status":"closed","ping_status":"closed","sticky":false,"template":"","format":"standard","meta":{"footnotes":""},"categories":[5,48],"tags":[],"class_list":["post-73284","post","type-post","status-publish","format-standard","has-post-thumbnail","hentry","category-celebrity-magazine","category-umenie-a-kultura","eq-blocks"],"_links":{"self":[{"href":"https:\/\/www.slovaklinesmagazin.sk\/cms\/wp-json\/wp\/v2\/posts\/73284","targetHints":{"allow":["GET"]}}],"collection":[{"href":"https:\/\/www.slovaklinesmagazin.sk\/cms\/wp-json\/wp\/v2\/posts"}],"about":[{"href":"https:\/\/www.slovaklinesmagazin.sk\/cms\/wp-json\/wp\/v2\/types\/post"}],"author":[{"embeddable":true,"href":"https:\/\/www.slovaklinesmagazin.sk\/cms\/wp-json\/wp\/v2\/users\/7"}],"replies":[{"embeddable":true,"href":"https:\/\/www.slovaklinesmagazin.sk\/cms\/wp-json\/wp\/v2\/comments?post=73284"}],"version-history":[{"count":4,"href":"https:\/\/www.slovaklinesmagazin.sk\/cms\/wp-json\/wp\/v2\/posts\/73284\/revisions"}],"predecessor-version":[{"id":73297,"href":"https:\/\/www.slovaklinesmagazin.sk\/cms\/wp-json\/wp\/v2\/posts\/73284\/revisions\/73297"}],"wp:featuredmedia":[{"embeddable":true,"href":"https:\/\/www.slovaklinesmagazin.sk\/cms\/wp-json\/wp\/v2\/media\/73294"}],"wp:attachment":[{"href":"https:\/\/www.slovaklinesmagazin.sk\/cms\/wp-json\/wp\/v2\/media?parent=73284"}],"wp:term":[{"taxonomy":"category","embeddable":true,"href":"https:\/\/www.slovaklinesmagazin.sk\/cms\/wp-json\/wp\/v2\/categories?post=73284"},{"taxonomy":"post_tag","embeddable":true,"href":"https:\/\/www.slovaklinesmagazin.sk\/cms\/wp-json\/wp\/v2\/tags?post=73284"}],"curies":[{"name":"wp","href":"https:\/\/api.w.org\/{rel}","templated":true}]}}