{"id":73348,"date":"2016-04-09T14:06:11","date_gmt":"2016-04-09T12:06:11","guid":{"rendered":"http:\/\/slovaklinesmagazin.sk\/cms\/?p=73348"},"modified":"2016-04-09T14:06:11","modified_gmt":"2016-04-09T12:06:11","slug":"napriec-strednou-aziou","status":"publish","type":"post","link":"https:\/\/www.slovaklinesmagazin.sk\/cms\/2016\/04\/napriec-strednou-aziou\/","title":{"rendered":"Naprie\u010d strednou \u00c1ziou"},"content":{"rendered":"<p><span style=\"font-family: Calibri;\"><span style=\"font-size: medium;\"><span style=\"color: #000000;\">Fotograf Kares Le Roy opustil pohodlie svojej rodnej krajiny a vybral na dlh\u00fa cestu na v\u00fdchod. Tu v\u00a0priebehu \u0161estn\u00e1stich mesiacov precestoval cel\u00fa oblas\u0165 \u00a0<\/span><\/span><span style=\"color: #000000; font-size: medium;\">b\u00fdvalej Perzie a\u00a0Stredn\u00fa \u00c1ziu. Spozn\u00e1val miestnych \u013eud\u00ed, kult\u00faru a\u00a0\u017eivotn\u00fd \u0161t\u00fdl, architekt\u00faru a n\u00e1dhern\u00fa<\/span><span style=\"color: #000000; font-size: medium;\">\u00a0 <\/span><span style=\"color: #000000; font-size: medium;\">a\u00a0\u0161pecifick\u00fa pr\u00edrodu. Rozmanit\u00fd orient\u00e1lny svet ho z\u00e1sobil tak\u00fdm mno\u017estvom materi\u00e1lu, \u017ee sa rozhodol po svojom n\u00e1vrate vyda\u0165 knihu fotografi\u00ed s\u00a0n\u00e1zvom Ashayer. Prostredn\u00edctvom nej m\u00f4\u017eete imagin\u00e1rne cestova\u0165 z Ir\u00e1nu do Afganistanu a\u00a0spozn\u00e1va\u0165 krajiny, ktor\u00e9 nie je a\u017e tak\u00e9 jednoduch\u00e9 spozn\u00e1va\u0165 na vlastnej ko\u017ei.<\/span><\/span><\/p>\n<p><img decoding=\"async\" class=\"alignnone\" src=\"http:\/\/slovaklinesmagazin.sk\/cms\/wp-content\/uploads\/2016\/04\/1-6.jpg\" alt=\"1\" \/> <img decoding=\"async\" class=\"alignnone\" src=\"http:\/\/slovaklinesmagazin.sk\/cms\/wp-content\/uploads\/2016\/04\/2-6.jpg\" alt=\"2\" \/> <img decoding=\"async\" class=\"alignnone\" src=\"http:\/\/slovaklinesmagazin.sk\/cms\/wp-content\/uploads\/2016\/04\/3-5.jpg\" alt=\"3\" \/> <img decoding=\"async\" class=\"alignnone\" src=\"http:\/\/slovaklinesmagazin.sk\/cms\/wp-content\/uploads\/2016\/04\/4-5.jpg\" alt=\"4\" \/> <img decoding=\"async\" class=\"alignnone\" src=\"http:\/\/slovaklinesmagazin.sk\/cms\/wp-content\/uploads\/2016\/04\/5-5.jpg\" alt=\"5\" \/> <img decoding=\"async\" class=\"alignnone\" src=\"http:\/\/slovaklinesmagazin.sk\/cms\/wp-content\/uploads\/2016\/04\/6-4.jpg\" alt=\"6\" \/> <img decoding=\"async\" class=\"alignnone\" src=\"http:\/\/slovaklinesmagazin.sk\/cms\/wp-content\/uploads\/2016\/04\/8-1.jpg\" alt=\"8\" \/> <img decoding=\"async\" class=\"alignnone\" src=\"http:\/\/slovaklinesmagazin.sk\/cms\/wp-content\/uploads\/2016\/04\/9-1.jpg\" alt=\"9\" \/> <img decoding=\"async\" class=\"alignnone\" src=\"http:\/\/slovaklinesmagazin.sk\/cms\/wp-content\/uploads\/2016\/04\/10-1.jpg\" alt=\"10\" \/> <img decoding=\"async\" class=\"alignnone\" src=\"http:\/\/slovaklinesmagazin.sk\/cms\/wp-content\/uploads\/2016\/04\/11.jpg\" alt=\"11\" \/> <img decoding=\"async\" class=\"alignnone\" src=\"http:\/\/slovaklinesmagazin.sk\/cms\/wp-content\/uploads\/2016\/04\/12.jpg\" alt=\"12\" \/> <img decoding=\"async\" class=\"alignnone\" src=\"http:\/\/slovaklinesmagazin.sk\/cms\/wp-content\/uploads\/2016\/04\/13.jpg\" alt=\"13\" \/> <img decoding=\"async\" class=\"alignnone\" src=\"http:\/\/slovaklinesmagazin.sk\/cms\/wp-content\/uploads\/2016\/04\/14.jpg\" alt=\"14\" \/><\/p>\n<p><span style=\"color: #000000; font-family: Calibri; font-size: medium;\">Foto: Kares Le Roy<\/span><\/p>\n","protected":false},"excerpt":{"rendered":"<p>Fotograf Kares Le Roy opustil pohodlie svojej rodnej krajiny a vybral na dlh\u00fa cestu na v\u00fdchod. Tu v\u00a0priebehu \u0161estn\u00e1stich mesiacov precestoval cel\u00fa oblas\u0165 \u00a0b\u00fdvalej Perzie a\u00a0Stredn\u00fa \u00c1ziu. Spozn\u00e1val miestnych \u013eud\u00ed, kult\u00faru a\u00a0\u017eivotn\u00fd \u0161t\u00fdl, architekt\u00faru a n\u00e1dhern\u00fa\u00a0 a\u00a0\u0161pecifick\u00fa pr\u00edrodu. Rozmanit\u00fd orient\u00e1lny svet ho z\u00e1sobil tak\u00fdm mno\u017estvom materi\u00e1lu, \u017ee sa rozhodol po svojom n\u00e1vrate vyda\u0165 knihu fotografi\u00ed [&hellip;]<\/p>\n","protected":false},"author":9,"featured_media":73355,"comment_status":"closed","ping_status":"closed","sticky":false,"template":"","format":"standard","meta":{"footnotes":""},"categories":[13],"tags":[],"class_list":["post-73348","post","type-post","status-publish","format-standard","has-post-thumbnail","hentry","category-real-estate","eq-blocks"],"_links":{"self":[{"href":"https:\/\/www.slovaklinesmagazin.sk\/cms\/wp-json\/wp\/v2\/posts\/73348","targetHints":{"allow":["GET"]}}],"collection":[{"href":"https:\/\/www.slovaklinesmagazin.sk\/cms\/wp-json\/wp\/v2\/posts"}],"about":[{"href":"https:\/\/www.slovaklinesmagazin.sk\/cms\/wp-json\/wp\/v2\/types\/post"}],"author":[{"embeddable":true,"href":"https:\/\/www.slovaklinesmagazin.sk\/cms\/wp-json\/wp\/v2\/users\/9"}],"replies":[{"embeddable":true,"href":"https:\/\/www.slovaklinesmagazin.sk\/cms\/wp-json\/wp\/v2\/comments?post=73348"}],"version-history":[{"count":1,"href":"https:\/\/www.slovaklinesmagazin.sk\/cms\/wp-json\/wp\/v2\/posts\/73348\/revisions"}],"predecessor-version":[{"id":73363,"href":"https:\/\/www.slovaklinesmagazin.sk\/cms\/wp-json\/wp\/v2\/posts\/73348\/revisions\/73363"}],"wp:featuredmedia":[{"embeddable":true,"href":"https:\/\/www.slovaklinesmagazin.sk\/cms\/wp-json\/wp\/v2\/media\/73355"}],"wp:attachment":[{"href":"https:\/\/www.slovaklinesmagazin.sk\/cms\/wp-json\/wp\/v2\/media?parent=73348"}],"wp:term":[{"taxonomy":"category","embeddable":true,"href":"https:\/\/www.slovaklinesmagazin.sk\/cms\/wp-json\/wp\/v2\/categories?post=73348"},{"taxonomy":"post_tag","embeddable":true,"href":"https:\/\/www.slovaklinesmagazin.sk\/cms\/wp-json\/wp\/v2\/tags?post=73348"}],"curies":[{"name":"wp","href":"https:\/\/api.w.org\/{rel}","templated":true}]}}