{"id":73580,"date":"2016-04-17T17:48:27","date_gmt":"2016-04-17T15:48:27","guid":{"rendered":"http:\/\/slovaklinesmagazin.sk\/cms\/?p=73580"},"modified":"2016-04-17T18:07:04","modified_gmt":"2016-04-17T16:07:04","slug":"73580","status":"publish","type":"post","link":"https:\/\/www.slovaklinesmagazin.sk\/cms\/2016\/04\/73580\/","title":{"rendered":"Slov\u00e1k propaguje na\u0161u krajinu prostredn\u00edctvom \u010dasozbern\u00fdch vide\u00ed"},"content":{"rendered":"<p><span style=\"font-family: Calibri;\"><span style=\"font-size: medium;\"><span style=\"color: #000000;\">Ak\u00e9 kr\u00e1sy a\u00a0bohatstvo pon\u00faka na\u0161a krajina, si \u010dasto neuvedomujeme ani my samy. Na\u0161\u0165astie sa propag\u00e1cii Slovenska ujal mlad\u00fd fotograf Mat\u00fa\u0161 La\u0161an, ktor\u00fd chod\u00ed po Slovensku s\u00a0otvoren\u00fdmi o\u010dami, aby n\u00e1m aj zahrani\u010dn\u00fdm turistom uk\u00e1zal, ak\u00e9 poklady krajina pod Tatrami \u00a0<\/span><\/span><span style=\"color: #000000; font-size: medium;\">ukr\u00fdva. S fotografovan\u00edm za\u010dal Mat\u00fa\u0161 v roku 2011, jeho tvorba sa od sam\u00e9ho za\u010diatku zameriavala na krajinu a\u00a0pr\u00edrodu. Zakr\u00e1tko v\u0161ak pre\u0161iel na tvorbu \u010dasozbern\u00fdch vide\u00ed: \u201eT\u00e1to v zjednodu\u0161ene povedan\u00e9 &#8222;pohybliv\u00e1 fotografia&#8220; ma od za\u010diatku o\u010darila. Pohyb, ktor\u00fd je v\u010faka tejto technike mo\u017en\u00e9 zaznamena\u0165, mi d\u00e1va ove\u013ea \u0161ir\u0161ie mo\u017enosti na sebavyjadrenie a zobrazenie viden\u00e9ho. V neposlednom rade je omnoho n\u00e1ro\u010dnej\u0161ie da\u0165 dokopy dobr\u00e9 \u010dasozbern\u00e9 video, ako zachyti\u0165 a spracova\u0165 jednu statick\u00fa fotografiu.<\/span><span style=\"color: #000000; font-size: medium;\">\u00a0 <\/span><span style=\"color: #000000; font-size: medium;\">Pre \u010dloveka, ktor\u00fd miluje v\u00fdzvy ako ja, je to ide\u00e1lna kombin\u00e1cia,\u201c tvrd\u00ed na svojej str\u00e1nke, kde u\u017e k\u00a0mnoh\u00fdm fotografi\u00e1m pribudli nejak\u00e9 p\u00fatav\u00e9 vide\u00e1. Ohlasy na jeho tvorbu s\u00fa ve\u013emi pozit\u00edvne.<\/span><\/span><\/p>\n<p><iframe loading=\"lazy\" title=\"Kr\u00e1\u013eova ho\u013ea - Mt. Kr\u00e1\u013eova\" width=\"640\" height=\"360\" src=\"https:\/\/www.youtube.com\/embed\/d2R0ChRe9m0?feature=oembed\" frameborder=\"0\" allow=\"accelerometer; autoplay; clipboard-write; encrypted-media; gyroscope; picture-in-picture; web-share\" referrerpolicy=\"strict-origin-when-cross-origin\" allowfullscreen><\/iframe><\/p>\n<p><iframe loading=\"lazy\" title=\"Natural Art by MLandscapes\" width=\"640\" height=\"360\" src=\"https:\/\/www.youtube.com\/embed\/dROYMc_2VKc?feature=oembed\" frameborder=\"0\" allow=\"accelerometer; autoplay; clipboard-write; encrypted-media; gyroscope; picture-in-picture; web-share\" referrerpolicy=\"strict-origin-when-cross-origin\" allowfullscreen><\/iframe><\/p>\n<p><iframe loading=\"lazy\" title=\"Somewhere in Slovakia 2\" width=\"640\" height=\"360\" src=\"https:\/\/www.youtube.com\/embed\/4M3vqzAM6ao?feature=oembed\" frameborder=\"0\" allow=\"accelerometer; autoplay; clipboard-write; encrypted-media; gyroscope; picture-in-picture; web-share\" referrerpolicy=\"strict-origin-when-cross-origin\" allowfullscreen><\/iframe><\/p>\n<p><span style=\"color: #000000; font-family: Calibri; font-size: medium;\">Zdroj: <a href=\"http:\/\/mlandscapes.sk\/\" target=\"_blank\"><span style=\"color: #1155cc;\">mlandscapes.sk<\/span><\/a>, <span style=\"color: #000000; font-family: Calibri;\">Mat\u00fa\u0161 La\u0161an<\/span><\/span><\/p>\n","protected":false},"excerpt":{"rendered":"<p>Ak\u00e9 kr\u00e1sy a\u00a0bohatstvo pon\u00faka na\u0161a krajina, si \u010dasto neuvedomujeme ani my samy. Na\u0161\u0165astie sa propag\u00e1cii Slovenska ujal mlad\u00fd fotograf Mat\u00fa\u0161 La\u0161an, ktor\u00fd chod\u00ed po Slovensku s\u00a0otvoren\u00fdmi o\u010dami, aby n\u00e1m aj zahrani\u010dn\u00fdm turistom uk\u00e1zal, ak\u00e9 poklady krajina pod Tatrami \u00a0ukr\u00fdva. S fotografovan\u00edm za\u010dal Mat\u00fa\u0161 v roku 2011, jeho tvorba sa od sam\u00e9ho za\u010diatku zameriavala na krajinu [&hellip;]<\/p>\n","protected":false},"author":9,"featured_media":73655,"comment_status":"closed","ping_status":"closed","sticky":false,"template":"","format":"standard","meta":{"footnotes":""},"categories":[13],"tags":[],"class_list":["post-73580","post","type-post","status-publish","format-standard","has-post-thumbnail","hentry","category-real-estate","eq-blocks"],"_links":{"self":[{"href":"https:\/\/www.slovaklinesmagazin.sk\/cms\/wp-json\/wp\/v2\/posts\/73580","targetHints":{"allow":["GET"]}}],"collection":[{"href":"https:\/\/www.slovaklinesmagazin.sk\/cms\/wp-json\/wp\/v2\/posts"}],"about":[{"href":"https:\/\/www.slovaklinesmagazin.sk\/cms\/wp-json\/wp\/v2\/types\/post"}],"author":[{"embeddable":true,"href":"https:\/\/www.slovaklinesmagazin.sk\/cms\/wp-json\/wp\/v2\/users\/9"}],"replies":[{"embeddable":true,"href":"https:\/\/www.slovaklinesmagazin.sk\/cms\/wp-json\/wp\/v2\/comments?post=73580"}],"version-history":[{"count":3,"href":"https:\/\/www.slovaklinesmagazin.sk\/cms\/wp-json\/wp\/v2\/posts\/73580\/revisions"}],"predecessor-version":[{"id":73656,"href":"https:\/\/www.slovaklinesmagazin.sk\/cms\/wp-json\/wp\/v2\/posts\/73580\/revisions\/73656"}],"wp:featuredmedia":[{"embeddable":true,"href":"https:\/\/www.slovaklinesmagazin.sk\/cms\/wp-json\/wp\/v2\/media\/73655"}],"wp:attachment":[{"href":"https:\/\/www.slovaklinesmagazin.sk\/cms\/wp-json\/wp\/v2\/media?parent=73580"}],"wp:term":[{"taxonomy":"category","embeddable":true,"href":"https:\/\/www.slovaklinesmagazin.sk\/cms\/wp-json\/wp\/v2\/categories?post=73580"},{"taxonomy":"post_tag","embeddable":true,"href":"https:\/\/www.slovaklinesmagazin.sk\/cms\/wp-json\/wp\/v2\/tags?post=73580"}],"curies":[{"name":"wp","href":"https:\/\/api.w.org\/{rel}","templated":true}]}}