{"id":73598,"date":"2016-04-17T17:55:18","date_gmt":"2016-04-17T15:55:18","guid":{"rendered":"http:\/\/slovaklinesmagazin.sk\/cms\/?p=73598"},"modified":"2016-04-17T17:55:18","modified_gmt":"2016-04-17T15:55:18","slug":"dievcata-z-woodstocku","status":"publish","type":"post","link":"https:\/\/www.slovaklinesmagazin.sk\/cms\/2016\/04\/dievcata-z-woodstocku\/","title":{"rendered":"Diev\u010dat\u00e1 z Woodstocku"},"content":{"rendered":"<p><span style=\"font-family: Calibri;\"><span style=\"color: #000000;\">Legend\u00e1rny festival z\u00a0roku 1969, \u00a0<\/span><span style=\"color: #000000; font-size: medium;\">predchodca v\u0161etk\u00fdch hudobn\u00fdch festivalov, vst\u00fapil do hist\u00f3rie a\u00a0nikto ho u\u017e len tak nevyma\u017ee. Tis\u00edcky \u013eud\u00ed spolu po\u010das hor\u00faceho augustov\u00e9ho v\u00edkendu <\/span><span style=\"color: #000000; font-size: medium;\">\u00a0<\/span><span style=\"color: #000000; font-size: medium;\">na poli farm\u00e1ra Maxa Yasgura propagovali l\u00e1sku a\u00a0mier. Deti kvetov opojen\u00e9 nielen l\u00e1skou, ale aj drogami a\u00a0alkoholom, dali priechod svojim citom a\u00a0neviazan\u00e9mu \u017eivotu. \u00da\u010dastn\u00edkov a\u00a0fotografov zaujalo najm\u00e4 ne\u017enej\u0161ie pohlavie. M\u00f3da 60. rokov, uvo\u013enenos\u0165 a\u00a0oslobodenie od v\u0161etk\u00fdch z\u00e1konov a\u00a0pravidiel sa podp\u00edsalo na ich spr\u00e1van\u00ed a v\u00fdzore, a\u00a0tak sa z\u00a0najzn\u00e1mej\u0161ieho festivalu v\u0161etk\u00fdch \u010dias zachovala zauj\u00edmav\u00e1 zbierka fotografi\u00ed. <\/span><\/span><\/p>\n<p><img decoding=\"async\" class=\"alignnone\" src=\"http:\/\/slovaklinesmagazin.sk\/cms\/wp-content\/uploads\/2016\/04\/2-15.jpg\" alt=\"2\" \/> <img decoding=\"async\" class=\"alignnone\" src=\"http:\/\/slovaklinesmagazin.sk\/cms\/wp-content\/uploads\/2016\/04\/3-14.jpg\" alt=\"3\" \/> <img decoding=\"async\" class=\"alignnone\" src=\"http:\/\/slovaklinesmagazin.sk\/cms\/wp-content\/uploads\/2016\/04\/4-14.jpg\" alt=\"4\" \/> <img decoding=\"async\" class=\"alignnone\" src=\"http:\/\/slovaklinesmagazin.sk\/cms\/wp-content\/uploads\/2016\/04\/5-14.jpg\" alt=\"5\" \/> <img decoding=\"async\" class=\"alignnone\" src=\"http:\/\/slovaklinesmagazin.sk\/cms\/wp-content\/uploads\/2016\/04\/6-13.jpg\" alt=\"6\" \/> <img decoding=\"async\" class=\"alignnone\" src=\"http:\/\/slovaklinesmagazin.sk\/cms\/wp-content\/uploads\/2016\/04\/7-10.jpg\" alt=\"7\" \/> <img decoding=\"async\" class=\"alignnone\" src=\"http:\/\/slovaklinesmagazin.sk\/cms\/wp-content\/uploads\/2016\/04\/8-8.jpg\" alt=\"8\" \/> <img decoding=\"async\" class=\"alignnone\" src=\"http:\/\/slovaklinesmagazin.sk\/cms\/wp-content\/uploads\/2016\/04\/9-8.jpg\" alt=\"9\" \/> <img decoding=\"async\" class=\"alignnone\" src=\"http:\/\/slovaklinesmagazin.sk\/cms\/wp-content\/uploads\/2016\/04\/10-8.jpg\" alt=\"10\" \/> <img decoding=\"async\" class=\"alignnone\" src=\"http:\/\/slovaklinesmagazin.sk\/cms\/wp-content\/uploads\/2016\/04\/11-7.jpg\" alt=\"11\" \/> <img decoding=\"async\" class=\"alignnone\" src=\"http:\/\/slovaklinesmagazin.sk\/cms\/wp-content\/uploads\/2016\/04\/12-7.jpg\" alt=\"12\" \/> <img decoding=\"async\" class=\"alignnone\" src=\"http:\/\/slovaklinesmagazin.sk\/cms\/wp-content\/uploads\/2016\/04\/13-6.jpg\" alt=\"13\" \/> <img decoding=\"async\" class=\"alignnone\" src=\"http:\/\/slovaklinesmagazin.sk\/cms\/wp-content\/uploads\/2016\/04\/14-6.jpg\" alt=\"14\" \/> <img decoding=\"async\" class=\"alignnone\" src=\"http:\/\/slovaklinesmagazin.sk\/cms\/wp-content\/uploads\/2016\/04\/15-3.jpg\" alt=\"15\" \/><\/p>\n","protected":false},"excerpt":{"rendered":"<p>Legend\u00e1rny festival z\u00a0roku 1969, \u00a0predchodca v\u0161etk\u00fdch hudobn\u00fdch festivalov, vst\u00fapil do hist\u00f3rie a\u00a0nikto ho u\u017e len tak nevyma\u017ee. Tis\u00edcky \u013eud\u00ed spolu po\u010das hor\u00faceho augustov\u00e9ho v\u00edkendu \u00a0na poli farm\u00e1ra Maxa Yasgura propagovali l\u00e1sku a\u00a0mier. Deti kvetov opojen\u00e9 nielen l\u00e1skou, ale aj drogami a\u00a0alkoholom, dali priechod svojim citom a\u00a0neviazan\u00e9mu \u017eivotu. \u00da\u010dastn\u00edkov a\u00a0fotografov zaujalo najm\u00e4 ne\u017enej\u0161ie pohlavie. M\u00f3da 60. [&hellip;]<\/p>\n","protected":false},"author":9,"featured_media":73599,"comment_status":"closed","ping_status":"closed","sticky":false,"template":"","format":"standard","meta":{"footnotes":""},"categories":[9],"tags":[],"class_list":["post-73598","post","type-post","status-publish","format-standard","has-post-thumbnail","hentry","category-lifestyle","eq-blocks"],"_links":{"self":[{"href":"https:\/\/www.slovaklinesmagazin.sk\/cms\/wp-json\/wp\/v2\/posts\/73598","targetHints":{"allow":["GET"]}}],"collection":[{"href":"https:\/\/www.slovaklinesmagazin.sk\/cms\/wp-json\/wp\/v2\/posts"}],"about":[{"href":"https:\/\/www.slovaklinesmagazin.sk\/cms\/wp-json\/wp\/v2\/types\/post"}],"author":[{"embeddable":true,"href":"https:\/\/www.slovaklinesmagazin.sk\/cms\/wp-json\/wp\/v2\/users\/9"}],"replies":[{"embeddable":true,"href":"https:\/\/www.slovaklinesmagazin.sk\/cms\/wp-json\/wp\/v2\/comments?post=73598"}],"version-history":[{"count":1,"href":"https:\/\/www.slovaklinesmagazin.sk\/cms\/wp-json\/wp\/v2\/posts\/73598\/revisions"}],"predecessor-version":[{"id":73614,"href":"https:\/\/www.slovaklinesmagazin.sk\/cms\/wp-json\/wp\/v2\/posts\/73598\/revisions\/73614"}],"wp:featuredmedia":[{"embeddable":true,"href":"https:\/\/www.slovaklinesmagazin.sk\/cms\/wp-json\/wp\/v2\/media\/73599"}],"wp:attachment":[{"href":"https:\/\/www.slovaklinesmagazin.sk\/cms\/wp-json\/wp\/v2\/media?parent=73598"}],"wp:term":[{"taxonomy":"category","embeddable":true,"href":"https:\/\/www.slovaklinesmagazin.sk\/cms\/wp-json\/wp\/v2\/categories?post=73598"},{"taxonomy":"post_tag","embeddable":true,"href":"https:\/\/www.slovaklinesmagazin.sk\/cms\/wp-json\/wp\/v2\/tags?post=73598"}],"curies":[{"name":"wp","href":"https:\/\/api.w.org\/{rel}","templated":true}]}}