{"id":74082,"date":"2016-05-04T13:35:41","date_gmt":"2016-05-04T11:35:41","guid":{"rendered":"http:\/\/slovaklinesmagazin.sk\/cms\/?p=74082"},"modified":"2016-05-04T13:35:41","modified_gmt":"2016-05-04T11:35:41","slug":"cergovske-poklady","status":"publish","type":"post","link":"https:\/\/www.slovaklinesmagazin.sk\/cms\/2016\/05\/cergovske-poklady\/","title":{"rendered":"\u010cERGOVSK\u00c9 POKLADY"},"content":{"rendered":"<p>\u010cergovsk\u00e9 pohorie, star\u0161ie \u010cerchov, mo\u017eno nepozn\u00e1 na prv\u00e9 po\u010dutie ka\u017ed\u00fd. Zatia\u013e patr\u00ed k na\u0161im menej nav\u0161tevovan\u00fdm hor\u00e1m. Sk\u00fasen\u00ed turisti vedia, \u017ee tam n\u00e1jdu mnoho zauj\u00edmav\u00fdch pr\u00edrodn\u00fdch kr\u00e1s, pozoruhodnost\u00ed a mo\u017enost\u00ed, ako str\u00e1vi\u0165 \u010das s rodinou a priate\u013emi. Pre t\u00fdch, ktor\u00ed sa o \u010cergove dozvedaj\u00fa prv\u00fdkr\u00e1t, m\u00e1me nieko\u013eko d\u00f4vodov, pre\u010do pohorie na severov\u00fdchode Slovenska nav\u0161t\u00edvi\u0165.<\/p>\n<p style=\"text-align: center;\"><img decoding=\"async\" class=\"aligncenter\" src=\"http:\/\/slovaklinesmagazin.sk\/cms\/wp-content\/uploads\/2016\/05\/Dreven\u00fd-kostol\u00edk-v-Hervartove-1024x681.jpg\" alt=\"Dreven\u00fd kostol\u00edk v Hervartove\" \/>Dreven\u00fd kostol\u00edk v Hervartove<\/p>\n<p style=\"text-align: left;\">\u010cergov m\u00e1 zauj\u00edmav\u00fdch susedov. Na v\u00fdchode sused\u00ed s\u00a0Ondavskou vrchovinou, na z\u00e1pade so Spi\u0161sko-\u0161ari\u0161sk\u00fdm medzihor\u00edm a na severe s \u013dubovnianskou vrchovinou. Z\u00e1rove\u0148 na severe tvor\u00ed \u010diasto\u010dne \u0161t\u00e1tnu hranicu s Po\u013eskom. Z v\u00fdchodu obm\u00fdva svahy \u010cergova rieka Top\u013ea prameniaca pod vrcholom Min\u010dol, na z\u00e1pade pr\u00edtoky rieky Torysa. Jeho svahy s\u00fa zarasten\u00e9 zmie\u0161an\u00fdmi lesmi a horsk\u00fdmi l\u00fakami. Obyvate\u013emi lesov s\u00fa aj mnoh\u00e9 chr\u00e1nen\u00e9 \u017eivo\u010d\u00edchy.<\/p>\n<p style=\"text-align: center;\"><img decoding=\"async\" class=\"aligncenter\" src=\"http:\/\/slovaklinesmagazin.sk\/cms\/wp-content\/uploads\/2016\/05\/Jele\u0148-lesn\u00fd.png\" alt=\"Jele\u0148 lesn\u00fd\" \/><br \/>\nJele\u0148 lesn\u00fd \u2013\u00a0Cervus elaphus,<br \/>\nFoto: Emil\u00a0Grobauer<\/p>\n<p>Chrb\u00e1t pohoria je dlh\u00fd pribli\u017ene 30 kilometrov. Pomenovanie dostal pod\u013ea vrchu \u010cergov vysok\u00e9ho 1050 m n. m. vo v\u00fdchodnej \u010dasti hlavn\u00e9ho hrebe\u0148a. Z jeho vrcholu je dobr\u00fd v\u00fdh\u013ead na Str\u00e1\u017ee, Kapu\u0161iansky hrad, Pre\u0161ov, Lys\u00fa a\u00a0jej bo\u010dn\u00fd hrebe\u0148. Av\u0161ak najvy\u0161\u0161\u00edm vrchom pohoria je vrch Min\u010dol vysok\u00fd 1157 m n. m. N\u00e1zov poch\u00e1dza z rumunsk\u00e9ho slova muncel (kopec, n\u00e1vr\u0161ie, vrchol hory). Nach\u00e1dza sa v\u00a0z\u00e1padnej \u010dasti pohoria na hraniciach okresov Bardejov, Pre\u0161ov a Star\u00e1 \u013dubov\u0148a. M\u00e1 h\u00f4\u013enat\u00fd charakter s typicky karpatskou horskou kvetenou, zasahuj\u00facou aj do lesn\u00fdch spolo\u010denstiev. Min\u010dol je d\u00f4le\u017eit\u00fdm turistick\u00fdm bodom, o \u010dom sved\u010d\u00ed aj po\u010det zna\u010den\u00fdch tr\u00e1s, ktor\u00e9 k nemu ved\u00fa.<\/p>\n<p style=\"text-align: center;\"><img loading=\"lazy\" decoding=\"async\" class=\"aligncenter\" src=\"http:\/\/slovaklinesmagazin.sk\/cms\/wp-content\/uploads\/2016\/05\/Poh\u013ead-z-Mal\u00e9ho-Min\u010dola-na-Tatry-1024x681.jpg\" alt=\"Poh\u013ead z Mal\u00e9ho Min\u010dola na Tatry\" width=\"910\" height=\"605\" \/><br \/>\nPoh\u013ead z Mal\u00e9ho Min\u010dola na Tatry<\/p>\n<p>Medzi najpou\u017e\u00edvanej\u0161ie v\u00fdstupov\u00e9 trasy z &#8222;pre\u0161ovskej&#8220; strany patr\u00ed modro zna\u010den\u00e1 trasa, ktor\u00e1 z\u00a0Kyjova vedie hrebe\u0148om nad Soko\u013eou dolinou, pr\u00edpadne \u017elt\u00e1 zo \u0160ari\u0161sk\u00e9ho Jastrabia a z &#8222;bardejovskej&#8220; strany \u017elt\u00e1 z Livovskej Huty. Na r\u00fdchly v\u00fdstup sa d\u00e1 pou\u017ei\u0165 aj nezna\u010den\u00e1, ale orienta\u010dne nen\u00e1ro\u010dn\u00e1 trasa z obce Potoky. Z vrcholu je kr\u00e1sny v\u00fdh\u013ead smerom na z\u00e1pad na Tatry, Pieniny, severne m\u00e1me ako na dlani Mal\u00fd Min\u010dol, Murianik, Dlh\u00fa, Krynick\u00fa Javorinu. Severov\u00fdchodne pekne vidno ved\u013eaj\u0161\u00ed \u010dergovsk\u00fd hrebe\u0148 s P\u00e1lenicou, Roha\u013eankou a Jase\u0148ovom. Kv\u00f4li v\u00fdh\u013eadom na v\u00fdchod a juh, ktor\u00e9 s\u00fa z Min\u010dola obmedzen\u00e9, sa oplat\u00ed odbehn\u00fa\u0165 na ne\u010falek\u00fd predvrchol Min\u010dola. N\u00e1dhern\u00fd v\u00fdh\u013ead na hlavn\u00fd hrebe\u0148 pohoria je z vrcholu s nev\u00e1bnym n\u00e1zvom \u0160kared\u00e9. Nenechajte sa v\u0161ak odradi\u0165. Ako na dlani odtia\u013e vid\u00edte aj ju\u017en\u00fa stranu Hra\u0161ov\u00edka, horsk\u00e9 l\u00faky na Pastier\u010d\u00e1koch a Solisko.<\/p>\n<p style=\"text-align: center;\"><img loading=\"lazy\" decoding=\"async\" class=\"aligncenter\" src=\"http:\/\/slovaklinesmagazin.sk\/cms\/wp-content\/uploads\/2016\/05\/Storo\u010dn\u00fd-les-pri-Dvorisk\u00e1ch-1024x681.jpg\" alt=\"Storo\u010dn\u00fd les pri Dvorisk\u00e1ch\" width=\"926\" height=\"616\" \/><\/p>\n<p style=\"text-align: center;\">Storo\u010dn\u00fd les pri Dvorisk\u00e1ch<\/p>\n<p>S\u00fa\u010das\u0165ou oblasti je aj nieko\u013eko pr\u00edrodn\u00fdch rezerv\u00e1ci\u00ed, ako napr\u00edklad \u010cergovsk\u00fd Min\u010dol, \u010cergovsk\u00e1 javorina, Livovsk\u00e1 jel\u0161ina, Hradov\u00e1 hora, Vl\u010dia, pramenisko Tople. Tu sa nach\u00e1dzaj\u00fa po\u010detn\u00e9 chr\u00e1nen\u00e9 pr\u00edrodn\u00e9 v\u00fdtvory a\u00a0n\u00e1u\u010dn\u00e9 chodn\u00edky, rast\u00fa tu vz\u00e1cne druhy stromov a\u00a0bohat\u00e1 veget\u00e1cia. Na potulk\u00e1ch m\u00f4\u017eete natrafi\u0165 na medvede, vlky, rysy. Z oblohy v\u00e1s m\u00f4\u017eu sledova\u0165 chr\u00e1nen\u00e9 orly.<\/p>\n<div id='gallery-1' class='gallery galleryid-74082 gallery-columns-3 gallery-size-thumbnail'><figure class='gallery-item'>\n\t\t\t<div class='gallery-icon landscape'>\n\t\t\t\t<a href='https:\/\/www.slovaklinesmagazin.sk\/cms\/2016\/05\/cergovske-poklady\/15-198\/'><img loading=\"lazy\" decoding=\"async\" width=\"150\" height=\"150\" src=\"https:\/\/www.slovaklinesmagazin.sk\/cms\/wp-content\/uploads\/2016\/05\/15-150x150.jpg\" class=\"attachment-thumbnail size-thumbnail\" alt=\"\" aria-describedby=\"gallery-1-74088\" \/><\/a>\n\t\t\t<\/div>\n\t\t\t\t<figcaption class='wp-caption-text gallery-caption' id='gallery-1-74088'>\n\t\t\t\tJele\u0148 lesn\u00fd \u2013 Cervus elaphus, Foto: Emil Grobauer\n\t\t\t\t<\/figcaption><\/figure><figure class='gallery-item'>\n\t\t\t<div class='gallery-icon landscape'>\n\t\t\t\t<a href='https:\/\/www.slovaklinesmagazin.sk\/cms\/2016\/05\/cergovske-poklady\/16-178\/'><img loading=\"lazy\" decoding=\"async\" width=\"150\" height=\"150\" src=\"https:\/\/www.slovaklinesmagazin.sk\/cms\/wp-content\/uploads\/2016\/05\/16-150x150.jpg\" class=\"attachment-thumbnail size-thumbnail\" alt=\"\" \/><\/a>\n\t\t\t<\/div><\/figure><figure class='gallery-item'>\n\t\t\t<div class='gallery-icon landscape'>\n\t\t\t\t<a href='https:\/\/www.slovaklinesmagazin.sk\/cms\/2016\/05\/cergovske-poklady\/17-156\/'><img loading=\"lazy\" decoding=\"async\" width=\"150\" height=\"150\" src=\"https:\/\/www.slovaklinesmagazin.sk\/cms\/wp-content\/uploads\/2016\/05\/17-1-150x150.jpg\" class=\"attachment-thumbnail size-thumbnail\" alt=\"\" \/><\/a>\n\t\t\t<\/div><\/figure><figure class='gallery-item'>\n\t\t\t<div class='gallery-icon landscape'>\n\t\t\t\t<a href='https:\/\/www.slovaklinesmagazin.sk\/cms\/2016\/05\/cergovske-poklady\/18-135\/'><img loading=\"lazy\" decoding=\"async\" width=\"150\" height=\"150\" src=\"https:\/\/www.slovaklinesmagazin.sk\/cms\/wp-content\/uploads\/2016\/05\/18-150x150.png\" class=\"attachment-thumbnail size-thumbnail\" alt=\"\" \/><\/a>\n\t\t\t<\/div><\/figure><figure class='gallery-item'>\n\t\t\t<div class='gallery-icon landscape'>\n\t\t\t\t<a href='https:\/\/www.slovaklinesmagazin.sk\/cms\/2016\/05\/cergovske-poklady\/19-118\/'><img loading=\"lazy\" decoding=\"async\" width=\"150\" height=\"150\" src=\"https:\/\/www.slovaklinesmagazin.sk\/cms\/wp-content\/uploads\/2016\/05\/19-150x150.png\" class=\"attachment-thumbnail size-thumbnail\" alt=\"\" \/><\/a>\n\t\t\t<\/div><\/figure><figure class='gallery-item'>\n\t\t\t<div class='gallery-icon landscape'>\n\t\t\t\t<a href='https:\/\/www.slovaklinesmagazin.sk\/cms\/2016\/05\/cergovske-poklady\/dreveny-kostolik-v-hervartove-2\/'><img loading=\"lazy\" decoding=\"async\" width=\"150\" height=\"150\" src=\"https:\/\/www.slovaklinesmagazin.sk\/cms\/wp-content\/uploads\/2016\/05\/Dreven\u00fd-kostol\u00edk-v-Hervartove--150x150.png\" class=\"attachment-thumbnail size-thumbnail\" alt=\"\" aria-describedby=\"gallery-1-74093\" \/><\/a>\n\t\t\t<\/div>\n\t\t\t\t<figcaption class='wp-caption-text gallery-caption' id='gallery-1-74093'>\n\t\t\t\tDreven\u00fd kostol\u00edk v Hervartove\n\t\t\t\t<\/figcaption><\/figure><figure class='gallery-item'>\n\t\t\t<div class='gallery-icon landscape'>\n\t\t\t\t<a href='https:\/\/www.slovaklinesmagazin.sk\/cms\/2016\/05\/cergovske-poklady\/dreveny-kostolik-v-hervartove-3\/'><img loading=\"lazy\" decoding=\"async\" width=\"150\" height=\"150\" src=\"https:\/\/www.slovaklinesmagazin.sk\/cms\/wp-content\/uploads\/2016\/05\/Dreven\u00fd-kostol\u00edk-v-Hervartove-1-150x150.jpg\" class=\"attachment-thumbnail size-thumbnail\" alt=\"\" aria-describedby=\"gallery-1-74094\" \/><\/a>\n\t\t\t<\/div>\n\t\t\t\t<figcaption class='wp-caption-text gallery-caption' id='gallery-1-74094'>\n\t\t\t\tDreven\u00fd kostol\u00edk v Hervartove\n\t\t\t\t<\/figcaption><\/figure><figure class='gallery-item'>\n\t\t\t<div class='gallery-icon landscape'>\n\t\t\t\t<a href='https:\/\/www.slovaklinesmagazin.sk\/cms\/2016\/05\/cergovske-poklady\/horska-luka-na-mincole\/'><img loading=\"lazy\" decoding=\"async\" width=\"150\" height=\"150\" src=\"https:\/\/www.slovaklinesmagazin.sk\/cms\/wp-content\/uploads\/2016\/05\/Horsk\u00e1-l\u00faka-na-Min\u010dole-150x150.jpg\" class=\"attachment-thumbnail size-thumbnail\" alt=\"\" aria-describedby=\"gallery-1-74095\" \/><\/a>\n\t\t\t<\/div>\n\t\t\t\t<figcaption class='wp-caption-text gallery-caption' id='gallery-1-74095'>\n\t\t\t\tHorsk\u00e1 l\u00faka na Min\u010dole\n\t\t\t\t<\/figcaption><\/figure><figure class='gallery-item'>\n\t\t\t<div class='gallery-icon landscape'>\n\t\t\t\t<a href='https:\/\/www.slovaklinesmagazin.sk\/cms\/2016\/05\/cergovske-poklady\/horska-luka-na-predvrchole-mincola\/'><img loading=\"lazy\" decoding=\"async\" width=\"150\" height=\"150\" src=\"https:\/\/www.slovaklinesmagazin.sk\/cms\/wp-content\/uploads\/2016\/05\/Horsk\u00e1-l\u00faka-na-predvrchole-Min\u010dola-150x150.jpg\" class=\"attachment-thumbnail size-thumbnail\" alt=\"\" aria-describedby=\"gallery-1-74096\" \/><\/a>\n\t\t\t<\/div>\n\t\t\t\t<figcaption class='wp-caption-text gallery-caption' id='gallery-1-74096'>\n\t\t\t\tHorsk\u00e1 l\u00faka na predvrchole Min\u010dola\n\t\t\t\t<\/figcaption><\/figure><figure class='gallery-item'>\n\t\t\t<div class='gallery-icon landscape'>\n\t\t\t\t<a href='https:\/\/www.slovaklinesmagazin.sk\/cms\/2016\/05\/cergovske-poklady\/les-pod-vrcholom-hrasovika\/'><img loading=\"lazy\" decoding=\"async\" width=\"150\" height=\"150\" src=\"https:\/\/www.slovaklinesmagazin.sk\/cms\/wp-content\/uploads\/2016\/05\/Les-pod-vrcholom-Hra\u0161ov\u00edka-150x150.png\" class=\"attachment-thumbnail size-thumbnail\" alt=\"\" aria-describedby=\"gallery-1-74098\" \/><\/a>\n\t\t\t<\/div>\n\t\t\t\t<figcaption class='wp-caption-text gallery-caption' id='gallery-1-74098'>\n\t\t\t\tLes pod vrcholom Hra\u0161ov\u00edka\n\t\t\t\t<\/figcaption><\/figure><figure class='gallery-item'>\n\t\t\t<div class='gallery-icon landscape'>\n\t\t\t\t<a href='https:\/\/www.slovaklinesmagazin.sk\/cms\/2016\/05\/cergovske-poklady\/pohlad-z-hornej-stanice-lanovky-na-lysej\/'><img loading=\"lazy\" decoding=\"async\" width=\"150\" height=\"150\" src=\"https:\/\/www.slovaklinesmagazin.sk\/cms\/wp-content\/uploads\/2016\/05\/Poh\u013ead-z-hornej-stanice-lanovky-na-Lysej-150x150.jpg\" class=\"attachment-thumbnail size-thumbnail\" alt=\"\" aria-describedby=\"gallery-1-74099\" \/><\/a>\n\t\t\t<\/div>\n\t\t\t\t<figcaption class='wp-caption-text gallery-caption' id='gallery-1-74099'>\n\t\t\t\tPoh\u013ead z hornej stanice lanovky na Lysej\n\t\t\t\t<\/figcaption><\/figure><figure class='gallery-item'>\n\t\t\t<div class='gallery-icon landscape'>\n\t\t\t\t<a href='https:\/\/www.slovaklinesmagazin.sk\/cms\/2016\/05\/cergovske-poklady\/pohlad-z-hrebena-na-dolinu-obce-krize\/'><img loading=\"lazy\" decoding=\"async\" width=\"150\" height=\"150\" src=\"https:\/\/www.slovaklinesmagazin.sk\/cms\/wp-content\/uploads\/2016\/05\/Poh\u013ead-z-hrebe\u0148a-na-dolinu-obce-Kr\u00ed\u017ee-150x150.jpg\" class=\"attachment-thumbnail size-thumbnail\" alt=\"\" aria-describedby=\"gallery-1-74100\" \/><\/a>\n\t\t\t<\/div>\n\t\t\t\t<figcaption class='wp-caption-text gallery-caption' id='gallery-1-74100'>\n\t\t\t\tPoh\u013ead z hrebe\u0148a na dolinu obce Kr\u00ed\u017ee\n\t\t\t\t<\/figcaption><\/figure><figure class='gallery-item'>\n\t\t\t<div class='gallery-icon landscape'>\n\t\t\t\t<a href='https:\/\/www.slovaklinesmagazin.sk\/cms\/2016\/05\/cergovske-poklady\/pohlad-z-maleho-mincola-na-tatry-2\/'><img loading=\"lazy\" decoding=\"async\" width=\"150\" height=\"150\" src=\"https:\/\/www.slovaklinesmagazin.sk\/cms\/wp-content\/uploads\/2016\/05\/Poh\u013ead-z-Mal\u00e9ho-Min\u010dola-na-Tatry-1-150x150.jpg\" class=\"attachment-thumbnail size-thumbnail\" alt=\"\" aria-describedby=\"gallery-1-74101\" \/><\/a>\n\t\t\t<\/div>\n\t\t\t\t<figcaption class='wp-caption-text gallery-caption' id='gallery-1-74101'>\n\t\t\t\tPoh\u013ead z Mal\u00e9ho Min\u010dola na Tatry\n\t\t\t\t<\/figcaption><\/figure><figure class='gallery-item'>\n\t\t\t<div class='gallery-icon landscape'>\n\t\t\t\t<a href='https:\/\/www.slovaklinesmagazin.sk\/cms\/2016\/05\/cergovske-poklady\/pohlad-z-predvrchola-mincola\/'><img loading=\"lazy\" decoding=\"async\" width=\"150\" height=\"150\" src=\"https:\/\/www.slovaklinesmagazin.sk\/cms\/wp-content\/uploads\/2016\/05\/Poh\u013ead-z-predvrchola-Min\u010dola-150x150.jpg\" class=\"attachment-thumbnail size-thumbnail\" alt=\"\" aria-describedby=\"gallery-1-74102\" \/><\/a>\n\t\t\t<\/div>\n\t\t\t\t<figcaption class='wp-caption-text gallery-caption' id='gallery-1-74102'>\n\t\t\t\tPoh\u013ead z predvrchola Min\u010dola\n\t\t\t\t<\/figcaption><\/figure><figure class='gallery-item'>\n\t\t\t<div class='gallery-icon landscape'>\n\t\t\t\t<a href='https:\/\/www.slovaklinesmagazin.sk\/cms\/2016\/05\/cergovske-poklady\/sedlo-pod-forgackou\/'><img loading=\"lazy\" decoding=\"async\" width=\"150\" height=\"150\" src=\"https:\/\/www.slovaklinesmagazin.sk\/cms\/wp-content\/uploads\/2016\/05\/Sedlo-pod-Forg\u00e1\u010dkou-150x150.jpg\" class=\"attachment-thumbnail size-thumbnail\" alt=\"\" aria-describedby=\"gallery-1-74103\" \/><\/a>\n\t\t\t<\/div>\n\t\t\t\t<figcaption class='wp-caption-text gallery-caption' id='gallery-1-74103'>\n\t\t\t\tSedlo pod Forg\u00e1\u010dkou\n\t\t\t\t<\/figcaption><\/figure><figure class='gallery-item'>\n\t\t\t<div class='gallery-icon landscape'>\n\t\t\t\t<a href='https:\/\/www.slovaklinesmagazin.sk\/cms\/2016\/05\/cergovske-poklady\/storocny-les-pri-dvoriskach-2\/'><img loading=\"lazy\" decoding=\"async\" width=\"150\" height=\"150\" src=\"https:\/\/www.slovaklinesmagazin.sk\/cms\/wp-content\/uploads\/2016\/05\/Storo\u010dn\u00fd-les-pri-Dvorisk\u00e1ch-1-150x150.jpg\" class=\"attachment-thumbnail size-thumbnail\" alt=\"\" aria-describedby=\"gallery-1-74104\" \/><\/a>\n\t\t\t<\/div>\n\t\t\t\t<figcaption class='wp-caption-text gallery-caption' id='gallery-1-74104'>\n\t\t\t\tStoro\u010dn\u00fd les pri Dvorisk\u00e1ch\n\t\t\t\t<\/figcaption><\/figure><figure class='gallery-item'>\n\t\t\t<div class='gallery-icon landscape'>\n\t\t\t\t<a href='https:\/\/www.slovaklinesmagazin.sk\/cms\/2016\/05\/cergovske-poklady\/vyhlad-na-obec-hanigovce\/'><img loading=\"lazy\" decoding=\"async\" width=\"150\" height=\"150\" src=\"https:\/\/www.slovaklinesmagazin.sk\/cms\/wp-content\/uploads\/2016\/05\/V\u00fdh\u013ead-na-obec-Hanigovce-150x150.jpg\" class=\"attachment-thumbnail size-thumbnail\" alt=\"\" aria-describedby=\"gallery-1-74105\" \/><\/a>\n\t\t\t<\/div>\n\t\t\t\t<figcaption class='wp-caption-text gallery-caption' id='gallery-1-74105'>\n\t\t\t\tV\u00fdh\u013ead na obec Hanigovce\n\t\t\t\t<\/figcaption><\/figure>\n\t\t<\/div>\n\n<p>Ak m\u00e1te chu\u0165 spozna\u0165 svahy \u010cergova na vlastnej ko\u017ei, m\u00e1te mo\u017enos\u0165 vybra\u0165 si z mnoh\u00fdch zna\u010den\u00fdch aj nezna\u010den\u00fdch turistick\u00fdch tr\u00e1s. Niektor\u00e9 s\u00fa n\u00e1ro\u010dnej\u0161ie, in\u00e9 zvl\u00e1dnu spolu s vami aj deti. Sta\u010d\u00ed si len vybra\u0165. Pr\u00edroda v\u00e1m otvor\u00ed svoju n\u00e1ru\u010d, a ak budete oh\u013eadupln\u00ed, m\u00f4\u017eete sa ponori\u0165 do dobrodru\u017estva za objavovan\u00edm kr\u00e1s tohto rozmanit\u00e9ho pohoria a jeho obyvate\u013eov.<\/p>\n<p>Spozn\u00e1te tu \u010dist\u00fa pr\u00edrodu, malebn\u00fa krajinu \u010di tajomn\u00e9 z\u00e1kutia. Svoje v\u00fdlety po \u010cergovsk\u00fdch vrchoch m\u00f4\u017eete okoreni\u0165 aj h\u013eadan\u00edm ke\u0161iek prostredn\u00edctvom geocachingu.<\/p>\n<p>Viacej inform\u00e1ci\u00ed n\u00e1jdete <a href=\"http:\/\/www.cergov.sk\">TU<\/a><\/p>\n<p>&nbsp;<\/p>\n<p>Text: Petra Ha\u0161ov\u00e1<\/p>\n<p>Fotografie:\u00a0http:\/\/www.cergov.sk\/<\/p>\n<p>Tento \u010dl\u00e1nok vznikol na z\u00e1klade tipu od na\u0161ej \u010ditate\u013eky Ivany Goli\u00e1\u0161ovej &#8211; \u010fakujeme !<\/p>\n","protected":false},"excerpt":{"rendered":"<p>\u010cergovsk\u00e9 pohorie, star\u0161ie \u010cerchov, mo\u017eno nepozn\u00e1 na prv\u00e9 po\u010dutie ka\u017ed\u00fd. Zatia\u013e patr\u00ed k na\u0161im menej nav\u0161tevovan\u00fdm hor\u00e1m. Sk\u00fasen\u00ed turisti vedia, \u017ee tam n\u00e1jdu mnoho zauj\u00edmav\u00fdch pr\u00edrodn\u00fdch kr\u00e1s, pozoruhodnost\u00ed a mo\u017enost\u00ed, ako str\u00e1vi\u0165 \u010das s rodinou a priate\u013emi. Pre t\u00fdch, ktor\u00ed sa o \u010cergove dozvedaj\u00fa prv\u00fdkr\u00e1t, m\u00e1me nieko\u013eko d\u00f4vodov, pre\u010do pohorie na severov\u00fdchode Slovenska nav\u0161t\u00edvi\u0165. Dreven\u00fd [&hellip;]<\/p>\n","protected":false},"author":7,"featured_media":74083,"comment_status":"closed","ping_status":"closed","sticky":false,"template":"","format":"standard","meta":{"footnotes":""},"categories":[13,45,56,50],"tags":[],"class_list":["post-74082","post","type-post","status-publish","format-standard","has-post-thumbnail","hentry","category-real-estate","category-nas-tip","category-priroda","category-radim-vam","eq-blocks"],"_links":{"self":[{"href":"https:\/\/www.slovaklinesmagazin.sk\/cms\/wp-json\/wp\/v2\/posts\/74082","targetHints":{"allow":["GET"]}}],"collection":[{"href":"https:\/\/www.slovaklinesmagazin.sk\/cms\/wp-json\/wp\/v2\/posts"}],"about":[{"href":"https:\/\/www.slovaklinesmagazin.sk\/cms\/wp-json\/wp\/v2\/types\/post"}],"author":[{"embeddable":true,"href":"https:\/\/www.slovaklinesmagazin.sk\/cms\/wp-json\/wp\/v2\/users\/7"}],"replies":[{"embeddable":true,"href":"https:\/\/www.slovaklinesmagazin.sk\/cms\/wp-json\/wp\/v2\/comments?post=74082"}],"version-history":[{"count":1,"href":"https:\/\/www.slovaklinesmagazin.sk\/cms\/wp-json\/wp\/v2\/posts\/74082\/revisions"}],"predecessor-version":[{"id":74106,"href":"https:\/\/www.slovaklinesmagazin.sk\/cms\/wp-json\/wp\/v2\/posts\/74082\/revisions\/74106"}],"wp:featuredmedia":[{"embeddable":true,"href":"https:\/\/www.slovaklinesmagazin.sk\/cms\/wp-json\/wp\/v2\/media\/74083"}],"wp:attachment":[{"href":"https:\/\/www.slovaklinesmagazin.sk\/cms\/wp-json\/wp\/v2\/media?parent=74082"}],"wp:term":[{"taxonomy":"category","embeddable":true,"href":"https:\/\/www.slovaklinesmagazin.sk\/cms\/wp-json\/wp\/v2\/categories?post=74082"},{"taxonomy":"post_tag","embeddable":true,"href":"https:\/\/www.slovaklinesmagazin.sk\/cms\/wp-json\/wp\/v2\/tags?post=74082"}],"curies":[{"name":"wp","href":"https:\/\/api.w.org\/{rel}","templated":true}]}}