{"id":74189,"date":"2016-05-08T22:20:25","date_gmt":"2016-05-08T20:20:25","guid":{"rendered":"http:\/\/slovaklinesmagazin.sk\/cms\/?p=74189"},"modified":"2016-05-08T22:20:25","modified_gmt":"2016-05-08T20:20:25","slug":"zaujem-o-slovensko-stale-rastie","status":"publish","type":"post","link":"https:\/\/www.slovaklinesmagazin.sk\/cms\/2016\/05\/zaujem-o-slovensko-stale-rastie\/","title":{"rendered":"Z\u00e1ujem o Slovensko st\u00e1le rastie"},"content":{"rendered":"<p><span style=\"color: #000000; font-family: Calibri; font-size: medium;\">Po tom, ako na\u0161u krajinu minul\u00fd rok nav\u0161t\u00edvilo rekordn\u00fdch 4,3 mili\u00f3na n\u00e1v\u0161tevn\u00edkov, m\u00f4\u017ee Slovensko tieto \u0161tatistiky e\u0161te vylep\u0161i\u0165. Nazna\u010duj\u00fa to \u010d\u00edsla za prv\u00e9 dva mesiace tohto roka. <\/span><\/p>\n<p><span style=\"color: #000000; font-family: Calibri; font-size: medium;\">Vo febru\u00e1ri si Slovensko ako cie\u013e svojej dovolenky vybralo vy\u0161e 358-tis\u00edc n\u00e1v\u0161tevn\u00edkov, \u010do je takmer o 25-percent viac, ako za rovnak\u00e9 obdobie v minulom roku. Po\u010det dom\u00e1cich dovolenk\u00e1rov sa zv\u00fd\u0161il o 26 percent (230 655) a zahrani\u010dn\u00ed zaznamenali 21,9-percentn\u00fd n\u00e1rast (127 374). Febru\u00e1rov\u00e9 \u010d\u00edsla tak potvrdili rast\u00faci trend z janu\u00e1ra, kedy Slovensko priv\u00edtalo 244-tis\u00edc n\u00e1v\u0161tevn\u00edkov (+31 percent oproti janu\u00e1ru 2015). <\/span><\/p>\n<p><span style=\"font-family: Calibri;\"><span style=\"font-size: medium;\"><span style=\"color: #000000;\"><b>Akt\u00edvna komunik\u00e1cia<\/b><br \/>\n<\/span><\/span><span style=\"color: #000000; font-size: medium;\"> Za vysok\u00fdm n\u00e1rastom n\u00e1v\u0161tevnosti je viacero faktorov. Napr\u00edklad na posledn\u00e9 t\u00fd\u017edne febru\u00e1ra pripadli aj jarn\u00e9 pr\u00e1zdniny dvoch krajov. Slovensk\u00e1 agent\u00fara pre cestovn\u00fd ruch sa tie\u017e sna\u017e\u00ed akt\u00edvne komunikova\u0165 s potenci\u00e1lnymi n\u00e1v\u0161tevn\u00edkmi na soci\u00e1lnych sie\u0165ach. <\/span><i><span style=\"color: #000000; font-size: medium;\">\u201eKoncep\u010dn\u00e1 a cielen\u00e1 komunik\u00e1cia prostredn\u00edctvom Facebooku \u010di YouTube m\u00f4\u017ee v\u00fdrazn\u00fdm sp\u00f4sobom prispieva\u0165 k tomu, \u017ee Slovensko bude vn\u00edman\u00e9 ako vyh\u013ead\u00e1van\u00fd, modern\u00fd a bezpe\u010dn\u00fd dovolenkov\u00fd cie\u013e,\u201c<\/span><\/i><span style=\"color: #000000; font-size: medium;\"> hovor\u00ed Igor Donoval, gener\u00e1lny riadite\u013e SACR. <\/span><\/span><\/p>\n<p><span style=\"font-family: Calibri;\"><span style=\"font-size: medium;\"><span style=\"color: #000000;\"><b>N\u00e1rast n\u00e1v\u0161tevn\u00edkov aj z Ruska<\/b><br \/>\n<\/span><\/span> <i><span style=\"color: #000000; font-size: medium;\">\u201ePokra\u010duje n\u00e1rast po\u010dtu turistov zo v\u0161etk\u00fdch hlavn\u00fdch zdrojov\u00fdch trhov ako \u010cesk\u00e1 republika, Po\u013esko, Ma\u010farsko, Nemecko \u010di Rak\u00fasko. U\u017e druh\u00fd mesiac za sebou zaznamen\u00e1vame n\u00e1rast n\u00e1v\u0161tevn\u00edkov z Ruska a po dlhom \u010dase aj z Ukrajiny. Prispelo k tomu aj upravenie leteck\u00e9ho spojenia z Moskvy a Petrohradu cez Rigu do Popradu \u010di spustenie novej priamej leteckej linky z Moskvy do Bratislavy. N\u00e1v\u0161tevnos\u0165 sa zvy\u0161uje aj z kraj\u00edn z\u00e1padnej Eur\u00f3py \u2013 z Ve\u013ekej Brit\u00e1nie, Talianska \u010di zo \u0160panielska,\u201c<\/span><\/i><span style=\"color: #000000; font-size: medium;\"> uviedol Igor Donoval. <\/span><\/span><\/p>\n<p><span style=\"font-family: Calibri;\"><span style=\"font-size: medium;\"><span style=\"color: #000000;\"><b>Bezpe\u010dnos\u0165 krajiny<\/b><br \/>\n<\/span><\/span><span style=\"color: #000000; font-size: medium;\"> Dovolenk\u00e1ri pri vo\u013ebe krajiny, ktor\u00fa chc\u00fa nav\u0161t\u00edvi\u0165, \u010doraz viac zva\u017euj\u00fa aj jej bezpe\u010dnos\u0165, hrozbu teroristick\u00fdch \u00fatokov, \u010di dosah imigrantskej kr\u00edzy. Ke\u010f\u017ee Slovenska sa v s\u00fa\u010dasnosti tieto udalosti nedot\u00fdkaj\u00fa v takej miere ako v in\u00fdch krajin\u00e1ch, je vn\u00edman\u00e9 ako bezpe\u010dn\u00e1 krajina. Dost\u00e1va sa tak do h\u013ead\u00e1\u010dika zahrani\u010dn\u00fdch turistov, pre ktor\u00fdch je bezpe\u010dnostn\u00e9 h\u013eadisko d\u00f4le\u017eit\u00e9. Oddych na Slovensku si z tohto d\u00f4vodu vyber\u00e1 aj st\u00e1le viac dom\u00e1cich rekreantov, \u010do dosved\u010duje aj vy\u0161e 26-percentn\u00fd n\u00e1rast oproti febru\u00e1ru 2015. <\/span><\/span><\/p>\n<p><span style=\"font-family: Calibri;\"><span style=\"font-size: medium;\"><span style=\"color: #000000;\"><b>Predsedn\u00edctvo v Rade E\u00da<\/b><br \/>\n<\/span><\/span><span style=\"color: #000000; font-size: medium;\"> Slovensko sa v s\u00fa\u010dasnosti pripravuje na historicky prv\u00e9 predsedn\u00edctvo v Rade E\u00da. Ako predsedn\u00edcky \u0161t\u00e1t budeme vies\u0165 rokovania o novej eur\u00f3pskej legislat\u00edve \u010di o aktu\u00e1lnych politick\u00fdch ot\u00e1zkach. Pre krajinu sa tak otv\u00e1ra jedine\u010dn\u00e1 pr\u00edle\u017eitos\u0165 prezentova\u0165 sa pred mnoh\u00fdmi zahrani\u010dn\u00fdmi n\u00e1v\u0161tevn\u00edkmi aj ako atrakt\u00edvna a zauj\u00edmav\u00e1 destin\u00e1cia.<\/span><\/span><\/p>\n<table border=\"1\" cellspacing=\"0\" cellpadding=\"0\">\n<tbody>\n<tr>\n<td colspan=\"3\" width=\"512\"><b><span style=\"color: #000000; font-family: Calibri; font-size: medium;\">TOP 11 KRAJ\u00cdN POD\u013dA PO\u010cTU N\u00c1V\u0160TEVN\u00cdKOV (za febru\u00e1r 2016)<\/span><\/b><\/td>\n<\/tr>\n<tr>\n<td valign=\"top\" width=\"160\"><b><span style=\"color: #000000; font-family: Calibri; font-size: medium;\">Krajina<\/span><\/b><\/td>\n<td valign=\"top\" width=\"161\"><b><span style=\"color: #000000; font-family: Calibri; font-size: medium;\">Po\u010det n\u00e1v\u0161tevn\u00edkov<\/span><\/b><\/td>\n<td valign=\"top\" width=\"192\"><b><span style=\"color: #000000; font-family: Calibri; font-size: medium;\">Medziro\u010dn\u00fd n\u00e1rast<\/span><\/b><\/td>\n<\/tr>\n<tr>\n<td valign=\"top\" width=\"160\"><span style=\"color: #000000; font-family: Calibri; font-size: medium;\">\u010cesk\u00e1 republika<\/span><\/td>\n<td valign=\"top\" width=\"161\"><span style=\"color: #000000; font-family: Calibri; font-size: medium;\">37 630<\/span><\/td>\n<td valign=\"top\" width=\"192\"><span style=\"color: #000000; font-family: Calibri; font-size: medium;\">+ 23,3 %<\/span><\/td>\n<\/tr>\n<tr>\n<td valign=\"top\" width=\"160\"><span style=\"color: #000000; font-family: Calibri; font-size: medium;\">Po\u013esko<\/span><\/td>\n<td valign=\"top\" width=\"161\"><span style=\"color: #000000; font-family: Calibri; font-size: medium;\">21 427<\/span><\/td>\n<td valign=\"top\" width=\"192\"><span style=\"color: #000000; font-family: Calibri; font-size: medium;\">+ 26,6 %<\/span><\/td>\n<\/tr>\n<tr>\n<td valign=\"top\" width=\"160\"><span style=\"color: #000000; font-family: Calibri; font-size: medium;\">Nemecko<\/span><\/td>\n<td valign=\"top\" width=\"161\"><span style=\"color: #000000; font-family: Calibri; font-size: medium;\">10 799<\/span><\/td>\n<td valign=\"top\" width=\"192\"><span style=\"color: #000000; font-family: Calibri; font-size: medium;\">+ 17,3 %<\/span><\/td>\n<\/tr>\n<tr>\n<td valign=\"top\" width=\"160\"><span style=\"color: #000000; font-family: Calibri; font-size: medium;\">Ma\u010farsko<\/span><\/td>\n<td valign=\"top\" width=\"161\"><span style=\"color: #000000; font-family: Calibri; font-size: medium;\">7 365<\/span><\/td>\n<td valign=\"top\" width=\"192\"><span style=\"font-family: Calibri;\"><span style=\"font-size: medium;\"><span style=\"color: #000000;\">+\u00a0\u00a0 <\/span><\/span><span style=\"color: #000000; font-size: medium;\">5,9 %<\/span><\/span><\/td>\n<\/tr>\n<tr>\n<td valign=\"top\" width=\"160\"><span style=\"color: #000000; font-family: Calibri; font-size: medium;\">Rak\u00fasko<\/span><\/td>\n<td valign=\"top\" width=\"161\"><span style=\"color: #000000; font-family: Calibri; font-size: medium;\">5 104<\/span><\/td>\n<td valign=\"top\" width=\"192\"><span style=\"color: #000000; font-family: Calibri; font-size: medium;\">+ 21,9 %<\/span><\/td>\n<\/tr>\n<tr>\n<td valign=\"top\" width=\"160\"><span style=\"color: #000000; font-family: Calibri; font-size: medium;\">Ve\u013ek\u00e1 Brit\u00e1nia<\/span><\/td>\n<td valign=\"top\" width=\"161\"><span style=\"color: #000000; font-family: Calibri; font-size: medium;\">4 851<\/span><\/td>\n<td valign=\"top\" width=\"192\"><span style=\"color: #000000; font-family: Calibri; font-size: medium;\">+ 19,9 %<\/span><\/td>\n<\/tr>\n<tr>\n<td valign=\"top\" width=\"160\"><span style=\"color: #000000; font-family: Calibri; font-size: medium;\">Ukrajina <\/span><\/td>\n<td valign=\"top\" width=\"161\"><span style=\"color: #000000; font-family: Calibri; font-size: medium;\">3 514<\/span><\/td>\n<td valign=\"top\" width=\"192\"><span style=\"font-family: Calibri;\"><span style=\"font-size: medium;\"><span style=\"color: #000000;\">+\u00a0\u00a0 <\/span><\/span><span style=\"color: #000000; font-size: medium;\">1,1 %<\/span><\/span><\/td>\n<\/tr>\n<tr>\n<td valign=\"top\" width=\"160\"><span style=\"color: #000000; font-family: Calibri; font-size: medium;\">Taliansko<\/span><\/td>\n<td valign=\"top\" width=\"161\"><span style=\"color: #000000; font-family: Calibri; font-size: medium;\">3 372<\/span><\/td>\n<td valign=\"top\" width=\"192\"><span style=\"color: #000000; font-family: Calibri; font-size: medium;\">+ 10,4 %<\/span><\/td>\n<\/tr>\n<tr>\n<td valign=\"top\" width=\"160\"><span style=\"color: #000000; font-family: Calibri; font-size: medium;\">Rumunsko<\/span><\/td>\n<td valign=\"top\" width=\"161\"><span style=\"color: #000000; font-family: Calibri; font-size: medium;\">2 959<\/span><\/td>\n<td valign=\"top\" width=\"192\"><span style=\"color: #000000; font-family: Calibri; font-size: medium;\">+ 34,9 %<\/span><\/td>\n<\/tr>\n<tr>\n<td valign=\"top\" width=\"160\"><span style=\"color: #000000; font-family: Calibri; font-size: medium;\">Franc\u00fazsko<\/span><\/td>\n<td valign=\"top\" width=\"161\"><span style=\"color: #000000; font-family: Calibri; font-size: medium;\">2 369<\/span><\/td>\n<td valign=\"top\" width=\"192\"><span style=\"color: #000000; font-family: Calibri; font-size: medium;\">+ 17,3 %<\/span><\/td>\n<\/tr>\n<tr>\n<td valign=\"top\" width=\"160\"><span style=\"color: #000000; font-family: Calibri; font-size: medium;\">Rusko<\/span><\/td>\n<td valign=\"top\" width=\"161\"><span style=\"color: #000000; font-family: Calibri; font-size: medium;\">2 159<\/span><\/td>\n<td valign=\"top\" width=\"192\"><span style=\"color: #000000; font-family: Calibri; font-size: medium;\">+ 24,2 %<\/span><\/td>\n<\/tr>\n<\/tbody>\n<\/table>\n<p><span style=\"color: #000000; font-family: Calibri; font-size: medium;\">Zdroj: SACR<\/span><\/p>\n","protected":false},"excerpt":{"rendered":"<p>Po tom, ako na\u0161u krajinu minul\u00fd rok nav\u0161t\u00edvilo rekordn\u00fdch 4,3 mili\u00f3na n\u00e1v\u0161tevn\u00edkov, m\u00f4\u017ee Slovensko tieto \u0161tatistiky e\u0161te vylep\u0161i\u0165. Nazna\u010duj\u00fa to \u010d\u00edsla za prv\u00e9 dva mesiace tohto roka. Vo febru\u00e1ri si Slovensko ako cie\u013e svojej dovolenky vybralo vy\u0161e 358-tis\u00edc n\u00e1v\u0161tevn\u00edkov, \u010do je takmer o 25-percent viac, ako za rovnak\u00e9 obdobie v minulom roku. Po\u010det dom\u00e1cich dovolenk\u00e1rov [&hellip;]<\/p>\n","protected":false},"author":9,"featured_media":0,"comment_status":"closed","ping_status":"closed","sticky":false,"template":"","format":"standard","meta":{"footnotes":""},"categories":[13],"tags":[],"class_list":["post-74189","post","type-post","status-publish","format-standard","hentry","category-real-estate","eq-blocks"],"_links":{"self":[{"href":"https:\/\/www.slovaklinesmagazin.sk\/cms\/wp-json\/wp\/v2\/posts\/74189","targetHints":{"allow":["GET"]}}],"collection":[{"href":"https:\/\/www.slovaklinesmagazin.sk\/cms\/wp-json\/wp\/v2\/posts"}],"about":[{"href":"https:\/\/www.slovaklinesmagazin.sk\/cms\/wp-json\/wp\/v2\/types\/post"}],"author":[{"embeddable":true,"href":"https:\/\/www.slovaklinesmagazin.sk\/cms\/wp-json\/wp\/v2\/users\/9"}],"replies":[{"embeddable":true,"href":"https:\/\/www.slovaklinesmagazin.sk\/cms\/wp-json\/wp\/v2\/comments?post=74189"}],"version-history":[{"count":1,"href":"https:\/\/www.slovaklinesmagazin.sk\/cms\/wp-json\/wp\/v2\/posts\/74189\/revisions"}],"predecessor-version":[{"id":74190,"href":"https:\/\/www.slovaklinesmagazin.sk\/cms\/wp-json\/wp\/v2\/posts\/74189\/revisions\/74190"}],"wp:attachment":[{"href":"https:\/\/www.slovaklinesmagazin.sk\/cms\/wp-json\/wp\/v2\/media?parent=74189"}],"wp:term":[{"taxonomy":"category","embeddable":true,"href":"https:\/\/www.slovaklinesmagazin.sk\/cms\/wp-json\/wp\/v2\/categories?post=74189"},{"taxonomy":"post_tag","embeddable":true,"href":"https:\/\/www.slovaklinesmagazin.sk\/cms\/wp-json\/wp\/v2\/tags?post=74189"}],"curies":[{"name":"wp","href":"https:\/\/api.w.org\/{rel}","templated":true}]}}