{"id":74225,"date":"2016-09-09T20:00:33","date_gmt":"2016-09-09T18:00:33","guid":{"rendered":"http:\/\/slovaklinesmagazin.sk\/cms\/?p=74225"},"modified":"2016-09-09T13:03:44","modified_gmt":"2016-09-09T11:03:44","slug":"enduro-prilba-alpina-king-carapax","status":"publish","type":"post","link":"https:\/\/www.slovaklinesmagazin.sk\/cms\/2016\/09\/enduro-prilba-alpina-king-carapax\/","title":{"rendered":"ENDURO PRILBA ALPINA KING CARAPAX"},"content":{"rendered":"<p>Rast\u00facemu po\u010dtu enduro cyklistov prin\u00e1\u0161a Alpina \u013eahk\u00fa, napriek tomu univerz\u00e1lnu enduro prilbu.<\/p>\n<p>Z\u00e1kladn\u00fd tvar prilby Alpina King Carapax vych\u00e1dza z \u00faspe\u0161n\u00e9ho minuloro\u010dn\u00e9ho modelu Carapax.<br \/>\nV\u010faka pred\u013a\u017eenej zadnej \u010dasti poskytuje prilba mimoriadne \u00fa\u010dinn\u00fa ochranu pri p\u00e1de na zadn\u00fa \u010das\u0165 hlavy. Pri King Carapaxe ide Alpina e\u0161te o krok \u010falej a doplnila svoju nov\u00fa enduro prilbu nielen ove\u013ea v\u00e4\u010d\u0161\u00edm \u0161iltom v motokrosovom \u0161t\u00fdle, ale aj odn\u00edmate\u013en\u00fdm chr\u00e1ni\u010dom brady.<\/p>\n<p style=\"text-align: center;\"><img decoding=\"async\" class=\"alignnone\" src=\"http:\/\/slovaklinesmagazin.sk\/cms\/wp-content\/uploads\/2016\/05\/KingCarapax_A9698350maly.jpg\" alt=\"King Carapax\" \/><\/p>\n<p>Chr\u00e1ni\u010d brady je priskrutkovan\u00fd k prilbe a je mo\u017en\u00e9 ho v\u00a0pr\u00edpade potreby jednoducho zlo\u017ei\u0165 uvo\u013enen\u00edm dvoch imbusov\u00fdch skrutiek. Pochopite\u013ene, enduro prilba King Carapax nepon\u00faka pevnos\u0165 skuto\u010dnej zjazdovej prilby. Jej ochrann\u00fd \u00fa\u010dinok v\u0161ak Alpina nechala \u00faspe\u0161ne testova\u0165 pod\u013ea normy pre slalomov\u00e9 a\u00a0enduro prilby. S enduro prilbou Alpina King Carapax m\u00f4\u017eete zabudn\u00fa\u0165 na \u010dasy, ke\u010f enduro jazdec musel na zjazdy nosi\u0165 na batohu integr\u00e1lnu prilbu.<br \/>\nOdn\u00edmate\u013en\u00fd chr\u00e1ni\u010d brady poskytne bikerovi dostato\u010dn\u00fa ochranu aj pri n\u00e1ro\u010dn\u00fdch zjazdoch. Z\u00e1\u017eitok z jazdy si tak vychutn\u00e1te smerom hore aj dole s jednou \u013eahkou prilbou. Ve\u013ek\u00e9 vetracie otvory sa staraj\u00fa o dostato\u010dn\u00e9 chladenie hlavy aj po\u010das v\u00fd\u0161\u013eapu. Sie\u0165ka na predn\u00fdch otvoroch ochr\u00e1ni jazdca pred vleten\u00edm nepr\u00edjemn\u00e9ho hmyzu do prilby a ve\u013ek\u00fd \u0161ilt pred oslepen\u00edm slnkom.<\/p>\n<p style=\"text-align: center;\"><img decoding=\"async\" class=\"alignnone\" src=\"http:\/\/slovaklinesmagazin.sk\/cms\/wp-content\/uploads\/2016\/05\/KingCarapax_A9698330maly.jpg\" alt=\"KingCarapax\" \/><\/p>\n<p>Nastavovac\u00ed syst\u00e9m \u201cRun System Ergo Pro\u201d s dvoma ve\u013ek\u00fdmi mot\u00fd\u013eovit\u00fdmi opierkami vzadu zabezpe\u010d\u00ed, \u017ee prilba sadne na hlavu ve\u013emi presne a c\u00edtite sa v nej pohodlne. Svojou hmotnos\u0165ou len 460g nem\u00e1 v tejto triede konkurenciu.<\/p>\n<p>Odpor\u00fa\u010dan\u00e1 MO cena je 159,90 EUR.<\/p>\n<p><a href=\"http:\/\/www.esloger.sk\/alpina\" target=\"_blank\">www.esloger.sk\/alpina<\/a><\/p>\n","protected":false},"excerpt":{"rendered":"<p>Rast\u00facemu po\u010dtu enduro cyklistov prin\u00e1\u0161a Alpina \u013eahk\u00fa, napriek tomu univerz\u00e1lnu enduro prilbu. Z\u00e1kladn\u00fd tvar prilby Alpina King Carapax vych\u00e1dza z \u00faspe\u0161n\u00e9ho minuloro\u010dn\u00e9ho modelu Carapax. V\u010faka pred\u013a\u017eenej zadnej \u010dasti poskytuje prilba mimoriadne \u00fa\u010dinn\u00fa ochranu pri p\u00e1de na zadn\u00fa \u010das\u0165 hlavy. Pri King Carapaxe ide Alpina e\u0161te o krok \u010falej a doplnila svoju nov\u00fa enduro prilbu nielen [&hellip;]<\/p>\n","protected":false},"author":7,"featured_media":74226,"comment_status":"closed","ping_status":"closed","sticky":false,"template":"","format":"standard","meta":{"footnotes":""},"categories":[45,11,52,50,14],"tags":[],"class_list":["post-74225","post","type-post","status-publish","format-standard","has-post-thumbnail","hentry","category-nas-tip","category-news","category-outdoor","category-radim-vam","category-sport","eq-blocks"],"_links":{"self":[{"href":"https:\/\/www.slovaklinesmagazin.sk\/cms\/wp-json\/wp\/v2\/posts\/74225","targetHints":{"allow":["GET"]}}],"collection":[{"href":"https:\/\/www.slovaklinesmagazin.sk\/cms\/wp-json\/wp\/v2\/posts"}],"about":[{"href":"https:\/\/www.slovaklinesmagazin.sk\/cms\/wp-json\/wp\/v2\/types\/post"}],"author":[{"embeddable":true,"href":"https:\/\/www.slovaklinesmagazin.sk\/cms\/wp-json\/wp\/v2\/users\/7"}],"replies":[{"embeddable":true,"href":"https:\/\/www.slovaklinesmagazin.sk\/cms\/wp-json\/wp\/v2\/comments?post=74225"}],"version-history":[{"count":1,"href":"https:\/\/www.slovaklinesmagazin.sk\/cms\/wp-json\/wp\/v2\/posts\/74225\/revisions"}],"predecessor-version":[{"id":74229,"href":"https:\/\/www.slovaklinesmagazin.sk\/cms\/wp-json\/wp\/v2\/posts\/74225\/revisions\/74229"}],"wp:featuredmedia":[{"embeddable":true,"href":"https:\/\/www.slovaklinesmagazin.sk\/cms\/wp-json\/wp\/v2\/media\/74226"}],"wp:attachment":[{"href":"https:\/\/www.slovaklinesmagazin.sk\/cms\/wp-json\/wp\/v2\/media?parent=74225"}],"wp:term":[{"taxonomy":"category","embeddable":true,"href":"https:\/\/www.slovaklinesmagazin.sk\/cms\/wp-json\/wp\/v2\/categories?post=74225"},{"taxonomy":"post_tag","embeddable":true,"href":"https:\/\/www.slovaklinesmagazin.sk\/cms\/wp-json\/wp\/v2\/tags?post=74225"}],"curies":[{"name":"wp","href":"https:\/\/api.w.org\/{rel}","templated":true}]}}