{"id":74395,"date":"2016-05-30T08:29:29","date_gmt":"2016-05-30T06:29:29","guid":{"rendered":"http:\/\/slovaklinesmagazin.sk\/cms\/?p=74395"},"modified":"2016-05-30T08:29:29","modified_gmt":"2016-05-30T06:29:29","slug":"terra-parna-moderne-rodinne-vinarstvo","status":"publish","type":"post","link":"https:\/\/www.slovaklinesmagazin.sk\/cms\/2016\/05\/terra-parna-moderne-rodinne-vinarstvo\/","title":{"rendered":"TERRA PARNA &#8211; Modern\u00e9 rodinn\u00e9 vin\u00e1rstvo"},"content":{"rendered":"<p>Modern\u00e9 rodinn\u00e9 vin\u00e1rstvo postaven\u00e9 uprostred zelen\u00fdch riadkov mlad\u00e9ho vinohradu. Budova vin\u00e1rstva a jej \u0161t\u00fdlov\u00fd vzh\u013ead len podtrhuj\u00fa nezamenite\u013en\u00fa atmosf\u00e9ru miesta. Ochutnajte v\u00edna v najromantickej\u0161om prostred\u00ed regi\u00f3nu!<\/p>\n<p style=\"text-align: center;\"><img decoding=\"async\" class=\"alignnone\" src=\"http:\/\/slovaklinesmagazin.sk\/cms\/wp-content\/uploads\/2016\/05\/Terra-Parna5-Source-Terra-Parna-1024x683.jpg\" alt=\"In Drive magaz\u00edn Slovak Lines odpor\u00fa\u010da !\" \/><\/p>\n<p>Ru\u017eov\u00e1 dolina, zelen\u00e1 vinica, farebn\u00e9 v\u00f4ne&#8230;<br \/>\n<a href=\"http:\/\/regiontirnavia.sk\/destinacia\/lokality\/sucha-nad-parnou\">Obec Such\u00e1 nad Parnou<\/a>\u00a0a\u00a0odroda Modr\u00fd Portugal s\u00fa partneri overen\u00ed \u010dasom, ako i\u00a0perom Franti\u0161ka He\u010dka. Rodina Zvolensk\u00fdch teda nadviazala na trad\u00edciu a\u00a0vo svojich viniciach vysadila najm\u00e4 t\u00fato sl\u00e1vnu odrodu. \u0160tepy z\u00edskali z\u00a0fragmentov p\u00f4vodn\u00fdch miestnych vin\u00edc. Pre zachovanie dispoz\u00edci\u00ed terroir je nutn\u00e9 strapce hrozna \u010do najr\u00fdchlej\u0161ie a\u00a0naj\u0161etrnej\u0161ie spracova\u0165. V\u00a0tomto smere m\u00e1 poloha vin\u00e1rstva nesmierny v\u00fdznam. Strapec hrozna v\u00a0Terra Parne do lisu necestuje viac ako nieko\u013eko desiatok metrov.<\/p>\n<p style=\"text-align: center;\"><img decoding=\"async\" class=\"alignnone\" src=\"http:\/\/slovaklinesmagazin.sk\/cms\/wp-content\/uploads\/2016\/05\/Terra-Parna4-Source-Terra-Parna-1024x683.jpg\" alt=\"In Drive magaz\u00edn Slovak Lines odpor\u00fa\u010da !\" \/><\/p>\n<p style=\"text-align: left;\">\n<p>Architektmi veleben\u00fd st\u00e1nok v\u00edna&#8230;<br \/>\nAsi nikoho neprekvap\u00ed, \u017ee budova vin\u00e1rstva z\u00edskala cenu za v\u00fdznamn\u00fd pr\u00ednos do vin\u00e1rskej architekt\u00fary od Spolku slovensk\u00fdch architektov. Zasl\u00fa\u017eil si ju nielen vzh\u013ead vin\u00e1rstva, ale i jeho funk\u010dnos\u0165 a pridan\u00e1 hodnota v podobe nezamenite\u013enej atmosf\u00e9ry degusta\u010dnej miestnosti. Cez jej presklen\u00e9 steny sa m\u00f4\u017ete kocha\u0165 poh\u013eadom na vinice, ktor\u00e9 ju obklopuj\u00fa.<\/p>\n<p>Pod ve\u017ei\u010dkou&#8230;<br \/>\nPr\u00edzna\u010dn\u00fdm symbolom vin\u00e1rstva je ve\u017ei\u010dka uprostred vinohradu Modr\u00e9ho Portugalu. Postavili ju jezuiti, ktor\u00fd v minulosti vinicu obr\u00e1bali a v tejto oblasti p\u00f4sobili. Ve\u017ei\u010dku rodina Zvolensk\u00fdch zrekon\u0161truovala a do jej bl\u00edzkosti bol umiestnen\u00fd monument\u00e1lny kamenn\u00fd st\u00f4l, pri ktorom v prajnej sez\u00f3ne prebiehaj\u00fa vesel\u00e9 degust\u00e1cie. Z\u00e1rove\u0148 je toto miesto ukryt\u00e9 medzi vini\u010dn\u00fdmi letorastmi u\u017e tradi\u010dne centrom konania pr\u00edle\u017eitostn\u00fdch udalost\u00ed ak\u00fdm je napr\u00edklad jazzov\u00fd koncert.\n<\/p>\n<p style=\"text-align: center;\"><img decoding=\"async\" class=\"alignnone\" src=\"http:\/\/slovaklinesmagazin.sk\/cms\/wp-content\/uploads\/2016\/05\/2016-05-26-18.17.24-1024x680.jpg\" alt=\"In Drive magaz\u00edn Slovak Lines odpor\u00fa\u010da !\" \/><\/p>\n<p style=\"text-align: center;\">\n<h4>ZA\u017dITE<\/h4>\n<p>Degust\u00e1cia v\u00edna s prehliadkou vin\u00e1rstva<\/p>\n<p>Vychutnajte si degust\u00e1ciu skvel\u00e9ho v\u00edna ako aj priate\u013esk\u00fd rozhovor s\u00a0p\u00e1nom Zvolensk\u00fdm, majite\u013eom vin\u00e1rstva, \u010di p. pivni\u010dn\u00fdm majstrom v\u00a0presklenej degusta\u010dnej miestnosti s v\u00fdh\u013eadom na vinohrad. Ob\u010derstvenie v\u00a0podobe syrov, \u00faden\u00edn a \u201emaminej\u201c vych\u00fdrenej o\u0161kvarkovej n\u00e1tierky by ch\u00fdba\u0165 ur\u010dite nemalo. Kto r\u00e1d spozn\u00e1 v\u00fdrobn\u00e9 postupy a\u00a0priestory, v\u00a0ktor\u00fdch v\u00edno dospieva a\u00a0zreje, m\u00f4\u017ee sa z degust\u00e1cie na chv\u00ed\u013eku vzdiali\u0165 a z\u00fa\u010dastni\u0165 sa prehliadky vin\u00e1rstva, ktor\u00e1 je tradi\u010dne s\u00fa\u010das\u0165ou ka\u017edej ochutn\u00e1vky v\u00edn.<\/p>\n<p>Degust\u00e1ciu je potrebn\u00e9 objedna\u0165 vopred.<\/p>\n<h4>V\u00fdznamn\u00e9 ocenenia<\/h4>\n<p>VINUM SUPERBUM 2011<\/p>\n<ul>\n<li>Ocenenie za inovat\u00edvny dizajn f\u013ea\u0161e<\/li>\n<\/ul>\n<p>VINALIES INTERNATIONALES PARIS 2013\u00a0:<\/p>\n<ul>\n<li>Rizling R\u00fdnsky 2011, strieborn\u00e1 medaila<\/li>\n<\/ul>\n<p>V\u00cdNO TIRNAVIA 2011<\/p>\n<ul>\n<li>Sauvignon blanc 2011 \u2013 zlat\u00e1 medaila<\/li>\n<li>Modr\u00fd Portugal 2009 \u2013 zlat\u00e1 medaila \/ Cena predsedu samospr\u00e1vneho kraja<\/li>\n<\/ul>\n<p>VIEN\u00c1LE TOPO\u013d\u010cIANKY 2011<\/p>\n<ul>\n<li>Sv\u00e4tovavrineck\u00e9 2009 \u2013 zlat\u00e1 medaila \/\u00a0 v\u00ed\u0165az kateg\u00f3rie<\/li>\n<\/ul>\n<p>&nbsp;<\/p>\n<p>&nbsp;<\/p>\n<h4>N\u00c1\u0160 TIP<\/h4>\n<p>Odpor\u00fa\u010dame v\u00e1m ochutna\u0165 &#8222;tekut\u00fd&#8220; dezert v podobe \u013eadov\u00e9ho sladk\u00e9ho Alibernetu. Zberan\u00fd bol v mrazivom r\u00e1ne ro\u010dn\u00edka 2012 pri teplote -7\u00b0C. Ochutna\u0165 i zak\u00fapi\u0165 ho m\u00f4\u017ete po\u010das n\u00e1v\u0161tevy vin\u00e1rstva.<\/p>\n<p>&nbsp;<\/p>\n","protected":false},"excerpt":{"rendered":"<p>Modern\u00e9 rodinn\u00e9 vin\u00e1rstvo postaven\u00e9 uprostred zelen\u00fdch riadkov mlad\u00e9ho vinohradu. Budova vin\u00e1rstva a jej \u0161t\u00fdlov\u00fd vzh\u013ead len podtrhuj\u00fa nezamenite\u013en\u00fa atmosf\u00e9ru miesta. Ochutnajte v\u00edna v najromantickej\u0161om prostred\u00ed regi\u00f3nu! Ru\u017eov\u00e1 dolina, zelen\u00e1 vinica, farebn\u00e9 v\u00f4ne&#8230; Obec Such\u00e1 nad Parnou\u00a0a\u00a0odroda Modr\u00fd Portugal s\u00fa partneri overen\u00ed \u010dasom, ako i\u00a0perom Franti\u0161ka He\u010dka. Rodina Zvolensk\u00fdch teda nadviazala na trad\u00edciu a\u00a0vo svojich viniciach [&hellip;]<\/p>\n","protected":false},"author":7,"featured_media":74396,"comment_status":"closed","ping_status":"closed","sticky":false,"template":"","format":"standard","meta":{"footnotes":""},"categories":[13,46,45,50,43],"tags":[],"class_list":["post-74395","post","type-post","status-publish","format-standard","has-post-thumbnail","hentry","category-real-estate","category-gastronomia","category-nas-tip","category-radim-vam","category-technologie","eq-blocks"],"_links":{"self":[{"href":"https:\/\/www.slovaklinesmagazin.sk\/cms\/wp-json\/wp\/v2\/posts\/74395","targetHints":{"allow":["GET"]}}],"collection":[{"href":"https:\/\/www.slovaklinesmagazin.sk\/cms\/wp-json\/wp\/v2\/posts"}],"about":[{"href":"https:\/\/www.slovaklinesmagazin.sk\/cms\/wp-json\/wp\/v2\/types\/post"}],"author":[{"embeddable":true,"href":"https:\/\/www.slovaklinesmagazin.sk\/cms\/wp-json\/wp\/v2\/users\/7"}],"replies":[{"embeddable":true,"href":"https:\/\/www.slovaklinesmagazin.sk\/cms\/wp-json\/wp\/v2\/comments?post=74395"}],"version-history":[{"count":1,"href":"https:\/\/www.slovaklinesmagazin.sk\/cms\/wp-json\/wp\/v2\/posts\/74395\/revisions"}],"predecessor-version":[{"id":74401,"href":"https:\/\/www.slovaklinesmagazin.sk\/cms\/wp-json\/wp\/v2\/posts\/74395\/revisions\/74401"}],"wp:featuredmedia":[{"embeddable":true,"href":"https:\/\/www.slovaklinesmagazin.sk\/cms\/wp-json\/wp\/v2\/media\/74396"}],"wp:attachment":[{"href":"https:\/\/www.slovaklinesmagazin.sk\/cms\/wp-json\/wp\/v2\/media?parent=74395"}],"wp:term":[{"taxonomy":"category","embeddable":true,"href":"https:\/\/www.slovaklinesmagazin.sk\/cms\/wp-json\/wp\/v2\/categories?post=74395"},{"taxonomy":"post_tag","embeddable":true,"href":"https:\/\/www.slovaklinesmagazin.sk\/cms\/wp-json\/wp\/v2\/tags?post=74395"}],"curies":[{"name":"wp","href":"https:\/\/api.w.org\/{rel}","templated":true}]}}