{"id":74566,"date":"2016-06-14T12:16:34","date_gmt":"2016-06-14T10:16:34","guid":{"rendered":"http:\/\/slovaklinesmagazin.sk\/cms\/?p=74566"},"modified":"2016-06-14T12:16:34","modified_gmt":"2016-06-14T10:16:34","slug":"dievca-ktore-porazilo-islamsky-stat-faridin-pribeh","status":"publish","type":"post","link":"https:\/\/www.slovaklinesmagazin.sk\/cms\/2016\/06\/dievca-ktore-porazilo-islamsky-stat-faridin-pribeh\/","title":{"rendered":"Diev\u010da, ktor\u00e9 porazilo Islamsk\u00fd \u0161t\u00e1t &#8211; Faridin pr\u00edbeh"},"content":{"rendered":"<p>Ko\u0161o, pokojn\u00e1 dedina v irackom pohor\u00ed Sind\u017e\u00e1r. Farida pr\u00e1ve skon\u010dila predposledn\u00fa triedu strednej \u0161koly a te\u0161\u00ed sa na letn\u00e9 pr\u00e1zdniny. Len\u017ee tento rok je v\u0161etko in\u00e1\u010d. V auguste 2014 dedinu prepadli bojovn\u00edci Islamsk\u00e9ho \u0161t\u00e1tu. St\u00fapenci teroristickej organiz\u00e1cie zhroma\u017edili v\u0161etk\u00fdch obyvate\u013eov, mu\u017eov zabili, \u017eeny odvliekli. Farida sa na dlh\u00e9 mesiace stala otroky\u0148ou \u2013 a pritom za\u017eila nepredstavite\u013en\u00e9 krutosti. Jedn\u00e9ho d\u0148a sa v\u0161ak odv\u00e1\u017ei utiec\u0165 a postav\u00ed sa na \u010delo \u0161es\u0165\u010dlennej skupinky diev\u010dat.<\/p>\n<p>Jedine\u010dn\u00fd dobov\u00fd dokument o hr\u00f4zach Islamsk\u00e9ho \u0161t\u00e1tu. Doj\u00edmav\u00fd pr\u00edbeh ukazuje, \u017ee priate\u013estvo, l\u00e1ska a v\u00f4\u013ea \u017ei\u0165 s\u00fa silnej\u0161ie ako barbarstvo.<\/p>\n<p>Z nemeck\u00e9ho origin\u00e1lu Das M\u00e4dchen, das den IS besiegte. Faridas Geschichte (Bastei L\u00fcbbe AG, K\u00f6ln 2016) prelo\u017eila Katar\u00edna Sz\u00e9herov\u00e1.<\/p>\n<p>Viac inform\u00e1ci\u00ed n\u00e1jdete <a href=\"http:\/\/www.bux.sk\/knihy\/249746-dievca-ktore-porazilo-islamsky-stat-faridin-pribeh.html\" target=\"_blank\">TU,<\/a><\/p>\n<p>alebo:<\/p>\n<p><a href=\"http:\/\/www.bux.sk\/knihy\/249746-dievca-ktore-porazilo-islamsky-stat-faridin-pribeh.html\"><strong>ZUZANA JURIGOV\u00c1 KAPR\u00c1LIKOV\u00c1 \u010d\u00edta z knihy DIEV\u010cA, KTOR\u00c9 PORAZILO ISLAMSK\u00dd \u0160T\u00c1T:<\/strong><\/a><\/p>\n","protected":false},"excerpt":{"rendered":"<p>Ko\u0161o, pokojn\u00e1 dedina v irackom pohor\u00ed Sind\u017e\u00e1r. Farida pr\u00e1ve skon\u010dila predposledn\u00fa triedu strednej \u0161koly a te\u0161\u00ed sa na letn\u00e9 pr\u00e1zdniny. Len\u017ee tento rok je v\u0161etko in\u00e1\u010d. V auguste 2014 dedinu prepadli bojovn\u00edci Islamsk\u00e9ho \u0161t\u00e1tu. St\u00fapenci teroristickej organiz\u00e1cie zhroma\u017edili v\u0161etk\u00fdch obyvate\u013eov, mu\u017eov zabili, \u017eeny odvliekli. Farida sa na dlh\u00e9 mesiace stala otroky\u0148ou \u2013 a pritom za\u017eila [&hellip;]<\/p>\n","protected":false},"author":7,"featured_media":74567,"comment_status":"closed","ping_status":"closed","sticky":false,"template":"","format":"standard","meta":{"footnotes":""},"categories":[45,11,50,48],"tags":[],"class_list":["post-74566","post","type-post","status-publish","format-standard","has-post-thumbnail","hentry","category-nas-tip","category-news","category-radim-vam","category-umenie-a-kultura","eq-blocks"],"_links":{"self":[{"href":"https:\/\/www.slovaklinesmagazin.sk\/cms\/wp-json\/wp\/v2\/posts\/74566","targetHints":{"allow":["GET"]}}],"collection":[{"href":"https:\/\/www.slovaklinesmagazin.sk\/cms\/wp-json\/wp\/v2\/posts"}],"about":[{"href":"https:\/\/www.slovaklinesmagazin.sk\/cms\/wp-json\/wp\/v2\/types\/post"}],"author":[{"embeddable":true,"href":"https:\/\/www.slovaklinesmagazin.sk\/cms\/wp-json\/wp\/v2\/users\/7"}],"replies":[{"embeddable":true,"href":"https:\/\/www.slovaklinesmagazin.sk\/cms\/wp-json\/wp\/v2\/comments?post=74566"}],"version-history":[{"count":1,"href":"https:\/\/www.slovaklinesmagazin.sk\/cms\/wp-json\/wp\/v2\/posts\/74566\/revisions"}],"predecessor-version":[{"id":74568,"href":"https:\/\/www.slovaklinesmagazin.sk\/cms\/wp-json\/wp\/v2\/posts\/74566\/revisions\/74568"}],"wp:featuredmedia":[{"embeddable":true,"href":"https:\/\/www.slovaklinesmagazin.sk\/cms\/wp-json\/wp\/v2\/media\/74567"}],"wp:attachment":[{"href":"https:\/\/www.slovaklinesmagazin.sk\/cms\/wp-json\/wp\/v2\/media?parent=74566"}],"wp:term":[{"taxonomy":"category","embeddable":true,"href":"https:\/\/www.slovaklinesmagazin.sk\/cms\/wp-json\/wp\/v2\/categories?post=74566"},{"taxonomy":"post_tag","embeddable":true,"href":"https:\/\/www.slovaklinesmagazin.sk\/cms\/wp-json\/wp\/v2\/tags?post=74566"}],"curies":[{"name":"wp","href":"https:\/\/api.w.org\/{rel}","templated":true}]}}