{"id":74653,"date":"2016-06-18T13:21:58","date_gmt":"2016-06-18T11:21:58","guid":{"rendered":"http:\/\/slovaklinesmagazin.sk\/cms\/?p=74653"},"modified":"2016-06-18T13:21:58","modified_gmt":"2016-06-18T11:21:58","slug":"cestujucim-na-bratislavskom-letisku-uz-pomahaju-informatori","status":"publish","type":"post","link":"https:\/\/www.slovaklinesmagazin.sk\/cms\/2016\/06\/cestujucim-na-bratislavskom-letisku-uz-pomahaju-informatori\/","title":{"rendered":"Cestuj\u00facim na bratislavskom letisku u\u017e pom\u00e1haj\u00fa inform\u00e1tori"},"content":{"rendered":"<p><span style=\"color: #000000; font-family: Calibri; font-size: medium;\">Po pozit\u00edvnych ohlasoch po\u010das minuloro\u010dnej letnej dovolenkovej sez\u00f3ny za\u010d\u00ednaj\u00fa cestuj\u00facim na Letisku M. R. \u0160tef\u00e1nika v Bratislave op\u00e4\u0165 pom\u00e1ha\u0165 inform\u00e1tori. Osem \u0161tudentov stredn\u00fdch a vysok\u00fdch \u0161k\u00f4l vidite\u013ene ozna\u010den\u00fdch tri\u010dkami s n\u00e1pisom \u201eR\u00e1d\/Rada V\u00e1m pom\u00f4\u017eem\u201c sa bude vo verejnej \u010dasti letiska pohybova\u0165 v najvy\u0165a\u017eenej\u0161om dovolenkovom obdob\u00ed, teda od polovice j\u00fana do konca septembra.<\/span><\/p>\n<p><span style=\"color: #000000; font-family: Calibri; font-size: medium;\">Letisko M. R. \u0160tef\u00e1nika tak chce e\u0161te nad r\u00e1mec svojej 24-hodinovej informa\u010dnej slu\u017eby pom\u00f4c\u0165 cestuj\u00facim s ich orient\u00e1ciou na letisku, s inform\u00e1ciami o \u010dasoch odletov, o \u010dase otvorenia registr\u00e1cie na odlet (check-in) \u010di o prepravn\u00fdch podmienkach leteck\u00fdch spolo\u010dnost\u00ed a pod. Pr\u00e1ve v \u010dase dovolenkovej charterovej sez\u00f3ny sa na letisku nach\u00e1dzaj\u00fa pasa\u017eieri, ktor\u00ed sa letecky prepravuj\u00fa prv\u00fd raz alebo len v\u00fdnimo\u010dne.<\/span><\/p>\n<p><span style=\"color: #000000; font-family: Calibri; font-size: medium;\">\u201eMedzi naj\u010dastej\u0161ie kladen\u00e9 ot\u00e1zky cestuj\u00facich patr\u00ed, na ktor\u00fd check-in pult sa treba \u00eds\u0165 registrova\u0165, kde sa nach\u00e1dza bezpe\u010dnostn\u00e1 kontrola, ale informuj\u00fa sa aj na predmety, ktor\u00e9 m\u00f4\u017eu ma\u0165 v bato\u017eine, na limity tekut\u00edn a podobne,\u201c vymen\u00fava zo sk\u00fasenost\u00ed jedna z inform\u00e1toriek, ktor\u00e1 oce\u0148uje netradi\u010dn\u00fa brig\u00e1du po\u010das \u0161kolsk\u00fdch pr\u00e1zdnin.<\/span><\/p>\n","protected":false},"excerpt":{"rendered":"<p>Po pozit\u00edvnych ohlasoch po\u010das minuloro\u010dnej letnej dovolenkovej sez\u00f3ny za\u010d\u00ednaj\u00fa cestuj\u00facim na Letisku M. R. \u0160tef\u00e1nika v Bratislave op\u00e4\u0165 pom\u00e1ha\u0165 inform\u00e1tori. Osem \u0161tudentov stredn\u00fdch a vysok\u00fdch \u0161k\u00f4l vidite\u013ene ozna\u010den\u00fdch tri\u010dkami s n\u00e1pisom \u201eR\u00e1d\/Rada V\u00e1m pom\u00f4\u017eem\u201c sa bude vo verejnej \u010dasti letiska pohybova\u0165 v najvy\u0165a\u017eenej\u0161om dovolenkovom obdob\u00ed, teda od polovice j\u00fana do konca septembra. Letisko M. R. [&hellip;]<\/p>\n","protected":false},"author":7,"featured_media":0,"comment_status":"closed","ping_status":"closed","sticky":false,"template":"","format":"standard","meta":{"footnotes":""},"categories":[13,45],"tags":[],"class_list":["post-74653","post","type-post","status-publish","format-standard","hentry","category-real-estate","category-nas-tip","eq-blocks"],"_links":{"self":[{"href":"https:\/\/www.slovaklinesmagazin.sk\/cms\/wp-json\/wp\/v2\/posts\/74653","targetHints":{"allow":["GET"]}}],"collection":[{"href":"https:\/\/www.slovaklinesmagazin.sk\/cms\/wp-json\/wp\/v2\/posts"}],"about":[{"href":"https:\/\/www.slovaklinesmagazin.sk\/cms\/wp-json\/wp\/v2\/types\/post"}],"author":[{"embeddable":true,"href":"https:\/\/www.slovaklinesmagazin.sk\/cms\/wp-json\/wp\/v2\/users\/7"}],"replies":[{"embeddable":true,"href":"https:\/\/www.slovaklinesmagazin.sk\/cms\/wp-json\/wp\/v2\/comments?post=74653"}],"version-history":[{"count":1,"href":"https:\/\/www.slovaklinesmagazin.sk\/cms\/wp-json\/wp\/v2\/posts\/74653\/revisions"}],"predecessor-version":[{"id":74654,"href":"https:\/\/www.slovaklinesmagazin.sk\/cms\/wp-json\/wp\/v2\/posts\/74653\/revisions\/74654"}],"wp:attachment":[{"href":"https:\/\/www.slovaklinesmagazin.sk\/cms\/wp-json\/wp\/v2\/media?parent=74653"}],"wp:term":[{"taxonomy":"category","embeddable":true,"href":"https:\/\/www.slovaklinesmagazin.sk\/cms\/wp-json\/wp\/v2\/categories?post=74653"},{"taxonomy":"post_tag","embeddable":true,"href":"https:\/\/www.slovaklinesmagazin.sk\/cms\/wp-json\/wp\/v2\/tags?post=74653"}],"curies":[{"name":"wp","href":"https:\/\/api.w.org\/{rel}","templated":true}]}}