{"id":75169,"date":"2016-08-22T12:10:00","date_gmt":"2016-08-22T10:10:00","guid":{"rendered":"http:\/\/slovaklinesmagazin.sk\/cms\/?p=75169"},"modified":"2016-08-22T12:10:59","modified_gmt":"2016-08-22T10:10:59","slug":"spolocnost-honda-predstavila-specialne-edicie-civic-type-r-black-a-white","status":"publish","type":"post","link":"https:\/\/www.slovaklinesmagazin.sk\/cms\/2016\/08\/spolocnost-honda-predstavila-specialne-edicie-civic-type-r-black-a-white\/","title":{"rendered":"Spolo\u010dnos\u0165 Honda predstavila \u0161peci\u00e1lne ed\u00edcie Civic Type R Black a White"},"content":{"rendered":"<p><strong>Spolo\u010dnos\u0165 Honda predstavila \u0161peci\u00e1lne ed\u00edcie Civic Type R Black a White <\/strong><\/p>\n<p><strong>\u0160peci\u00e1lne ed\u00edcie Black a White modelu Civic Type R vych\u00e1dzaj\u00fa z v\u00fdbavy GT tejto vlajkovej lode<br \/>\n<\/strong><strong>K dispoz\u00edcii na Slovensku od augusta 2016<\/strong><\/p>\n<p>&nbsp;<\/p>\n<p>Spolo\u010dnos\u0165 Honda predstavila dve atrakt\u00edvne \u0161peci\u00e1lne ed\u00edcie svojho rekordn\u00e9ho* v\u00fdkonn\u00e9ho hatchbacku Civic Type R. Verzie Black Edition a White Edition k u\u017e ve\u013ekorysej \u0161tandardnej v\u00fdbave prid\u00e1vaj\u00fa \u0161tylistick\u00e9 vylep\u0161enia a unik\u00e1tne vyhotovenie interi\u00e9ru.<\/p>\n<p style=\"text-align: center;\"><img loading=\"lazy\" decoding=\"async\" class=\"aligncenter\" src=\"http:\/\/slovaklinesmagazin.sk\/cms\/wp-content\/uploads\/2016\/08\/2KRR16CONFIGCRYSTBLKKG_FR_BLKEDT.jpg\" alt=\"In Drve magaz\u00edn Slovak Lines odpor\u00fa\u010da\" width=\"855\" height=\"481\" \/><\/p>\n<p>Tieto ed\u00edcie, ktor\u00e9 vych\u00e1dzaj\u00fa zo \u0161pi\u010dkovej \u00farovne v\u00fdbavy GT tohto \u201epretek\u00e1rskeho vozidla pre ka\u017ed\u00e9ho\u201c, obsahuj\u00fa v\u00fdrazn\u00e9 \u010derven\u00e9 prvky na prednom i zadnom spojleri a vyhotovenie krytov sp\u00e4tn\u00fdch zrkadiel a bo\u010dn\u00fdch kr\u00eddel spojlera v unik\u00e1tnej metalickej farbe Rally Red.<\/p>\n<p>Pri Black Edition s\u00fa \u0161irok\u00fd predn\u00fd spojler, zn\u00ed\u017een\u00e9 bo\u010dn\u00e9 prahy, zadn\u00fd dif\u00fazor a\u00a019-palcov\u00e9 koles\u00e1 z \u013eahkej zliatiny vyhotoven\u00e9 v lesklej \u010diernej farbe, zatia\u013e \u010do zvy\u0161ok vozidla je lakovan\u00fd \u010diernou perle\u0165ovou farbou Crystal Black Pearl. Verzia White Edition si zachov\u00e1va leskl\u00fd \u010dierny zadn\u00fd dif\u00fazor, ale predn\u00fd spojler, prahov\u00e9 li\u0161ty a koles\u00e1 s\u00fa spolo\u010dne so zvy\u0161kom karos\u00e9rie zladen\u00e9 v zn\u00e1mej bielej farbe Honda Championship White.<\/p>\n<p style=\"text-align: center;\"><img loading=\"lazy\" decoding=\"async\" class=\"aligncenter\" src=\"http:\/\/slovaklinesmagazin.sk\/cms\/wp-content\/uploads\/2016\/08\/2KRR16CONFIGCRYSTBLKKG_FR34_BLKEDT.jpg\" alt=\"In Drve magaz\u00edn odpor\u00fa\u010da\" width=\"853\" height=\"480\" \/><br \/>\n<img loading=\"lazy\" decoding=\"async\" class=\"aligncenter\" src=\"http:\/\/slovaklinesmagazin.sk\/cms\/wp-content\/uploads\/2016\/08\/2KRR16CONFIGCHAMPWHTKG_RR34_WHTEDT.jpg\" alt=\"In Drive magaz\u00edn Slovak Lines odpor\u00fa\u010da\" width=\"867\" height=\"488\" \/><\/p>\n<p>V interi\u00e9ri s\u00fa sedadl\u00e1 oboch \u0161peci\u00e1lnych ed\u00edci\u00ed \u010dal\u00fanen\u00e9 semi\u0161ovou \u010diernou tkaninou s \u010derven\u00fdmi akcentmi a s dvojit\u00fdmi \u0161vami. V\u00fdstupy vetrania s\u00fa lemovan\u00e9 charakteristick\u00fdmi \u010derven\u00fdmi doplnkami. Bohat\u00e1 \u0161tandardn\u00e1 v\u00fdbava zah\u0155\u0148a dvojz\u00f3nov\u00fa klimatiz\u00e1ciu, multimedi\u00e1lny syst\u00e9m Honda CONNECT so satelitnou navig\u00e1ciou Garmin, pr\u00e9miov\u00fd audiosyst\u00e9m s CD prehr\u00e1va\u010dom, \u00f4smimi reproduktormi a s v\u00fdkonom 212 W, sveteln\u00fd senzor na automatick\u00e9 rozsvietenie svetlometov, da\u017e\u010fov\u00fd senzor plus predn\u00e9 a zadn\u00e9 parkovacie senzory.<\/p>\n<p>Verzie Type R Black Edition a White Edition s\u00fa tie\u017e vybaven\u00e9 pokro\u010dil\u00fdm syst\u00e9mom podpory riadenia Honda (ADAS). Tento komplexn\u00fd s\u00fabor bezpe\u010dnostn\u00fdch technol\u00f3gi\u00ed zah\u0155\u0148a varovanie pred \u010delnou zr\u00e1\u017ekou, varovanie pred ne\u00famyseln\u00fdm opusten\u00edm jazdn\u00e9ho pruhu, automatick\u00e9 prep\u00ednanie dia\u013ekov\u00fdch svetiel, detekciu objektov v m\u0155tvom uhle, asistenta na c\u00favanie z parkovacieho miesta a rozpozn\u00e1vanie dopravn\u00fdch zna\u010diek.<\/p>\n<p>Predaj modelov Honda Civic Type R Black Edition a White Edition sa za\u010dne od <strong>22.8.2016 <\/strong>za cenu v\u00fdbavy GT<strong>.<\/strong><\/p>\n<p>&nbsp;<\/p>\n<p style=\"text-align: center;\"><img loading=\"lazy\" decoding=\"async\" class=\"aligncenter\" src=\"http:\/\/slovaklinesmagazin.sk\/cms\/wp-content\/uploads\/2016\/08\/2KRR2016CARCONFIGINT_LTDEDT.jpg\" alt=\"In Drive magaz\u00edn Slovak Lines odpor\u00fa\u010da\" width=\"1067\" height=\"694\" \/><\/p>\n<p>* V j\u00fani 2016 zna\u010dka Honda splnila svoj cie\u013e dosiahnu\u0165 s modelom Civic Type R rekordn\u00e9 \u010dasy na odjazden\u00e9 kolo medzi produk\u010dn\u00fdmi vozidlami s pohonom predn\u00fdch kolies na piatich legend\u00e1rnych eur\u00f3pskych pretek\u00e1rskych okruhoch. V\u010faka nov\u00e9mu 2-litrov\u00e9mu motoru VTEC TURBO \u2013 ktor\u00fd sa vyzna\u010duje vy\u0161\u0161\u00edm v\u00fdkonom, to\u010div\u00fdm momentom a lep\u0161ou odozvou ako pri v\u0161etk\u00fdch predch\u00e1dzaj\u00facich modeloch Type R \u2013 dosiahol \u0161tandardn\u00fd produk\u010dn\u00fd model Civic Type R v apr\u00edli prv\u00fd rekordn\u00fd \u010das na okruhu Silverstone Grand Prix. Potom nasledovali rekordn\u00e9 \u010dasy medzi produk\u010dn\u00fdmi vozidlami s pohonom predn\u00fdch kolies na okruhoch Spa Francorchamps v Belgicku, Monza v Taliansku, Estoril v Portugalsku a na ma\u010farskom Hungaroringu.<\/p>\n","protected":false},"excerpt":{"rendered":"<p>Spolo\u010dnos\u0165 Honda predstavila \u0161peci\u00e1lne ed\u00edcie Civic Type R Black a White \u0160peci\u00e1lne ed\u00edcie Black a White modelu Civic Type R vych\u00e1dzaj\u00fa z v\u00fdbavy GT tejto vlajkovej lode K dispoz\u00edcii na Slovensku od augusta 2016 &nbsp; Spolo\u010dnos\u0165 Honda predstavila dve atrakt\u00edvne \u0161peci\u00e1lne ed\u00edcie svojho rekordn\u00e9ho* v\u00fdkonn\u00e9ho hatchbacku Civic Type R. Verzie Black Edition a White Edition [&hellip;]<\/p>\n","protected":false},"author":7,"featured_media":75170,"comment_status":"closed","ping_status":"closed","sticky":false,"template":"","format":"standard","meta":{"footnotes":""},"categories":[4,45,11,50,14,42],"tags":[],"class_list":["post-75169","post","type-post","status-publish","format-standard","has-post-thumbnail","hentry","category-automobily","category-nas-tip","category-news","category-radim-vam","category-sport","category-tech","eq-blocks"],"_links":{"self":[{"href":"https:\/\/www.slovaklinesmagazin.sk\/cms\/wp-json\/wp\/v2\/posts\/75169","targetHints":{"allow":["GET"]}}],"collection":[{"href":"https:\/\/www.slovaklinesmagazin.sk\/cms\/wp-json\/wp\/v2\/posts"}],"about":[{"href":"https:\/\/www.slovaklinesmagazin.sk\/cms\/wp-json\/wp\/v2\/types\/post"}],"author":[{"embeddable":true,"href":"https:\/\/www.slovaklinesmagazin.sk\/cms\/wp-json\/wp\/v2\/users\/7"}],"replies":[{"embeddable":true,"href":"https:\/\/www.slovaklinesmagazin.sk\/cms\/wp-json\/wp\/v2\/comments?post=75169"}],"version-history":[{"count":2,"href":"https:\/\/www.slovaklinesmagazin.sk\/cms\/wp-json\/wp\/v2\/posts\/75169\/revisions"}],"predecessor-version":[{"id":75176,"href":"https:\/\/www.slovaklinesmagazin.sk\/cms\/wp-json\/wp\/v2\/posts\/75169\/revisions\/75176"}],"wp:featuredmedia":[{"embeddable":true,"href":"https:\/\/www.slovaklinesmagazin.sk\/cms\/wp-json\/wp\/v2\/media\/75170"}],"wp:attachment":[{"href":"https:\/\/www.slovaklinesmagazin.sk\/cms\/wp-json\/wp\/v2\/media?parent=75169"}],"wp:term":[{"taxonomy":"category","embeddable":true,"href":"https:\/\/www.slovaklinesmagazin.sk\/cms\/wp-json\/wp\/v2\/categories?post=75169"},{"taxonomy":"post_tag","embeddable":true,"href":"https:\/\/www.slovaklinesmagazin.sk\/cms\/wp-json\/wp\/v2\/tags?post=75169"}],"curies":[{"name":"wp","href":"https:\/\/api.w.org\/{rel}","templated":true}]}}