{"id":75246,"date":"2016-08-25T11:34:34","date_gmt":"2016-08-25T09:34:34","guid":{"rendered":"http:\/\/slovaklinesmagazin.sk\/cms\/?p=75246"},"modified":"2016-08-25T11:34:34","modified_gmt":"2016-08-25T09:34:34","slug":"slavnosti-vina-sa-zacinaju-za-kralovskym-mokom-sa-vydajte-do-ceskej-republiky","status":"publish","type":"post","link":"https:\/\/www.slovaklinesmagazin.sk\/cms\/2016\/08\/slavnosti-vina-sa-zacinaju-za-kralovskym-mokom-sa-vydajte-do-ceskej-republiky\/","title":{"rendered":"Sl\u00e1vnosti v\u00edna sa za\u010d\u00ednaj\u00fa: Za kr\u00e1\u013eovsk\u00fdm mokom sa vydajte do \u010ceskej republiky!"},"content":{"rendered":"<p><strong>Jese\u0148 v\u00a0\u010ceskej republike prebieha ka\u017edoro\u010dne v\u00a0duchu sl\u00e1vnost\u00ed v\u00edna a vinobran\u00ed, oslavuj\u00facich prv\u00e9 v\u00edna z\u00a0tohtoro\u010dn\u00e9ho zberu. Ktor\u00e9 zauj\u00edmav\u00e9 podujatie si vyberiete vy?<\/strong><\/p>\n<h2>\u00a0Slov\u00e1cke sl\u00e1vnosti v\u00edna a otvoren\u00fdch pamiatok 2016<\/h2>\n<ol start=\"10\">\n<li>\u2013 11. septembra 2016<\/li>\n<\/ol>\n<p>\u010eal\u0161\u00ed ro\u010dn\u00edk Slov\u00e1ckych sl\u00e1vnosti v\u00edna a otvoren\u00fdch pamiatok sa uskuto\u010dn\u00ed v septembri v <a href=\"http:\/\/www.kudyznudy.cz\/kam-pojedete\/vychodni-morava\/slovacko\/uherske-hradiste.aspx\">Uherskom Hradi\u0161ti<\/a>. Prehliadka kult\u00farneho dedi\u010dstva regi\u00f3nu bude ma\u0165 op\u00e4\u0165 v ponuke pln\u00fa n\u00e1ru\u010d folkl\u00f3ru, v\u00edna, remesiel a z\u00e1bavy pre cel\u00fa rodinu. Reprezentat\u00edvnych n\u00e1rodopisn\u00fdch sl\u00e1vnost\u00ed sa z\u00fa\u010dastn\u00ed viac ne\u017e \u0161es\u0165desiat miest a obc\u00ed z cel\u00e9ho <a href=\"http:\/\/www.kudyznudy.cz\/kam-pojedete\/jizni-morava\/slovacko.aspx\">Slov\u00e1cka<\/a>. Sl\u00e1vnosti sa ofici\u00e1lne za\u010d\u00ednaj\u00fa u\u017e v\u00a0piatok, kedy sa o\u00a020. hodine predstav\u00ed na Masarykovom n\u00e1mest\u00ed mikroregi\u00f3n Buchlov. Sobotn\u00fd program od\u0161tartuje o\u00a09. hodine, ke\u010f mestom vyraz\u00ed krojovan\u00fd sprievod. Potom si u\u017e m\u00f4\u017eete u\u017e\u00edva\u0165 vyst\u00fapenia desiatok folkl\u00f3rnych s\u00faborov, cimbalov\u00fdch muz\u00edk i dychov\u00fdch kapiel. M\u00f4\u017eete nav\u0161t\u00edvi\u0165 aj ve\u013ek\u00fd jarmok \u013eudov\u00fdch remesiel, atrakcie pre deti a mno\u017estvo pamiatok v meste a okol\u00ed, ktor\u00e9 pri tejto pr\u00edle\u017eitosti pon\u00faknu vstup zadarmo.<\/p>\n<p style=\"text-align: center;\">\n<h2>\u00a0Znojemsk\u00e9 historick\u00e9 vinobranie<\/h2>\n<ol start=\"16\">\n<li>\u2013 18. septembra 2016<\/li>\n<\/ol>\n<p>Ve\u013ekolep\u00e1 historick\u00e1 sl\u00e1vnos\u0165, rytierske turnaje, historick\u00e9 tr\u017enice s uk\u00e1\u017ekami remesiel, vojensk\u00e9 t\u00e1bory, uli\u010dka chudobn\u00fdch, kult\u00farny program na 11 sc\u00e9nach. <a href=\"http:\/\/www.kudyznudy.cz\/aktivity-a-akce\/akce\/znojemske-historicke-vinobrani-(3).aspx\">Znojemsk\u00e9 historick\u00e9 vinobranie<\/a> op\u00e4\u0165 o\u017eiv\u00ed juhomoravsk\u00e9 mesto, ktor\u00e9 je presl\u00e1ven\u00e9 nielen v\u00ednom, ale i rozsiahlymi <a href=\"http:\/\/www.kudyznudy.cz\/aktivity-a-akce\/aktivity\/tajemne-znojemske-podzemi.aspx\">podzemn\u00fdmi priestormi<\/a>. \u00dastrednou postavou vinobrania bude kr\u00e1\u013e J\u00e1n Luxembursk\u00fd, otec sl\u00e1vneho cis\u00e1ra Karla IV., ktor\u00e9ho 700. v\u00fdro\u010die narodenia oslavuje tohto roku cel\u00e9 \u010cesko. Kr\u00e1\u013e J\u00e1n pri\u0161iel do <a href=\"http:\/\/www.kudyznudy.cz\/kam-pojedete\/jizni-morava\/znojemsko-a-podyji\/znojmo.aspx\">Znojma<\/a> v roku 1327 zapi\u0165 vydaren\u00e9 \u0161t\u00e1tnick\u00e9 rokovanie vo Vratislavi. Mesto pre\u0148 vtedy pripravilo bohat\u00fd program a jeho \u010driepky m\u00f4\u017eete uvidie\u0165 v\u00a0polovici septembra. Nebude ch\u00fdba\u0165 ani historick\u00fd sprievod s\u00a0panovn\u00edkom na\u00a0\u010dele, m\u00f4\u017eete sa te\u0161i\u0165 aj na hudobn\u00e9 i divadeln\u00e9 vyst\u00fapenia \u010di oh\u0148ov\u00fa show. A k\u00a0tomu v\u0161etk\u00e9mu budete ur\u010dite pop\u00edja\u0165 vynikaj\u00face v\u00edno a sl\u00e1vny \u010desk\u00fd bur\u010diak \u2013 \u010diasto\u010dne skvasen\u00fd mu\u0161t z\u00a0v\u00ednnej r\u00e9vy.<\/p>\n<h2>\u00a0XX. Karl\u0161tejnsk\u00e9 vinobranie<\/h2>\n<ol start=\"24\">\n<li>\u2013 25. septembra 2016<\/li>\n<\/ol>\n<p>P\u00e1\u010di sa v\u00e1m stredovek? Na stredo\u010deskom hrade <a href=\"http:\/\/www.kudyznudy.cz\/Aktivity-a-akce\/Aktivity\/Karlstejn---za-mistrem-Theodorikem-i-Otcem-vlasti.aspx\">Karl\u0161tejn<\/a> sa m\u00f4\u017eete prenies\u0165 do doby vl\u00e1dy r\u00edmskeho cis\u00e1ra a \u010desk\u00e9ho kr\u00e1\u013ea Karola IV. Tento panovn\u00edk so svojou man\u017eelkou Eli\u0161kou Pomo\u0159anskou &#8211; samozrejme v\u00a0prestrojen\u00ed &#8211; a cel\u00fdm cis\u00e1rskym dvorom dokonca po\u010das posledn\u00e9ho septembrov\u00e9ho v\u00edkendu nav\u0161t\u00edvi svoj hrad a otvor\u00ed tohtoro\u010dn\u00e9 jubilejn\u00e9 <a href=\"http:\/\/www.kudyznudy.cz\/aktivity-a-akce\/akce\/karlstejnske-vinobrani-(3).aspx\">Karl\u0161tejnsk\u00e9 vinobranie<\/a>. V\u00a0sobotu i v\u00a0nede\u013eu o 13:30 uvid\u00edte historick\u00fd sprievod s\u00a0vyst\u00fapen\u00edm stredovek\u00fdch rytierov, dvorn\u00fdch kaukliarov a m\u00e1gov. M\u00f4\u017eete sa te\u0161i\u0165 aj na prehliadku gotick\u00e9ho odievania a dobov\u00fdch tancov. Nebude ch\u00fdba\u0165 ani historick\u00fd jarmok s\u00a0uk\u00e1\u017ekami dobov\u00fdch remesiel, ochutn\u00e1vka karl\u0161tejnsk\u00fdch v\u00edn i kulin\u00e1rskych \u0161pecial\u00edt a historick\u00fd program pre deti. M\u00f4\u017eete sa necha\u0165 doviez\u0165 i historick\u00fdm parn\u00fdm vlakom z\u00a0n\u00e1dra\u017eia Praha-Sm\u00edchov, alebo sa z\u00fa\u010dastni\u0165 na okru\u017enej plavbe po Berounke karl\u0161tejnsk\u00fdm podhrad\u00edm. Pokia\u013e by v\u00e1m to v\u0161etko nesta\u010dilo, vydajte sa na Karl\u0161tejn znovu &#8211; 11. novembra, kedy sa tu uskuto\u010dn\u00ed tradi\u010dn\u00fd Sv\u00e4tomartinsk\u00fd ko\u0161t, \u010di\u017ee ochutn\u00e1vka prv\u00fdch tohtoro\u010dn\u00fdch v\u00edn s jemnou, mierne \u0161umivou ovocnou chu\u0165ou, ktor\u00e9 sa otv\u00e1raj\u00fa pr\u00e1ve na sviatok sv. Martina.<\/p>\n<p style=\"text-align: center;\"><img decoding=\"async\" class=\"aligncenter\" src=\"http:\/\/slovaklinesmagazin.sk\/cms\/wp-content\/uploads\/2016\/08\/Karl\u0161tejnsk\u00e9-vinobran\u00ed-1-1024x683.jpg\" alt=\"Karl\u0161tejnsk\u00e9 vinobran\u00ed \" \/>Karl\u0161tejnsk\u00e9 vinobran\u00ed<\/p>\n<p style=\"text-align: center;\"><img decoding=\"async\" class=\"aligncenter\" src=\"http:\/\/slovaklinesmagazin.sk\/cms\/wp-content\/uploads\/2016\/08\/Karl\u0161tejnsk\u00e9-vinobran\u00ed-2-1024x683.jpg\" alt=\"Karl\u0161tejnsk\u00e9 vinobran\u00ed (2)\" \/>Karl\u0161tejnsk\u00e9 vinobranie<\/p>\n<p style=\"text-align: center;\"><img decoding=\"async\" class=\"aligncenter\" src=\"http:\/\/slovaklinesmagazin.sk\/cms\/wp-content\/uploads\/2016\/08\/Karl\u0161tejnsk\u00e9-vinobran\u00ed-3-1024x683.jpg\" alt=\"Karl\u0161tejnsk\u00e9 vinobran\u00ed (3)\" \/>Karl\u0161tejnsk\u00e9 vinobranie<\/p>\n<p style=\"text-align: center;\">\u00a0<img decoding=\"async\" class=\"aligncenter\" src=\"http:\/\/slovaklinesmagazin.sk\/cms\/wp-content\/uploads\/2016\/08\/Karl\u0161tejnsk\u00e9-vinobran\u00ed-4-1024x683.jpg\" alt=\"Karl\u0161tejnsk\u00e9 vinobran\u00ed (4)\" \/>Karl\u0161tejnsk\u00e9 vinobran\u00ed<\/p>\n<h2>\u00a0Valtick\u00e9 vinobranie 2016<\/h2>\n<ol start=\"30\">\n<li>septembra \u2013 1.okt\u00f3bra 2016<\/li>\n<\/ol>\n<p>Najfolkl\u00f3rnej\u0161ie vinobranie na Morave. Tak znie pr\u00edvlastok Valtick\u00e9ho vinobrania, ktor\u00e9 sa ka\u017edoro\u010dne kon\u00e1 v\u00a0juhomoravskom meste <a href=\"http:\/\/www.kudyznudy.cz\/kam-pojedete\/jizni-morava\/palava-a-lednicko-valticky-areal\/valtice.aspx\">Valtice<\/a>. V\u00a0piatok od\u00a019. hodiny sa m\u00f4\u017eete z\u00fa\u010dastni\u0165 na Kult\u00farnom gastrove\u010dere, na ktorom nebud\u00fa ch\u00fdba\u0165 dobr\u00e9 jedlo, v\u00edno, bur\u010diak, ani cimbalov\u00e1 muzika. Hlavn\u00fd program v\u0161ak od\u0161tartuje a\u017e v\u00a0sobotu o\u00a010. hodine, a vyst\u00fapi v\u00a0\u0148om viacero miestnych folkl\u00f3rnych s\u00faborov; m\u00f4\u017eete sa ale te\u0161i\u0165 i na modern\u00fa hudbu a samozrejme na v\u00edno, ktor\u00e9 pote\u010die pr\u00fadom po cel\u00fd v\u00edkend. Po ochutn\u00e1vke vynikaj\u00faceho moravsk\u00e9ho v\u00edna sa ur\u010dite vydajte aj do ne\u010falek\u00e9ho <a href=\"http:\/\/www.kudyznudy.cz\/aktivity-a-akce\/aktivity\/pamatky-a-priroda-lednicko-valtickeho-arealu.aspx\">Lednicko-valtick\u00e9ho are\u00e1lu<\/a>, ktor\u00fd je v\u010faka jedine\u010dn\u00e9mu prepojeniu z\u00e1mock\u00e9ho komplexu a krajiny zaraden\u00fd do zoznamu UNESCO.<\/p>\n<h2>\u00a0Sv\u00e4tomartinsk\u00fd ko\u0161t Brno<\/h2>\n<ol start=\"11\">\n<li>novembra 2016<\/li>\n<\/ol>\n<p>Do <a href=\"http:\/\/www.kudyznudy.cz\/kam-pojedete\/jizni-morava\/brno-a-okoli\/brno.aspx\">Brna<\/a> sa vydajte za v\u00ednom 11. novembra, kedy sa tu kon\u00e1 tradi\u010dn\u00fd <a href=\"http:\/\/www.kudyznudy.cz\/aktivity-a-akce\/akce\/svatomartinsky-kost-v-brne.aspx\">Sv\u00e4tomartinsk\u00fd ko\u0161t<\/a>. Najv\u00e4\u010d\u0161ej ochutn\u00e1vke sv\u00e4tomartinsk\u00fdch v\u00edn predch\u00e1dza sl\u00e1vnostn\u00e9 po\u017eehnanie v katedr\u00e1le sv. Petra a Pavla na Petrove, odkia\u013e sa i\u00a0tohto roku vyd\u00e1 sprievod na \u010dele so sv\u00e4t\u00fdm Martinom cez centrum mesta a\u017e na n\u00e1mestie Slobody. Sl\u00e1vnostn\u00e9 otvorenie prvej f\u013ea\u0161e sa uskuto\u010dn\u00ed o\u00a011. hodine. Ochutn\u00e1va\u0165 sa bude ako ka\u017edoro\u010dne 100 druhov sv\u00e4tomartinsk\u00fdch v\u00edn, od pr\u00edtomn\u00fdch vin\u00e1rov je mo\u017en\u00e9 zak\u00fapi\u0165 i cel\u00e9 f\u013ea\u0161e. Ka\u017ed\u00fd n\u00e1v\u0161tevn\u00edk dostane v cene vstupn\u00e9ho degusta\u010dn\u00fd poh\u00e1r, katal\u00f3g vzoriek a nieko\u013eko degusta\u010dn\u00fdch minc\u00ed. Na po\u010d\u00favanie bude hra\u0165 cimbalov\u00e1 muzika.<\/p>\n<h2><\/h2>\n<h2>Festival v\u00edna \u010cesk\u00fd Krumlov<\/h2>\n<ol start=\"21\">\n<li>okt\u00f3bra \u2013 26. novembra 2016<\/li>\n<\/ol>\n<p><a href=\"http:\/\/www.kudyznudy.cz\/kam-pojedete\/jizni-cechy\/jizni-cechy\/cesky-krumlov.aspx\">\u010cesk\u00fd Krumlov<\/a> i\u00a0tento rok otvor\u00ed vin\u00e1rsku sez\u00f3nu u\u017e 21. okt\u00f3bra tradi\u010dnou v\u00fdsadbou vini\u010da a sl\u00e1vnostn\u00fdm ve\u010derom, ktor\u00fdm sa od\u0161tartuje <a href=\"http:\/\/www.kudyznudy.cz\/aktivity-a-akce\/akce\/svatomartinske-hodovani-v-ceskem-krumlove.aspx\">Festival v\u00edna<\/a>. V\u00a0programe nebude ch\u00fdba\u0165 Sl\u00e1vnostn\u00e9 otvorenie Sv\u00e4tomartinsk\u00e9ho v\u00edna, ktor\u00e9 sa bude kona\u0165 v\u00a0sobotu 11. novembra o\u00a011 hodine a 11 min\u00fate priamo na \u010deskokrumlovskom n\u00e1mest\u00ed Svornosti. Z\u00e1vere\u010dn\u00fdm vrcholom cel\u00e9ho vinobrania je Z\u00e1mock\u00e1 sl\u00e1vnos\u0165 v\u00edna spojen\u00e1 s ochutn\u00e1vkou tuzemsk\u00fdch i zahrani\u010dn\u00fdch v\u00edn, ktor\u00e1 sa uskuto\u010dn\u00ed 19. novembra. Po cel\u00fd november si potom m\u00f4\u017eete v\u00a0miestnych re\u0161taur\u00e1ci\u00e1ch vychutna\u0165 nielen svie\u017ee mlad\u00e9 sv\u00e4tomartinsk\u00e9 v\u00edno, ale aj \u0161peci\u00e1lne menu so sv\u00e4tomartinskou husou.<\/p>\n<p style=\"text-align: center;\"><img decoding=\"async\" class=\"aligncenter\" src=\"http:\/\/slovaklinesmagazin.sk\/cms\/wp-content\/uploads\/2016\/08\/Festival-v\u00edna-\u010cesk\u00fd-Krumlov-\u00ae-Foto-Jan-Schinko-3-1024x696.jpg\" alt=\"Festival v\u00edna \u010cesk\u00fd Krumlov \u00ae  Foto Jan Schinko (3)\" \/>Festival v\u00edna \u010cesk\u00fd Krumlov \u00ae \u00a0Foto Jan Schinko<\/p>\n<p style=\"text-align: center;\"><img decoding=\"async\" class=\"aligncenter\" src=\"http:\/\/slovaklinesmagazin.sk\/cms\/wp-content\/uploads\/2016\/08\/Festival-v\u00edna-\u010cesk\u00fd-Krumlov-\u00ae-Foto-Jan-Schinko-2-1024x730.jpg\" alt=\"Festival v\u00edna \u010cesk\u00fd Krumlov \u00ae  Foto Jan Schinko (2)\" \/>Festival v\u00edna \u010cesk\u00fd Krumlov \u00ae \u00a0Foto Jan Schinko<\/p>\n<p style=\"text-align: center;\">\n<img decoding=\"async\" class=\"aligncenter\" src=\"http:\/\/slovaklinesmagazin.sk\/cms\/wp-content\/uploads\/2016\/08\/Festival-v\u00edna-\u010cesk\u00fd-Krumlov-\u00ae-Foto-Jan-Schinko-1-755x1024.jpg\" alt=\"Festival v\u00edna \u010cesk\u00fd Krumlov \u00ae  Foto Jan Schinko (1)\" \/>Festival v\u00edna \u010cesk\u00fd Krumlov \u00ae \u00a0Foto Jan Schinko<\/p>\n<p>&nbsp;<\/p>\n<h2>P\u00e1lavsk\u00e9 vinobranie<\/h2>\n<ol start=\"9\">\n<li>\u2013 11. september 2016<\/li>\n<\/ol>\n<p>Druh\u00fd septembrov\u00fd v\u00edkend tradi\u010dne l\u00e1ka k\u00a0n\u00e1v\u0161teve <a href=\"http:\/\/www.kudyznudy.cz\/Kam-pojedete\/Jizni-Morava\/Palava-a-Lednicko-valticky-areal\/Mikulov.aspx\">Mikulova<\/a>, ktor\u00fd sa premen\u00ed na\u00a0historick\u00e9 mesto pln\u00e9 remesiel, historick\u00fdch sprievodov a ch\u00fdba\u0165 nebud\u00fa ani ochutn\u00e1vky v\u00edn, bur\u010diaku a gastronomick\u00fdch \u0161pecial\u00edt. Pre n\u00e1v\u0161tevn\u00edkov P\u00e1lavsk\u00e9ho vinobrania je pripraven\u00e1 pochod\u0148ov\u00e1 show, prehliadka krojov a vyst\u00fapenia n\u00e1rodopisn\u00fdch s\u00faborov. Cel\u00e9 dianie na vinobran\u00ed bude pr\u00edjemne sprev\u00e1dza\u0165 cimb\u00e1lov\u00e1 muzika a dychov\u00e1 hudba. O sprievodn\u00fd program sa postaraj\u00fa hviezdy \u010deskej a slovenskej hudobnej sc\u00e9ny, medzi ktor\u00e9 patr\u00ed kapela Slza, David Koller, Chinaski, The Tap Tap, ale i Pavel \u0160porcl \u010di Spiritu\u00e1l kvintet. Po\u010das cel\u00e9ho vinobrania bude v\u00a0hlavnej s\u00e1le z\u00e1mku Valtice prebieha\u0165 prest\u00ed\u017ena v\u00fdstava N\u00e1rodnej s\u00fa\u0165a\u017ee v\u00edn.<\/p>\n<p style=\"text-align: center;\"><img decoding=\"async\" class=\"aligncenter\" src=\"http:\/\/slovaklinesmagazin.sk\/cms\/wp-content\/uploads\/2016\/08\/P\u00e1lavsk\u00e9-vinobr\u00e1n\u00ed-1.jpg\" alt=\"P\u00e1lavsk\u00e9 vinobranie\" \/>P\u00e1lavsk\u00e9 vinobranie<\/p>\n<p style=\"text-align: center;\">\n<img decoding=\"async\" class=\"aligncenter\" src=\"http:\/\/slovaklinesmagazin.sk\/cms\/wp-content\/uploads\/2016\/08\/P\u00e1lavsk\u00e9-vinobr\u00e1n\u00ed-2.jpg\" alt=\"P\u00e1lavsk\u00e9 vinobr\u00e1n\u00ed (2)\" \/>P\u00e1lavsk\u00e9 vinobranie<\/p>\n<p style=\"text-align: center;\">\n<img decoding=\"async\" class=\"aligncenter\" src=\"http:\/\/slovaklinesmagazin.sk\/cms\/wp-content\/uploads\/2016\/08\/P\u00e1lavsk\u00e9-vinobr\u00e1n\u00ed-3.jpg\" alt=\"P\u00e1lavsk\u00e9 vinobr\u00e1n\u00ed (3)\" \/>P\u00e1lavsk\u00e9 vinobranie<\/p>\n<p style=\"text-align: center;\">\n<img decoding=\"async\" class=\"aligncenter\" src=\"http:\/\/slovaklinesmagazin.sk\/cms\/wp-content\/uploads\/2016\/08\/P\u00e1lavsk\u00e9-vinobr\u00e1n\u00ed-4.jpg\" alt=\"P\u00e1lavsk\u00e9 vinobr\u00e1n\u00ed (4)\" \/>P\u00e1lavsk\u00e9 vinobranie<\/p>\n<p style=\"text-align: center;\">\n<p style=\"text-align: center;\"><img decoding=\"async\" class=\"aligncenter\" src=\"http:\/\/slovaklinesmagazin.sk\/cms\/wp-content\/uploads\/2016\/08\/P\u00e1lavsk\u00e9-vinobr\u00e1n\u00ed-5.jpg\" alt=\"P\u00e1lavsk\u00e9 vinobr\u00e1n\u00ed (5)\" \/>P\u00e1lavsk\u00e9 vinobranie<\/p>\n<h2>M\u011blnick\u00e9 vinobranie<\/h2>\n<ol start=\"16\">\n<li>\u2013 18. september 2016<\/li>\n<\/ol>\n<p>Trojdenn\u00e9 sl\u00e1vnosti priate\u013eov v\u00edna, dobrej z\u00e1bavy a gastronomick\u00fdch \u0161pecial\u00edt maj\u00fa v\u00a0<a href=\"http:\/\/www.kudyznudy.cz\/Kam-pojedete\/Stredni-Cechy\/Stredni-Cechy-%E2%80%93-Polabi\/Melnik.aspx\">M\u011bln\u00edku<\/a> u\u017e viac ako storo\u010dn\u00fa trad\u00edciu. Pr\u00edjemn\u00fa atmosf\u00e9ru a bohat\u00fd program, na ktor\u00e9 M\u011blnick\u00e9 vinobranie l\u00e1ka miestnych obyvate\u013eov i \u0161irok\u00fa verejnos\u0165, si m\u00f4\u017eu n\u00e1v\u0161tevn\u00edci vychutna\u0165 nielen v\u00a0historickom centre, ale i na z\u00e1mku. Sprievodn\u00fd program utvor\u00ed dve hudobn\u00e9 sc\u00e9ny a program pre rodiny s\u00a0de\u0165mi v\u00a0podobe rozpr\u00e1vok, koncertov a kreat\u00edvnych dielni\u010diek. Ch\u00fdba\u0165 nebude ani tradi\u010dn\u00fd sobot\u0148aj\u0161\u00ed historick\u00fd sprievod na\u00a0\u010dele s\u00a0Karolom IV., ktor\u00fd v\u00fdznamne ovplyvnil rozvoj vin\u00e1rstva na M\u011blnicku. Z\u00e1vere\u010dnou bodkou sobotn\u00e9ho programu bude op\u00e4\u0165 ve\u010dern\u00fd oh\u0148ostroj.<\/p>\n<p style=\"text-align: center;\"><img decoding=\"async\" class=\"aligncenter\" src=\"http:\/\/slovaklinesmagazin.sk\/cms\/wp-content\/uploads\/2016\/08\/M\u011blnick\u00e9-vinobran\u00ed-1-1024x682.jpg\" alt=\"M\u011blnick\u00e9 vinobranie\" \/>M\u011blnick\u00e9 vinobranie<\/p>\n<p style=\"text-align: center;\">\n<img decoding=\"async\" class=\"aligncenter\" src=\"http:\/\/slovaklinesmagazin.sk\/cms\/wp-content\/uploads\/2016\/08\/M\u011blnick\u00e9-vinobran\u00ed-2-1024x682.jpg\" alt=\"M\u011blnick\u00e9 vinobran\u00ed 2\" \/>M\u011blnick\u00e9 vinobranie<\/p>\n<p style=\"text-align: center;\">\n<img decoding=\"async\" class=\"aligncenter\" src=\"http:\/\/slovaklinesmagazin.sk\/cms\/wp-content\/uploads\/2016\/08\/M\u011blnick\u00e9-vinobran\u00ed-3-1024x682.jpg\" alt=\"M\u011blnick\u00e9 vinobran\u00ed 3\" \/>M\u011blnick\u00e9 vinobranie<\/p>\n<p style=\"text-align: center;\">\n<img decoding=\"async\" class=\"aligncenter\" src=\"http:\/\/slovaklinesmagazin.sk\/cms\/wp-content\/uploads\/2016\/08\/M\u011blnick\u00e9-vinobran\u00ed-4-1024x682.jpg\" alt=\"M\u011blnick\u00e9 vinobran\u00ed 4\" \/>M\u011blnick\u00e9 vinobranie<\/p>\n<p>&nbsp;<\/p>\n<p><strong>Objavujte \u010cesko a vyberte si z\u00a0viac ako 40\u00a0000 mo\u017enost\u00ed, kde v\u00a0\u010cesku str\u00e1vi\u0165 v\u00edkend alebo dovolenku. In\u0161pirujte sa na str\u00e1nke\u00a0<\/strong><a href=\"https:\/\/owa.czechtourism.cz\/owa\/redir.aspx?C=Dw_C8zG5HkmGaMSRb6dz4rCnHaI2x9MIyCXbdCzH76qLAHI4fByzbytlkDKPlUakKMmV48P2ovg.&amp;URL=http%3a%2f%2fkudyznudy.cz%2f\">kudyznudy.cz<\/a><strong>!<\/strong><\/p>\n<p>&nbsp;<\/p>\n<p>Fotografia na titulke:\u00a0Vinny sklipek Foto: David Marvan, CzechTourism<\/p>\n","protected":false},"excerpt":{"rendered":"<p>Jese\u0148 v\u00a0\u010ceskej republike prebieha ka\u017edoro\u010dne v\u00a0duchu sl\u00e1vnost\u00ed v\u00edna a vinobran\u00ed, oslavuj\u00facich prv\u00e9 v\u00edna z\u00a0tohtoro\u010dn\u00e9ho zberu. Ktor\u00e9 zauj\u00edmav\u00e9 podujatie si vyberiete vy? \u00a0Slov\u00e1cke sl\u00e1vnosti v\u00edna a otvoren\u00fdch pamiatok 2016 \u2013 11. septembra 2016 \u010eal\u0161\u00ed ro\u010dn\u00edk Slov\u00e1ckych sl\u00e1vnosti v\u00edna a otvoren\u00fdch pamiatok sa uskuto\u010dn\u00ed v septembri v Uherskom Hradi\u0161ti. Prehliadka kult\u00farneho dedi\u010dstva regi\u00f3nu bude ma\u0165 op\u00e4\u0165 v [&hellip;]<\/p>\n","protected":false},"author":7,"featured_media":75263,"comment_status":"closed","ping_status":"closed","sticky":false,"template":"","format":"standard","meta":{"footnotes":""},"categories":[13,46,45,11,52,50,48],"tags":[],"class_list":["post-75246","post","type-post","status-publish","format-standard","has-post-thumbnail","hentry","category-real-estate","category-gastronomia","category-nas-tip","category-news","category-outdoor","category-radim-vam","category-umenie-a-kultura","eq-blocks"],"_links":{"self":[{"href":"https:\/\/www.slovaklinesmagazin.sk\/cms\/wp-json\/wp\/v2\/posts\/75246","targetHints":{"allow":["GET"]}}],"collection":[{"href":"https:\/\/www.slovaklinesmagazin.sk\/cms\/wp-json\/wp\/v2\/posts"}],"about":[{"href":"https:\/\/www.slovaklinesmagazin.sk\/cms\/wp-json\/wp\/v2\/types\/post"}],"author":[{"embeddable":true,"href":"https:\/\/www.slovaklinesmagazin.sk\/cms\/wp-json\/wp\/v2\/users\/7"}],"replies":[{"embeddable":true,"href":"https:\/\/www.slovaklinesmagazin.sk\/cms\/wp-json\/wp\/v2\/comments?post=75246"}],"version-history":[{"count":1,"href":"https:\/\/www.slovaklinesmagazin.sk\/cms\/wp-json\/wp\/v2\/posts\/75246\/revisions"}],"predecessor-version":[{"id":75264,"href":"https:\/\/www.slovaklinesmagazin.sk\/cms\/wp-json\/wp\/v2\/posts\/75246\/revisions\/75264"}],"wp:featuredmedia":[{"embeddable":true,"href":"https:\/\/www.slovaklinesmagazin.sk\/cms\/wp-json\/wp\/v2\/media\/75263"}],"wp:attachment":[{"href":"https:\/\/www.slovaklinesmagazin.sk\/cms\/wp-json\/wp\/v2\/media?parent=75246"}],"wp:term":[{"taxonomy":"category","embeddable":true,"href":"https:\/\/www.slovaklinesmagazin.sk\/cms\/wp-json\/wp\/v2\/categories?post=75246"},{"taxonomy":"post_tag","embeddable":true,"href":"https:\/\/www.slovaklinesmagazin.sk\/cms\/wp-json\/wp\/v2\/tags?post=75246"}],"curies":[{"name":"wp","href":"https:\/\/api.w.org\/{rel}","templated":true}]}}